{"id":6037,"date":"2021-10-01T12:12:14","date_gmt":"2021-10-01T10:12:14","guid":{"rendered":"https:\/\/www.vkpbratislava.sk\/?p=6037"},"modified":"2021-10-01T12:12:14","modified_gmt":"2021-10-01T10:12:14","slug":"potesit-divakov-a-vyhrat","status":"publish","type":"post","link":"https:\/\/www.vkpbratislava.sk\/?p=6037","title":{"rendered":"Pote\u0161i\u0165 div\u00e1kov a vyhra\u0165"},"content":{"rendered":"<p><strong>Po v\u00fdhre v\u00a0Pre\u0161ove s\u00fa volejbalistky VKP Bratislava dobre naladen\u00e9 a\u00a0pripraven\u00e9 zv\u00ed\u0165azi\u0165 aj v\u00a0dom\u00e1com stretnut\u00ed proti Trnave (sobota, 2. 10. o\u00a016.00 h).<\/strong><\/p>\n<p>Zverenkyne tr\u00e9nera Jaroslava Han\u010d\u00e1ka sa u\u017e nevedia do\u010dka\u0165 prv\u00e9ho dom\u00e1ceho stretnutia. V\u00a0\u00favodnom s\u00faboji extraligy vyhrali v\u00a0Pre\u0161ove, pri\u010dom nestratili ani set. \u201eUr\u010dite chceme vyhra\u0165 aj s\u00a0Trnavou a\u00a0prip\u00edsa\u0165 si \u010fal\u0161ie body. Viem, \u017ee to nebude jednoduch\u00e9, ke\u010f\u017ee st\u00e1le m\u00e1me nieko\u013eko zranen\u00fdch hr\u00e1\u010dok, \u010fal\u0161ie maj\u00fa zdravotn\u00e9 probl\u00e9my,\u201c prezradil tr\u00e9ner Han\u010d\u00e1k. \u201eZ\u00e1pas v\u00a0Pre\u0161ove uk\u00e1zal aj na\u0161e nedostatky. E\u0161te nie sme st\u00e1le v\u00a0kompletnom zlo\u017een\u00ed, \u010do zv\u00e4zuje ruky aj tr\u00e9nerom. Nem\u00f4\u017eeme sa e\u0161te \u00faplne zohra\u0165. V\u00a0r\u00e1mci na\u0161ich schopnost\u00ed na tom pracujeme a\u00a0sna\u017e\u00edme sa pripravi\u0165 \u010do najlep\u0161ie. Vieme, \u010do m\u00f4\u017eeme od Trnavy o\u010dak\u00e1va\u0165. Hrali sme s nimi pr\u00edpravn\u00fd z\u00e1pas, ale bud\u00fa v\u00a0inom zlo\u017een\u00ed, ke\u010f\u017ee sa posilnili o\u00a0nejak\u00e9 hr\u00e1\u010dky. Ver\u00edm, \u017ee budeme plni\u0165 taktick\u00e9 pokyny tr\u00e9nera,\u201c doplnila kapit\u00e1nka Andrea Snopkov\u00e1.<\/p>\n<p>Bude to prv\u00fd ostr\u00fd s\u00faboj na dom\u00e1cej palubovke, v\u00a0novej hale pri Dome \u0161portu. \u201eTe\u0161\u00edme sa na nov\u00fa halu a\u00a0kone\u010dne aj na div\u00e1kov. Ver\u00edm, \u017ee sa dobre priprav\u00edme a\u00a0prv\u00e9 na\u0161e vyst\u00fapenie doma bude \u00faspe\u0161n\u00e9,\u201c povedala sk\u00fasen\u00e1 Snopkov\u00e1. \u201eOdohrali sme tu u\u017e dva pr\u00edpravn\u00e9 z\u00e1pasy. Vyzer\u00e1 to, \u017ee sa n\u00e1m tu hr\u00e1 dobre, tak\u017ee v\u00a0tomto by nemal by\u0165 \u017eiadny probl\u00e9m. Ver\u00edm, \u017ee n\u00e1s pr\u00eddu povzbudi\u0165 \u013eudia a\u00a0bud\u00fa n\u00e1s hna\u0165 dopredu,\u201c za\u017eelal si tr\u00e9ner \u017eien Han\u010d\u00e1k.<\/p>\n<p>mb, foto: VKP<\/p>\n<p>&nbsp;<\/p>\n<p>&nbsp;<\/p>\n","protected":false},"excerpt":{"rendered":"<p>Po v\u00fdhre v\u00a0Pre\u0161ove s\u00fa volejbalistky VKP Bratislava dobre naladen\u00e9 a\u00a0pripraven\u00e9 zv\u00ed\u0165azi\u0165 aj v\u00a0dom\u00e1com stretnut\u00ed proti Trnave (sobota, 2. 10. o\u00a016.00 h).<\/p>\n","protected":false},"author":3,"featured_media":6043,"comment_status":"closed","ping_status":"open","sticky":false,"template":"","format":"standard","meta":{"_monsterinsights_skip_tracking":false,"_monsterinsights_sitenote_active":false,"_monsterinsights_sitenote_note":"","_monsterinsights_sitenote_category":0,"footnotes":""},"categories":[48],"tags":[],"class_list":["post-6037","post","type-post","status-publish","format-standard","has-post-thumbnail","hentry","category-zeny"],"yoast_head":"<!-- This site is optimized with the Yoast SEO plugin v25.6 - https:\/\/yoast.com\/wordpress\/plugins\/seo\/ -->\n<title>Pote\u0161i\u0165 div\u00e1kov a vyhra\u0165 - VK SLOVAN Bratislava<\/title>\n<meta name=\"robots\" content=\"index, follow, max-snippet:-1, max-image-preview:large, max-video-preview:-1\" \/>\n<link rel=\"canonical\" href=\"https:\/\/www.vkpbratislava.sk\/?p=6037\" \/>\n<meta property=\"og:locale\" content=\"sk_SK\" \/>\n<meta property=\"og:type\" content=\"article\" \/>\n<meta property=\"og:title\" content=\"Pote\u0161i\u0165 div\u00e1kov a vyhra\u0165 - VK SLOVAN Bratislava\" \/>\n<meta property=\"og:description\" content=\"Po v\u00fdhre v\u00a0Pre\u0161ove s\u00fa volejbalistky VKP Bratislava dobre naladen\u00e9 a\u00a0pripraven\u00e9 zv\u00ed\u0165azi\u0165 aj v\u00a0dom\u00e1com stretnut\u00ed proti Trnave (sobota, 2. 10. o\u00a016.00 h).\" \/>\n<meta property=\"og:url\" content=\"https:\/\/www.vkpbratislava.sk\/?p=6037\" \/>\n<meta property=\"og:site_name\" content=\"VK SLOVAN Bratislava\" \/>\n<meta property=\"article:published_time\" content=\"2021-10-01T10:12:14+00:00\" \/>\n<meta property=\"og:image\" content=\"https:\/\/www.vkpbratislava.sk\/wp-content\/uploads\/2021\/10\/IMG_8999-scaled.jpg\" \/>\n\t<meta property=\"og:image:width\" content=\"2560\" \/>\n\t<meta property=\"og:image:height\" content=\"1920\" \/>\n\t<meta property=\"og:image:type\" content=\"image\/jpeg\" \/>\n<meta name=\"author\" content=\"jenca\" \/>\n<meta name=\"twitter:card\" content=\"summary_large_image\" \/>\n<meta name=\"twitter:label1\" content=\"Autor\" \/>\n\t<meta name=\"twitter:data1\" content=\"jenca\" \/>\n\t<meta name=\"twitter:label2\" content=\"Predpokladan\u00fd \u010das \u010d\u00edtania\" \/>\n\t<meta name=\"twitter:data2\" content=\"2 min\u00faty\" \/>\n<script type=\"application\/ld+json\" class=\"yoast-schema-graph\">{\"@context\":\"https:\/\/schema.org\",\"@graph\":[{\"@type\":\"Article\",\"@id\":\"https:\/\/www.vkpbratislava.sk\/?p=6037#article\",\"isPartOf\":{\"@id\":\"https:\/\/www.vkpbratislava.sk\/?p=6037\"},\"author\":{\"name\":\"jenca\",\"@id\":\"https:\/\/www.vkpbratislava.sk\/#\/schema\/person\/7037e769f9515aa58493d1b5852c4c50\"},\"headline\":\"Pote\u0161i\u0165 div\u00e1kov a vyhra\u0165\",\"datePublished\":\"2021-10-01T10:12:14+00:00\",\"mainEntityOfPage\":{\"@id\":\"https:\/\/www.vkpbratislava.sk\/?p=6037\"},\"wordCount\":307,\"publisher\":{\"@id\":\"https:\/\/www.vkpbratislava.sk\/#organization\"},\"image\":{\"@id\":\"https:\/\/www.vkpbratislava.sk\/?p=6037#primaryimage\"},\"thumbnailUrl\":\"https:\/\/www.vkpbratislava.sk\/wp-content\/uploads\/2021\/10\/IMG_8999-scaled.jpg\",\"articleSection\":[\"\u017deny\"],\"inLanguage\":\"sk-SK\"},{\"@type\":\"WebPage\",\"@id\":\"https:\/\/www.vkpbratislava.sk\/?p=6037\",\"url\":\"https:\/\/www.vkpbratislava.sk\/?p=6037\",\"name\":\"Pote\u0161i\u0165 div\u00e1kov a vyhra\u0165 - VK SLOVAN Bratislava\",\"isPartOf\":{\"@id\":\"https:\/\/www.vkpbratislava.sk\/#website\"},\"primaryImageOfPage\":{\"@id\":\"https:\/\/www.vkpbratislava.sk\/?p=6037#primaryimage\"},\"image\":{\"@id\":\"https:\/\/www.vkpbratislava.sk\/?p=6037#primaryimage\"},\"thumbnailUrl\":\"https:\/\/www.vkpbratislava.sk\/wp-content\/uploads\/2021\/10\/IMG_8999-scaled.jpg\",\"datePublished\":\"2021-10-01T10:12:14+00:00\",\"breadcrumb\":{\"@id\":\"https:\/\/www.vkpbratislava.sk\/?p=6037#breadcrumb\"},\"inLanguage\":\"sk-SK\",\"potentialAction\":[{\"@type\":\"ReadAction\",\"target\":[\"https:\/\/www.vkpbratislava.sk\/?p=6037\"]}]},{\"@type\":\"ImageObject\",\"inLanguage\":\"sk-SK\",\"@id\":\"https:\/\/www.vkpbratislava.sk\/?p=6037#primaryimage\",\"url\":\"https:\/\/www.vkpbratislava.sk\/wp-content\/uploads\/2021\/10\/IMG_8999-scaled.jpg\",\"contentUrl\":\"https:\/\/www.vkpbratislava.sk\/wp-content\/uploads\/2021\/10\/IMG_8999-scaled.jpg\",\"width\":2560,\"height\":1920},{\"@type\":\"BreadcrumbList\",\"@id\":\"https:\/\/www.vkpbratislava.sk\/?p=6037#breadcrumb\",\"itemListElement\":[{\"@type\":\"ListItem\",\"position\":1,\"name\":\"Domov\",\"item\":\"https:\/\/www.vkpbratislava.sk\/\"},{\"@type\":\"ListItem\",\"position\":2,\"name\":\"Pote\u0161i\u0165 div\u00e1kov a vyhra\u0165\"}]},{\"@type\":\"WebSite\",\"@id\":\"https:\/\/www.vkpbratislava.sk\/#website\",\"url\":\"https:\/\/www.vkpbratislava.sk\/\",\"name\":\"VK SLOVAN Bratislava\",\"description\":\"Volejbalov\u00fd klub\",\"publisher\":{\"@id\":\"https:\/\/www.vkpbratislava.sk\/#organization\"},\"potentialAction\":[{\"@type\":\"SearchAction\",\"target\":{\"@type\":\"EntryPoint\",\"urlTemplate\":\"https:\/\/www.vkpbratislava.sk\/?s={search_term_string}\"},\"query-input\":{\"@type\":\"PropertyValueSpecification\",\"valueRequired\":true,\"valueName\":\"search_term_string\"}}],\"inLanguage\":\"sk-SK\"},{\"@type\":\"Organization\",\"@id\":\"https:\/\/www.vkpbratislava.sk\/#organization\",\"name\":\"VKP Bratislava\",\"url\":\"https:\/\/www.vkpbratislava.sk\/\",\"logo\":{\"@type\":\"ImageObject\",\"inLanguage\":\"sk-SK\",\"@id\":\"https:\/\/www.vkpbratislava.sk\/#\/schema\/logo\/image\/\",\"url\":\"https:\/\/www.vkpbratislava.sk\/wp-content\/uploads\/2020\/10\/vkpBA.png\",\"contentUrl\":\"https:\/\/www.vkpbratislava.sk\/wp-content\/uploads\/2020\/10\/vkpBA.png\",\"width\":600,\"height\":600,\"caption\":\"VKP Bratislava\"},\"image\":{\"@id\":\"https:\/\/www.vkpbratislava.sk\/#\/schema\/logo\/image\/\"}},{\"@type\":\"Person\",\"@id\":\"https:\/\/www.vkpbratislava.sk\/#\/schema\/person\/7037e769f9515aa58493d1b5852c4c50\",\"name\":\"jenca\",\"image\":{\"@type\":\"ImageObject\",\"inLanguage\":\"sk-SK\",\"@id\":\"https:\/\/www.vkpbratislava.sk\/#\/schema\/person\/image\/\",\"url\":\"https:\/\/secure.gravatar.com\/avatar\/67aa89e9aab2911bbd0c6fbf0a891ea8d80c207c9b6a6e2c96e13fc2f16e536d?s=96&d=mm&r=g\",\"contentUrl\":\"https:\/\/secure.gravatar.com\/avatar\/67aa89e9aab2911bbd0c6fbf0a891ea8d80c207c9b6a6e2c96e13fc2f16e536d?s=96&d=mm&r=g\",\"caption\":\"jenca\"},\"url\":\"https:\/\/www.vkpbratislava.sk\/?author=3\"}]}<\/script>\n<!-- \/ Yoast SEO plugin. -->","yoast_head_json":{"title":"Pote\u0161i\u0165 div\u00e1kov a vyhra\u0165 - VK SLOVAN Bratislava","robots":{"index":"index","follow":"follow","max-snippet":"max-snippet:-1","max-image-preview":"max-image-preview:large","max-video-preview":"max-video-preview:-1"},"canonical":"https:\/\/www.vkpbratislava.sk\/?p=6037","og_locale":"sk_SK","og_type":"article","og_title":"Pote\u0161i\u0165 div\u00e1kov a vyhra\u0165 - VK SLOVAN Bratislava","og_description":"Po v\u00fdhre v\u00a0Pre\u0161ove s\u00fa volejbalistky VKP Bratislava dobre naladen\u00e9 a\u00a0pripraven\u00e9 zv\u00ed\u0165azi\u0165 aj v\u00a0dom\u00e1com stretnut\u00ed proti Trnave (sobota, 2. 10. o\u00a016.00 h).","og_url":"https:\/\/www.vkpbratislava.sk\/?p=6037","og_site_name":"VK SLOVAN Bratislava","article_published_time":"2021-10-01T10:12:14+00:00","og_image":[{"width":2560,"height":1920,"url":"https:\/\/www.vkpbratislava.sk\/wp-content\/uploads\/2021\/10\/IMG_8999-scaled.jpg","type":"image\/jpeg"}],"author":"jenca","twitter_card":"summary_large_image","twitter_misc":{"Autor":"jenca","Predpokladan\u00fd \u010das \u010d\u00edtania":"2 min\u00faty"},"schema":{"@context":"https:\/\/schema.org","@graph":[{"@type":"Article","@id":"https:\/\/www.vkpbratislava.sk\/?p=6037#article","isPartOf":{"@id":"https:\/\/www.vkpbratislava.sk\/?p=6037"},"author":{"name":"jenca","@id":"https:\/\/www.vkpbratislava.sk\/#\/schema\/person\/7037e769f9515aa58493d1b5852c4c50"},"headline":"Pote\u0161i\u0165 div\u00e1kov a vyhra\u0165","datePublished":"2021-10-01T10:12:14+00:00","mainEntityOfPage":{"@id":"https:\/\/www.vkpbratislava.sk\/?p=6037"},"wordCount":307,"publisher":{"@id":"https:\/\/www.vkpbratislava.sk\/#organization"},"image":{"@id":"https:\/\/www.vkpbratislava.sk\/?p=6037#primaryimage"},"thumbnailUrl":"https:\/\/www.vkpbratislava.sk\/wp-content\/uploads\/2021\/10\/IMG_8999-scaled.jpg","articleSection":["\u017deny"],"inLanguage":"sk-SK"},{"@type":"WebPage","@id":"https:\/\/www.vkpbratislava.sk\/?p=6037","url":"https:\/\/www.vkpbratislava.sk\/?p=6037","name":"Pote\u0161i\u0165 div\u00e1kov a vyhra\u0165 - VK SLOVAN Bratislava","isPartOf":{"@id":"https:\/\/www.vkpbratislava.sk\/#website"},"primaryImageOfPage":{"@id":"https:\/\/www.vkpbratislava.sk\/?p=6037#primaryimage"},"image":{"@id":"https:\/\/www.vkpbratislava.sk\/?p=6037#primaryimage"},"thumbnailUrl":"https:\/\/www.vkpbratislava.sk\/wp-content\/uploads\/2021\/10\/IMG_8999-scaled.jpg","datePublished":"2021-10-01T10:12:14+00:00","breadcrumb":{"@id":"https:\/\/www.vkpbratislava.sk\/?p=6037#breadcrumb"},"inLanguage":"sk-SK","potentialAction":[{"@type":"ReadAction","target":["https:\/\/www.vkpbratislava.sk\/?p=6037"]}]},{"@type":"ImageObject","inLanguage":"sk-SK","@id":"https:\/\/www.vkpbratislava.sk\/?p=6037#primaryimage","url":"https:\/\/www.vkpbratislava.sk\/wp-content\/uploads\/2021\/10\/IMG_8999-scaled.jpg","contentUrl":"https:\/\/www.vkpbratislava.sk\/wp-content\/uploads\/2021\/10\/IMG_8999-scaled.jpg","width":2560,"height":1920},{"@type":"BreadcrumbList","@id":"https:\/\/www.vkpbratislava.sk\/?p=6037#breadcrumb","itemListElement":[{"@type":"ListItem","position":1,"name":"Domov","item":"https:\/\/www.vkpbratislava.sk\/"},{"@type":"ListItem","position":2,"name":"Pote\u0161i\u0165 div\u00e1kov a vyhra\u0165"}]},{"@type":"WebSite","@id":"https:\/\/www.vkpbratislava.sk\/#website","url":"https:\/\/www.vkpbratislava.sk\/","name":"VK SLOVAN Bratislava","description":"Volejbalov\u00fd klub","publisher":{"@id":"https:\/\/www.vkpbratislava.sk\/#organization"},"potentialAction":[{"@type":"SearchAction","target":{"@type":"EntryPoint","urlTemplate":"https:\/\/www.vkpbratislava.sk\/?s={search_term_string}"},"query-input":{"@type":"PropertyValueSpecification","valueRequired":true,"valueName":"search_term_string"}}],"inLanguage":"sk-SK"},{"@type":"Organization","@id":"https:\/\/www.vkpbratislava.sk\/#organization","name":"VKP Bratislava","url":"https:\/\/www.vkpbratislava.sk\/","logo":{"@type":"ImageObject","inLanguage":"sk-SK","@id":"https:\/\/www.vkpbratislava.sk\/#\/schema\/logo\/image\/","url":"https:\/\/www.vkpbratislava.sk\/wp-content\/uploads\/2020\/10\/vkpBA.png","contentUrl":"https:\/\/www.vkpbratislava.sk\/wp-content\/uploads\/2020\/10\/vkpBA.png","width":600,"height":600,"caption":"VKP Bratislava"},"image":{"@id":"https:\/\/www.vkpbratislava.sk\/#\/schema\/logo\/image\/"}},{"@type":"Person","@id":"https:\/\/www.vkpbratislava.sk\/#\/schema\/person\/7037e769f9515aa58493d1b5852c4c50","name":"jenca","image":{"@type":"ImageObject","inLanguage":"sk-SK","@id":"https:\/\/www.vkpbratislava.sk\/#\/schema\/person\/image\/","url":"https:\/\/secure.gravatar.com\/avatar\/67aa89e9aab2911bbd0c6fbf0a891ea8d80c207c9b6a6e2c96e13fc2f16e536d?s=96&d=mm&r=g","contentUrl":"https:\/\/secure.gravatar.com\/avatar\/67aa89e9aab2911bbd0c6fbf0a891ea8d80c207c9b6a6e2c96e13fc2f16e536d?s=96&d=mm&r=g","caption":"jenca"},"url":"https:\/\/www.vkpbratislava.sk\/?author=3"}]}},"_links":{"self":[{"href":"https:\/\/www.vkpbratislava.sk\/index.php?rest_route=\/wp\/v2\/posts\/6037","targetHints":{"allow":["GET"]}}],"collection":[{"href":"https:\/\/www.vkpbratislava.sk\/index.php?rest_route=\/wp\/v2\/posts"}],"about":[{"href":"https:\/\/www.vkpbratislava.sk\/index.php?rest_route=\/wp\/v2\/types\/post"}],"author":[{"embeddable":true,"href":"https:\/\/www.vkpbratislava.sk\/index.php?rest_route=\/wp\/v2\/users\/3"}],"replies":[{"embeddable":true,"href":"https:\/\/www.vkpbratislava.sk\/index.php?rest_route=%2Fwp%2Fv2%2Fcomments&post=6037"}],"version-history":[{"count":1,"href":"https:\/\/www.vkpbratislava.sk\/index.php?rest_route=\/wp\/v2\/posts\/6037\/revisions"}],"predecessor-version":[{"id":6046,"href":"https:\/\/www.vkpbratislava.sk\/index.php?rest_route=\/wp\/v2\/posts\/6037\/revisions\/6046"}],"wp:featuredmedia":[{"embeddable":true,"href":"https:\/\/www.vkpbratislava.sk\/index.php?rest_route=\/wp\/v2\/media\/6043"}],"wp:attachment":[{"href":"https:\/\/www.vkpbratislava.sk\/index.php?rest_route=%2Fwp%2Fv2%2Fmedia&parent=6037"}],"wp:term":[{"taxonomy":"category","embeddable":true,"href":"https:\/\/www.vkpbratislava.sk\/index.php?rest_route=%2Fwp%2Fv2%2Fcategories&post=6037"},{"taxonomy":"post_tag","embeddable":true,"href":"https:\/\/www.vkpbratislava.sk\/index.php?rest_route=%2Fwp%2Fv2%2Ftags&post=6037"}],"curies":[{"name":"wp","href":"https:\/\/api.w.org\/{rel}","templated":true}]}}