{"id":6047,"date":"2021-10-01T22:06:33","date_gmt":"2021-10-01T20:06:33","guid":{"rendered":"https:\/\/www.vkpbratislava.sk\/?p=6047"},"modified":"2021-10-01T22:06:33","modified_gmt":"2021-10-01T20:06:33","slug":"debut-ako-hrom-cenne-vitazstvo-na-myjave","status":"publish","type":"post","link":"https:\/\/www.vkpbratislava.sk\/?p=6047","title":{"rendered":"Debut ako hrom. Cenn\u00e9 v\u00ed\u0165azstvo na Myjave"},"content":{"rendered":"<p><strong>Prv\u00fd skalp v\u00a0Stredoeur\u00f3pskej lige MEVZA. Volejbalisti VKP vo svojom \u00favodnom z\u00e1pase v\u00a0nadn\u00e1rodnej lige zv\u00ed\u0165azili na palubovke Myjavy 3:1 a\u00a0prip\u00edsali si do tabu\u013eky tri body.<\/strong><\/p>\n<p>\u00davodn\u00e9 dva sety \u201epolicajti\u201c dominovali. Mali v\u00fdborn\u00fd pr\u00edjem i\u00a0hru v\u00a0poli a\u00a0uchmatli si obidva sety, \u010d\u00edm sa dostali do v\u00fdraznej pohody a\u00a0vedenia 2:0. V\u00a0tre\u0165om sete pri\u0161lo aj hluch\u00e9 obdobie, ke\u010f Myjava odsko\u010dila do vedenia a\u00a0zn\u00ed\u017eila stav z\u00e1pasu. Vo \u0161tvrtom sete to bolo ako na hojda\u010dke, ale zverenci Mat\u00fa\u0161a Kaln\u00e9ho zabrali v\u00a0spr\u00e1vny moment, zmazali \u0161tvorbodov\u00e9 manko a\u00a0v\u00a0z\u00e1vere setu uk\u00e1zali enormn\u00fa v\u00f4\u013eu, chu\u0165 za v\u00ed\u0165azstvom a\u00a0napokon v\u00a0nap\u00ednavom z\u00e1vere spe\u010datili svoj triumf na kopaniciach.<\/p>\n<p><strong>TJ SPARTAK MYJAVA &#8211; VKP BRATISLAVA 1:3 (-21, -17, 24, -27)<\/strong><\/p>\n<p><strong>Myjava:<\/strong> Konc 25, Watzka 13, M. Zeman 12, Pokopec 11, Ma\u010duha 5, Valo, liber\u00e1 Ochodnick\u00fd a Pa\u0148ko (Bart\u00e1k, Rzyman). Tr\u00e9ner: M. Pipa.<\/p>\n<p><strong>VKP:<\/strong> D. Yacoubou 24, Kostol\u00e1ni 21, Tarabus 12, Malina 11, Billich 6, Za\u0165ko 1, liber\u00e1 Jakub\u00edk a Kurej (Truba\u010d 1, Van\u010do, Jur\u00edk). Tr\u00e9ner: M. Kaln\u00fd.<\/p>\n<p>Rozhodovali: Grabovsk\u00fd (\u010cR) a Kov\u00e1\u0159 (\u010cR), 125 div\u00e1kov<\/p>\n<p><strong>Hr\u00e1\u010d z\u00e1pasu za VKP:<\/strong> TEAM<\/p>\n<p><strong>Tr\u00e9ner Mat\u00fa\u0161 Kaln\u00fd:<\/strong> \u201eJe to cenn\u00e9 v\u00ed\u0165azstvo u\u00a0dobr\u00e9ho s\u00fapera. Prv\u00e9 dva sety boli z\u00a0na\u0161ej strany ve\u013emi dobr\u00e9, tam nem\u00e1m hr\u00e1\u010dom \u010do vytkn\u00fa\u0165. \u0160koda, \u017ee sme zbyto\u010dn\u00fdmi chybami v\u00a0strede tretieho setu dostali s\u00fapera na ko\u0148a. Vo \u0161tvrtom sete sa to prelievalo na ka\u017ed\u00fa stranu, bolo to o\u00a0jednom bode. Ur\u010dite to bol doteraz n\u00e1\u0161 najlep\u0161\u00ed v\u00fdkon. D\u00fafam, \u017ee naberieme e\u0161te v\u00e4\u010d\u0161ie sebavedomie. Vieme, kde n\u00e1s e\u0161te tla\u010d\u00ed p\u00e4ta. Mus\u00edme \u010falej poctivo tr\u00e9nova\u0165 a\u00a0zlep\u0161ova\u0165 sa. Gratulujem dru\u017estvu, te\u0161\u00edm sa s\u00a0nimi.\u201c<\/p>\n<p>mb, foto: VKP\/Michal \u0160p\u00e1nik<\/p>\n<div id='gallery-1' class='gallery galleryid-6047 gallery-columns-3 gallery-size-thumbnail'><figure class='gallery-item'>\n\t\t\t<div class='gallery-icon landscape'>\n\t\t\t\t<a href='https:\/\/www.vkpbratislava.sk\/?attachment_id=6051'><img loading=\"lazy\" decoding=\"async\" width=\"160\" height=\"160\" src=\"https:\/\/www.vkpbratislava.sk\/wp-content\/uploads\/2021\/10\/DF1A6940-160x160.jpg\" class=\"attachment-thumbnail size-thumbnail\" alt=\"\" srcset=\"https:\/\/www.vkpbratislava.sk\/wp-content\/uploads\/2021\/10\/DF1A6940-160x160.jpg 160w, https:\/\/www.vkpbratislava.sk\/wp-content\/uploads\/2021\/10\/DF1A6940-320x320.jpg 320w, https:\/\/www.vkpbratislava.sk\/wp-content\/uploads\/2021\/10\/DF1A6940-640x640.jpg 640w, https:\/\/www.vkpbratislava.sk\/wp-content\/uploads\/2021\/10\/DF1A6940-1280x1280.jpg 1280w, https:\/\/www.vkpbratislava.sk\/wp-content\/uploads\/2021\/10\/DF1A6940-600x600.jpg 600w, https:\/\/www.vkpbratislava.sk\/wp-content\/uploads\/2021\/10\/DF1A6940-100x100.jpg 100w\" sizes=\"auto, (max-width: 160px) 100vw, 160px\" \/><\/a>\n\t\t\t<\/div><\/figure><figure class='gallery-item'>\n\t\t\t<div class='gallery-icon landscape'>\n\t\t\t\t<a href='https:\/\/www.vkpbratislava.sk\/?attachment_id=6050'><img loading=\"lazy\" decoding=\"async\" width=\"160\" height=\"160\" src=\"https:\/\/www.vkpbratislava.sk\/wp-content\/uploads\/2021\/10\/DF1A6909-160x160.jpg\" class=\"attachment-thumbnail size-thumbnail\" alt=\"\" srcset=\"https:\/\/www.vkpbratislava.sk\/wp-content\/uploads\/2021\/10\/DF1A6909-160x160.jpg 160w, https:\/\/www.vkpbratislava.sk\/wp-content\/uploads\/2021\/10\/DF1A6909-320x320.jpg 320w, https:\/\/www.vkpbratislava.sk\/wp-content\/uploads\/2021\/10\/DF1A6909-640x640.jpg 640w, https:\/\/www.vkpbratislava.sk\/wp-content\/uploads\/2021\/10\/DF1A6909-1280x1280.jpg 1280w, https:\/\/www.vkpbratislava.sk\/wp-content\/uploads\/2021\/10\/DF1A6909-600x600.jpg 600w, https:\/\/www.vkpbratislava.sk\/wp-content\/uploads\/2021\/10\/DF1A6909-100x100.jpg 100w\" sizes=\"auto, (max-width: 160px) 100vw, 160px\" \/><\/a>\n\t\t\t<\/div><\/figure><figure class='gallery-item'>\n\t\t\t<div class='gallery-icon landscape'>\n\t\t\t\t<a href='https:\/\/www.vkpbratislava.sk\/?attachment_id=6049'><img loading=\"lazy\" decoding=\"async\" width=\"160\" height=\"160\" src=\"https:\/\/www.vkpbratislava.sk\/wp-content\/uploads\/2021\/10\/DF1A6663-160x160.jpg\" class=\"attachment-thumbnail size-thumbnail\" alt=\"\" srcset=\"https:\/\/www.vkpbratislava.sk\/wp-content\/uploads\/2021\/10\/DF1A6663-160x160.jpg 160w, https:\/\/www.vkpbratislava.sk\/wp-content\/uploads\/2021\/10\/DF1A6663-320x320.jpg 320w, https:\/\/www.vkpbratislava.sk\/wp-content\/uploads\/2021\/10\/DF1A6663-640x640.jpg 640w, https:\/\/www.vkpbratislava.sk\/wp-content\/uploads\/2021\/10\/DF1A6663-1280x1280.jpg 1280w, https:\/\/www.vkpbratislava.sk\/wp-content\/uploads\/2021\/10\/DF1A6663-600x600.jpg 600w, https:\/\/www.vkpbratislava.sk\/wp-content\/uploads\/2021\/10\/DF1A6663-100x100.jpg 100w\" sizes=\"auto, (max-width: 160px) 100vw, 160px\" \/><\/a>\n\t\t\t<\/div><\/figure><figure class='gallery-item'>\n\t\t\t<div class='gallery-icon landscape'>\n\t\t\t\t<a href='https:\/\/www.vkpbratislava.sk\/?attachment_id=6048'><img loading=\"lazy\" decoding=\"async\" width=\"160\" height=\"160\" src=\"https:\/\/www.vkpbratislava.sk\/wp-content\/uploads\/2021\/10\/DF1A6480-160x160.jpg\" class=\"attachment-thumbnail size-thumbnail\" alt=\"\" srcset=\"https:\/\/www.vkpbratislava.sk\/wp-content\/uploads\/2021\/10\/DF1A6480-160x160.jpg 160w, https:\/\/www.vkpbratislava.sk\/wp-content\/uploads\/2021\/10\/DF1A6480-320x320.jpg 320w, https:\/\/www.vkpbratislava.sk\/wp-content\/uploads\/2021\/10\/DF1A6480-640x640.jpg 640w, https:\/\/www.vkpbratislava.sk\/wp-content\/uploads\/2021\/10\/DF1A6480-1280x1280.jpg 1280w, https:\/\/www.vkpbratislava.sk\/wp-content\/uploads\/2021\/10\/DF1A6480-600x600.jpg 600w, https:\/\/www.vkpbratislava.sk\/wp-content\/uploads\/2021\/10\/DF1A6480-100x100.jpg 100w\" sizes=\"auto, (max-width: 160px) 100vw, 160px\" \/><\/a>\n\t\t\t<\/div><\/figure><figure class='gallery-item'>\n\t\t\t<div class='gallery-icon landscape'>\n\t\t\t\t<a href='https:\/\/www.vkpbratislava.sk\/?attachment_id=6054'><img loading=\"lazy\" decoding=\"async\" width=\"160\" height=\"160\" src=\"https:\/\/www.vkpbratislava.sk\/wp-content\/uploads\/2021\/10\/DF1A7200-160x160.jpg\" class=\"attachment-thumbnail size-thumbnail\" alt=\"\" srcset=\"https:\/\/www.vkpbratislava.sk\/wp-content\/uploads\/2021\/10\/DF1A7200-160x160.jpg 160w, https:\/\/www.vkpbratislava.sk\/wp-content\/uploads\/2021\/10\/DF1A7200-320x320.jpg 320w, https:\/\/www.vkpbratislava.sk\/wp-content\/uploads\/2021\/10\/DF1A7200-640x640.jpg 640w, https:\/\/www.vkpbratislava.sk\/wp-content\/uploads\/2021\/10\/DF1A7200-1280x1280.jpg 1280w, https:\/\/www.vkpbratislava.sk\/wp-content\/uploads\/2021\/10\/DF1A7200-600x600.jpg 600w, https:\/\/www.vkpbratislava.sk\/wp-content\/uploads\/2021\/10\/DF1A7200-100x100.jpg 100w\" sizes=\"auto, (max-width: 160px) 100vw, 160px\" \/><\/a>\n\t\t\t<\/div><\/figure><figure class='gallery-item'>\n\t\t\t<div class='gallery-icon landscape'>\n\t\t\t\t<a href='https:\/\/www.vkpbratislava.sk\/?attachment_id=6055'><img loading=\"lazy\" decoding=\"async\" width=\"160\" height=\"160\" src=\"https:\/\/www.vkpbratislava.sk\/wp-content\/uploads\/2021\/10\/DF1A7203-160x160.jpg\" class=\"attachment-thumbnail size-thumbnail\" alt=\"\" srcset=\"https:\/\/www.vkpbratislava.sk\/wp-content\/uploads\/2021\/10\/DF1A7203-160x160.jpg 160w, https:\/\/www.vkpbratislava.sk\/wp-content\/uploads\/2021\/10\/DF1A7203-320x320.jpg 320w, https:\/\/www.vkpbratislava.sk\/wp-content\/uploads\/2021\/10\/DF1A7203-640x640.jpg 640w, https:\/\/www.vkpbratislava.sk\/wp-content\/uploads\/2021\/10\/DF1A7203-1280x1280.jpg 1280w, https:\/\/www.vkpbratislava.sk\/wp-content\/uploads\/2021\/10\/DF1A7203-600x600.jpg 600w, https:\/\/www.vkpbratislava.sk\/wp-content\/uploads\/2021\/10\/DF1A7203-100x100.jpg 100w\" sizes=\"auto, (max-width: 160px) 100vw, 160px\" \/><\/a>\n\t\t\t<\/div><\/figure><figure class='gallery-item'>\n\t\t\t<div class='gallery-icon landscape'>\n\t\t\t\t<a href='https:\/\/www.vkpbratislava.sk\/?attachment_id=6057'><img loading=\"lazy\" decoding=\"async\" width=\"160\" height=\"160\" src=\"https:\/\/www.vkpbratislava.sk\/wp-content\/uploads\/2021\/10\/DF1A7357-160x160.jpg\" class=\"attachment-thumbnail size-thumbnail\" alt=\"\" srcset=\"https:\/\/www.vkpbratislava.sk\/wp-content\/uploads\/2021\/10\/DF1A7357-160x160.jpg 160w, https:\/\/www.vkpbratislava.sk\/wp-content\/uploads\/2021\/10\/DF1A7357-320x320.jpg 320w, https:\/\/www.vkpbratislava.sk\/wp-content\/uploads\/2021\/10\/DF1A7357-640x640.jpg 640w, https:\/\/www.vkpbratislava.sk\/wp-content\/uploads\/2021\/10\/DF1A7357-1280x1280.jpg 1280w, https:\/\/www.vkpbratislava.sk\/wp-content\/uploads\/2021\/10\/DF1A7357-600x600.jpg 600w, https:\/\/www.vkpbratislava.sk\/wp-content\/uploads\/2021\/10\/DF1A7357-100x100.jpg 100w\" sizes=\"auto, (max-width: 160px) 100vw, 160px\" \/><\/a>\n\t\t\t<\/div><\/figure><figure class='gallery-item'>\n\t\t\t<div class='gallery-icon landscape'>\n\t\t\t\t<a href='https:\/\/www.vkpbratislava.sk\/?attachment_id=6052'><img loading=\"lazy\" decoding=\"async\" width=\"160\" height=\"160\" src=\"https:\/\/www.vkpbratislava.sk\/wp-content\/uploads\/2021\/10\/DF1A7015-160x160.jpg\" class=\"attachment-thumbnail size-thumbnail\" alt=\"\" srcset=\"https:\/\/www.vkpbratislava.sk\/wp-content\/uploads\/2021\/10\/DF1A7015-160x160.jpg 160w, https:\/\/www.vkpbratislava.sk\/wp-content\/uploads\/2021\/10\/DF1A7015-320x320.jpg 320w, https:\/\/www.vkpbratislava.sk\/wp-content\/uploads\/2021\/10\/DF1A7015-640x640.jpg 640w, https:\/\/www.vkpbratislava.sk\/wp-content\/uploads\/2021\/10\/DF1A7015-1280x1280.jpg 1280w, https:\/\/www.vkpbratislava.sk\/wp-content\/uploads\/2021\/10\/DF1A7015-600x600.jpg 600w, https:\/\/www.vkpbratislava.sk\/wp-content\/uploads\/2021\/10\/DF1A7015-100x100.jpg 100w\" sizes=\"auto, (max-width: 160px) 100vw, 160px\" \/><\/a>\n\t\t\t<\/div><\/figure><figure class='gallery-item'>\n\t\t\t<div class='gallery-icon landscape'>\n\t\t\t\t<a href='https:\/\/www.vkpbratislava.sk\/?attachment_id=6056'><img loading=\"lazy\" decoding=\"async\" width=\"160\" height=\"160\" src=\"https:\/\/www.vkpbratislava.sk\/wp-content\/uploads\/2021\/10\/DF1A7342-160x160.jpg\" class=\"attachment-thumbnail size-thumbnail\" alt=\"\" srcset=\"https:\/\/www.vkpbratislava.sk\/wp-content\/uploads\/2021\/10\/DF1A7342-160x160.jpg 160w, https:\/\/www.vkpbratislava.sk\/wp-content\/uploads\/2021\/10\/DF1A7342-320x320.jpg 320w, https:\/\/www.vkpbratislava.sk\/wp-content\/uploads\/2021\/10\/DF1A7342-640x640.jpg 640w, https:\/\/www.vkpbratislava.sk\/wp-content\/uploads\/2021\/10\/DF1A7342-1280x1280.jpg 1280w, https:\/\/www.vkpbratislava.sk\/wp-content\/uploads\/2021\/10\/DF1A7342-600x600.jpg 600w, https:\/\/www.vkpbratislava.sk\/wp-content\/uploads\/2021\/10\/DF1A7342-100x100.jpg 100w\" sizes=\"auto, (max-width: 160px) 100vw, 160px\" \/><\/a>\n\t\t\t<\/div><\/figure>\n\t\t<\/div>\n\n","protected":false},"excerpt":{"rendered":"<p>Prv\u00fd skalp v\u00a0Stredoeur\u00f3pskej lige MEVZA. Volejbalisti VKP vo svojom \u00favodnom z\u00e1pase v\u00a0nadn\u00e1rodnej lige zv\u00ed\u0165azili na palubovke Myjavy 3:1.<\/p>\n","protected":false},"author":3,"featured_media":6056,"comment_status":"closed","ping_status":"open","sticky":false,"template":"","format":"standard","meta":{"_monsterinsights_skip_tracking":false,"_monsterinsights_sitenote_active":false,"_monsterinsights_sitenote_note":"","_monsterinsights_sitenote_category":0,"footnotes":""},"categories":[47],"tags":[],"class_list":["post-6047","post","type-post","status-publish","format-standard","has-post-thumbnail","hentry","category-muzi"],"yoast_head":"<!-- This site is optimized with the Yoast SEO plugin v25.6 - https:\/\/yoast.com\/wordpress\/plugins\/seo\/ -->\n<title>Debut ako hrom. Cenn\u00e9 v\u00ed\u0165azstvo na Myjave - VK SLOVAN Bratislava<\/title>\n<meta name=\"description\" content=\"Prv\u00fd skalp v\u00a0Stredoeur\u00f3pskej lige MEVZA. Volejbalisti VKP vo svojom \u00favodnom z\u00e1pase v\u00a0nadn\u00e1rodnej lige zv\u00ed\u0165azili na palubovke Myjavy 3:1.\" \/>\n<meta name=\"robots\" content=\"index, follow, max-snippet:-1, max-image-preview:large, max-video-preview:-1\" \/>\n<link rel=\"canonical\" href=\"https:\/\/www.vkpbratislava.sk\/?p=6047\" \/>\n<meta property=\"og:locale\" content=\"sk_SK\" \/>\n<meta property=\"og:type\" content=\"article\" \/>\n<meta property=\"og:title\" content=\"Debut ako hrom. Cenn\u00e9 v\u00ed\u0165azstvo na Myjave - VK SLOVAN Bratislava\" \/>\n<meta property=\"og:description\" content=\"Prv\u00fd skalp v\u00a0Stredoeur\u00f3pskej lige MEVZA. Volejbalisti VKP vo svojom \u00favodnom z\u00e1pase v\u00a0nadn\u00e1rodnej lige zv\u00ed\u0165azili na palubovke Myjavy 3:1.\" \/>\n<meta property=\"og:url\" content=\"https:\/\/www.vkpbratislava.sk\/?p=6047\" \/>\n<meta property=\"og:site_name\" content=\"VK SLOVAN Bratislava\" \/>\n<meta property=\"article:published_time\" content=\"2021-10-01T20:06:33+00:00\" \/>\n<meta property=\"og:image\" content=\"https:\/\/www.vkpbratislava.sk\/wp-content\/uploads\/2021\/10\/DF1A7342-1280x853.jpg\" \/>\n\t<meta property=\"og:image:width\" content=\"1280\" \/>\n\t<meta property=\"og:image:height\" content=\"853\" \/>\n\t<meta property=\"og:image:type\" content=\"image\/jpeg\" \/>\n<meta name=\"author\" content=\"jenca\" \/>\n<meta name=\"twitter:card\" content=\"summary_large_image\" \/>\n<meta name=\"twitter:label1\" content=\"Autor\" \/>\n\t<meta name=\"twitter:data1\" content=\"jenca\" \/>\n\t<meta name=\"twitter:label2\" content=\"Predpokladan\u00fd \u010das \u010d\u00edtania\" \/>\n\t<meta name=\"twitter:data2\" content=\"2 min\u00faty\" \/>\n<script type=\"application\/ld+json\" class=\"yoast-schema-graph\">{\"@context\":\"https:\/\/schema.org\",\"@graph\":[{\"@type\":\"Article\",\"@id\":\"https:\/\/www.vkpbratislava.sk\/?p=6047#article\",\"isPartOf\":{\"@id\":\"https:\/\/www.vkpbratislava.sk\/?p=6047\"},\"author\":{\"name\":\"jenca\",\"@id\":\"https:\/\/www.vkpbratislava.sk\/#\/schema\/person\/7037e769f9515aa58493d1b5852c4c50\"},\"headline\":\"Debut ako hrom. Cenn\u00e9 v\u00ed\u0165azstvo na Myjave\",\"datePublished\":\"2021-10-01T20:06:33+00:00\",\"mainEntityOfPage\":{\"@id\":\"https:\/\/www.vkpbratislava.sk\/?p=6047\"},\"wordCount\":324,\"publisher\":{\"@id\":\"https:\/\/www.vkpbratislava.sk\/#organization\"},\"image\":{\"@id\":\"https:\/\/www.vkpbratislava.sk\/?p=6047#primaryimage\"},\"thumbnailUrl\":\"https:\/\/www.vkpbratislava.sk\/wp-content\/uploads\/2021\/10\/DF1A7342.jpg\",\"articleSection\":[\"Mu\u017ei\"],\"inLanguage\":\"sk-SK\"},{\"@type\":\"WebPage\",\"@id\":\"https:\/\/www.vkpbratislava.sk\/?p=6047\",\"url\":\"https:\/\/www.vkpbratislava.sk\/?p=6047\",\"name\":\"Debut ako hrom. Cenn\u00e9 v\u00ed\u0165azstvo na Myjave - VK SLOVAN Bratislava\",\"isPartOf\":{\"@id\":\"https:\/\/www.vkpbratislava.sk\/#website\"},\"primaryImageOfPage\":{\"@id\":\"https:\/\/www.vkpbratislava.sk\/?p=6047#primaryimage\"},\"image\":{\"@id\":\"https:\/\/www.vkpbratislava.sk\/?p=6047#primaryimage\"},\"thumbnailUrl\":\"https:\/\/www.vkpbratislava.sk\/wp-content\/uploads\/2021\/10\/DF1A7342.jpg\",\"datePublished\":\"2021-10-01T20:06:33+00:00\",\"description\":\"Prv\u00fd skalp v\u00a0Stredoeur\u00f3pskej lige MEVZA. Volejbalisti VKP vo svojom \u00favodnom z\u00e1pase v\u00a0nadn\u00e1rodnej lige zv\u00ed\u0165azili na palubovke Myjavy 3:1.\",\"breadcrumb\":{\"@id\":\"https:\/\/www.vkpbratislava.sk\/?p=6047#breadcrumb\"},\"inLanguage\":\"sk-SK\",\"potentialAction\":[{\"@type\":\"ReadAction\",\"target\":[\"https:\/\/www.vkpbratislava.sk\/?p=6047\"]}]},{\"@type\":\"ImageObject\",\"inLanguage\":\"sk-SK\",\"@id\":\"https:\/\/www.vkpbratislava.sk\/?p=6047#primaryimage\",\"url\":\"https:\/\/www.vkpbratislava.sk\/wp-content\/uploads\/2021\/10\/DF1A7342.jpg\",\"contentUrl\":\"https:\/\/www.vkpbratislava.sk\/wp-content\/uploads\/2021\/10\/DF1A7342.jpg\",\"width\":2048,\"height\":1365},{\"@type\":\"BreadcrumbList\",\"@id\":\"https:\/\/www.vkpbratislava.sk\/?p=6047#breadcrumb\",\"itemListElement\":[{\"@type\":\"ListItem\",\"position\":1,\"name\":\"Domov\",\"item\":\"https:\/\/www.vkpbratislava.sk\/\"},{\"@type\":\"ListItem\",\"position\":2,\"name\":\"Debut ako hrom. Cenn\u00e9 v\u00ed\u0165azstvo na Myjave\"}]},{\"@type\":\"WebSite\",\"@id\":\"https:\/\/www.vkpbratislava.sk\/#website\",\"url\":\"https:\/\/www.vkpbratislava.sk\/\",\"name\":\"VK SLOVAN Bratislava\",\"description\":\"Volejbalov\u00fd klub\",\"publisher\":{\"@id\":\"https:\/\/www.vkpbratislava.sk\/#organization\"},\"potentialAction\":[{\"@type\":\"SearchAction\",\"target\":{\"@type\":\"EntryPoint\",\"urlTemplate\":\"https:\/\/www.vkpbratislava.sk\/?s={search_term_string}\"},\"query-input\":{\"@type\":\"PropertyValueSpecification\",\"valueRequired\":true,\"valueName\":\"search_term_string\"}}],\"inLanguage\":\"sk-SK\"},{\"@type\":\"Organization\",\"@id\":\"https:\/\/www.vkpbratislava.sk\/#organization\",\"name\":\"VKP Bratislava\",\"url\":\"https:\/\/www.vkpbratislava.sk\/\",\"logo\":{\"@type\":\"ImageObject\",\"inLanguage\":\"sk-SK\",\"@id\":\"https:\/\/www.vkpbratislava.sk\/#\/schema\/logo\/image\/\",\"url\":\"https:\/\/www.vkpbratislava.sk\/wp-content\/uploads\/2020\/10\/vkpBA.png\",\"contentUrl\":\"https:\/\/www.vkpbratislava.sk\/wp-content\/uploads\/2020\/10\/vkpBA.png\",\"width\":600,\"height\":600,\"caption\":\"VKP Bratislava\"},\"image\":{\"@id\":\"https:\/\/www.vkpbratislava.sk\/#\/schema\/logo\/image\/\"}},{\"@type\":\"Person\",\"@id\":\"https:\/\/www.vkpbratislava.sk\/#\/schema\/person\/7037e769f9515aa58493d1b5852c4c50\",\"name\":\"jenca\",\"image\":{\"@type\":\"ImageObject\",\"inLanguage\":\"sk-SK\",\"@id\":\"https:\/\/www.vkpbratislava.sk\/#\/schema\/person\/image\/\",\"url\":\"https:\/\/secure.gravatar.com\/avatar\/67aa89e9aab2911bbd0c6fbf0a891ea8d80c207c9b6a6e2c96e13fc2f16e536d?s=96&d=mm&r=g\",\"contentUrl\":\"https:\/\/secure.gravatar.com\/avatar\/67aa89e9aab2911bbd0c6fbf0a891ea8d80c207c9b6a6e2c96e13fc2f16e536d?s=96&d=mm&r=g\",\"caption\":\"jenca\"},\"url\":\"https:\/\/www.vkpbratislava.sk\/?author=3\"}]}<\/script>\n<!-- \/ Yoast SEO plugin. -->","yoast_head_json":{"title":"Debut ako hrom. Cenn\u00e9 v\u00ed\u0165azstvo na Myjave - VK SLOVAN Bratislava","description":"Prv\u00fd skalp v\u00a0Stredoeur\u00f3pskej lige MEVZA. Volejbalisti VKP vo svojom \u00favodnom z\u00e1pase v\u00a0nadn\u00e1rodnej lige zv\u00ed\u0165azili na palubovke Myjavy 3:1.","robots":{"index":"index","follow":"follow","max-snippet":"max-snippet:-1","max-image-preview":"max-image-preview:large","max-video-preview":"max-video-preview:-1"},"canonical":"https:\/\/www.vkpbratislava.sk\/?p=6047","og_locale":"sk_SK","og_type":"article","og_title":"Debut ako hrom. Cenn\u00e9 v\u00ed\u0165azstvo na Myjave - VK SLOVAN Bratislava","og_description":"Prv\u00fd skalp v\u00a0Stredoeur\u00f3pskej lige MEVZA. Volejbalisti VKP vo svojom \u00favodnom z\u00e1pase v\u00a0nadn\u00e1rodnej lige zv\u00ed\u0165azili na palubovke Myjavy 3:1.","og_url":"https:\/\/www.vkpbratislava.sk\/?p=6047","og_site_name":"VK SLOVAN Bratislava","article_published_time":"2021-10-01T20:06:33+00:00","og_image":[{"width":1280,"height":853,"url":"https:\/\/www.vkpbratislava.sk\/wp-content\/uploads\/2021\/10\/DF1A7342-1280x853.jpg","type":"image\/jpeg"}],"author":"jenca","twitter_card":"summary_large_image","twitter_misc":{"Autor":"jenca","Predpokladan\u00fd \u010das \u010d\u00edtania":"2 min\u00faty"},"schema":{"@context":"https:\/\/schema.org","@graph":[{"@type":"Article","@id":"https:\/\/www.vkpbratislava.sk\/?p=6047#article","isPartOf":{"@id":"https:\/\/www.vkpbratislava.sk\/?p=6047"},"author":{"name":"jenca","@id":"https:\/\/www.vkpbratislava.sk\/#\/schema\/person\/7037e769f9515aa58493d1b5852c4c50"},"headline":"Debut ako hrom. Cenn\u00e9 v\u00ed\u0165azstvo na Myjave","datePublished":"2021-10-01T20:06:33+00:00","mainEntityOfPage":{"@id":"https:\/\/www.vkpbratislava.sk\/?p=6047"},"wordCount":324,"publisher":{"@id":"https:\/\/www.vkpbratislava.sk\/#organization"},"image":{"@id":"https:\/\/www.vkpbratislava.sk\/?p=6047#primaryimage"},"thumbnailUrl":"https:\/\/www.vkpbratislava.sk\/wp-content\/uploads\/2021\/10\/DF1A7342.jpg","articleSection":["Mu\u017ei"],"inLanguage":"sk-SK"},{"@type":"WebPage","@id":"https:\/\/www.vkpbratislava.sk\/?p=6047","url":"https:\/\/www.vkpbratislava.sk\/?p=6047","name":"Debut ako hrom. Cenn\u00e9 v\u00ed\u0165azstvo na Myjave - VK SLOVAN Bratislava","isPartOf":{"@id":"https:\/\/www.vkpbratislava.sk\/#website"},"primaryImageOfPage":{"@id":"https:\/\/www.vkpbratislava.sk\/?p=6047#primaryimage"},"image":{"@id":"https:\/\/www.vkpbratislava.sk\/?p=6047#primaryimage"},"thumbnailUrl":"https:\/\/www.vkpbratislava.sk\/wp-content\/uploads\/2021\/10\/DF1A7342.jpg","datePublished":"2021-10-01T20:06:33+00:00","description":"Prv\u00fd skalp v\u00a0Stredoeur\u00f3pskej lige MEVZA. Volejbalisti VKP vo svojom \u00favodnom z\u00e1pase v\u00a0nadn\u00e1rodnej lige zv\u00ed\u0165azili na palubovke Myjavy 3:1.","breadcrumb":{"@id":"https:\/\/www.vkpbratislava.sk\/?p=6047#breadcrumb"},"inLanguage":"sk-SK","potentialAction":[{"@type":"ReadAction","target":["https:\/\/www.vkpbratislava.sk\/?p=6047"]}]},{"@type":"ImageObject","inLanguage":"sk-SK","@id":"https:\/\/www.vkpbratislava.sk\/?p=6047#primaryimage","url":"https:\/\/www.vkpbratislava.sk\/wp-content\/uploads\/2021\/10\/DF1A7342.jpg","contentUrl":"https:\/\/www.vkpbratislava.sk\/wp-content\/uploads\/2021\/10\/DF1A7342.jpg","width":2048,"height":1365},{"@type":"BreadcrumbList","@id":"https:\/\/www.vkpbratislava.sk\/?p=6047#breadcrumb","itemListElement":[{"@type":"ListItem","position":1,"name":"Domov","item":"https:\/\/www.vkpbratislava.sk\/"},{"@type":"ListItem","position":2,"name":"Debut ako hrom. Cenn\u00e9 v\u00ed\u0165azstvo na Myjave"}]},{"@type":"WebSite","@id":"https:\/\/www.vkpbratislava.sk\/#website","url":"https:\/\/www.vkpbratislava.sk\/","name":"VK SLOVAN Bratislava","description":"Volejbalov\u00fd klub","publisher":{"@id":"https:\/\/www.vkpbratislava.sk\/#organization"},"potentialAction":[{"@type":"SearchAction","target":{"@type":"EntryPoint","urlTemplate":"https:\/\/www.vkpbratislava.sk\/?s={search_term_string}"},"query-input":{"@type":"PropertyValueSpecification","valueRequired":true,"valueName":"search_term_string"}}],"inLanguage":"sk-SK"},{"@type":"Organization","@id":"https:\/\/www.vkpbratislava.sk\/#organization","name":"VKP Bratislava","url":"https:\/\/www.vkpbratislava.sk\/","logo":{"@type":"ImageObject","inLanguage":"sk-SK","@id":"https:\/\/www.vkpbratislava.sk\/#\/schema\/logo\/image\/","url":"https:\/\/www.vkpbratislava.sk\/wp-content\/uploads\/2020\/10\/vkpBA.png","contentUrl":"https:\/\/www.vkpbratislava.sk\/wp-content\/uploads\/2020\/10\/vkpBA.png","width":600,"height":600,"caption":"VKP Bratislava"},"image":{"@id":"https:\/\/www.vkpbratislava.sk\/#\/schema\/logo\/image\/"}},{"@type":"Person","@id":"https:\/\/www.vkpbratislava.sk\/#\/schema\/person\/7037e769f9515aa58493d1b5852c4c50","name":"jenca","image":{"@type":"ImageObject","inLanguage":"sk-SK","@id":"https:\/\/www.vkpbratislava.sk\/#\/schema\/person\/image\/","url":"https:\/\/secure.gravatar.com\/avatar\/67aa89e9aab2911bbd0c6fbf0a891ea8d80c207c9b6a6e2c96e13fc2f16e536d?s=96&d=mm&r=g","contentUrl":"https:\/\/secure.gravatar.com\/avatar\/67aa89e9aab2911bbd0c6fbf0a891ea8d80c207c9b6a6e2c96e13fc2f16e536d?s=96&d=mm&r=g","caption":"jenca"},"url":"https:\/\/www.vkpbratislava.sk\/?author=3"}]}},"_links":{"self":[{"href":"https:\/\/www.vkpbratislava.sk\/index.php?rest_route=\/wp\/v2\/posts\/6047","targetHints":{"allow":["GET"]}}],"collection":[{"href":"https:\/\/www.vkpbratislava.sk\/index.php?rest_route=\/wp\/v2\/posts"}],"about":[{"href":"https:\/\/www.vkpbratislava.sk\/index.php?rest_route=\/wp\/v2\/types\/post"}],"author":[{"embeddable":true,"href":"https:\/\/www.vkpbratislava.sk\/index.php?rest_route=\/wp\/v2\/users\/3"}],"replies":[{"embeddable":true,"href":"https:\/\/www.vkpbratislava.sk\/index.php?rest_route=%2Fwp%2Fv2%2Fcomments&post=6047"}],"version-history":[{"count":1,"href":"https:\/\/www.vkpbratislava.sk\/index.php?rest_route=\/wp\/v2\/posts\/6047\/revisions"}],"predecessor-version":[{"id":6058,"href":"https:\/\/www.vkpbratislava.sk\/index.php?rest_route=\/wp\/v2\/posts\/6047\/revisions\/6058"}],"wp:featuredmedia":[{"embeddable":true,"href":"https:\/\/www.vkpbratislava.sk\/index.php?rest_route=\/wp\/v2\/media\/6056"}],"wp:attachment":[{"href":"https:\/\/www.vkpbratislava.sk\/index.php?rest_route=%2Fwp%2Fv2%2Fmedia&parent=6047"}],"wp:term":[{"taxonomy":"category","embeddable":true,"href":"https:\/\/www.vkpbratislava.sk\/index.php?rest_route=%2Fwp%2Fv2%2Fcategories&post=6047"},{"taxonomy":"post_tag","embeddable":true,"href":"https:\/\/www.vkpbratislava.sk\/index.php?rest_route=%2Fwp%2Fv2%2Ftags&post=6047"}],"curies":[{"name":"wp","href":"https:\/\/api.w.org\/{rel}","templated":true}]}}