{"id":6408,"date":"2021-10-05T14:42:16","date_gmt":"2021-10-05T12:42:16","guid":{"rendered":"https:\/\/www.vkpbratislava.sk\/?p=6408"},"modified":"2021-10-05T14:42:16","modified_gmt":"2021-10-05T12:42:16","slug":"dalsia-zastavka-waldviertel","status":"publish","type":"post","link":"https:\/\/www.vkpbratislava.sk\/?p=6408","title":{"rendered":"\u010eal\u0161ia zast\u00e1vka &#8211; Waldviertel"},"content":{"rendered":"<p><strong>Pred volejbalistami VKP je \u010fal\u0161ia prek\u00e1\u017eka v\u00a0Stredoeur\u00f3pskej lige MEVZA. Po v\u00fdhre 3:1 na palubovke Myjavy cestuj\u00fa \u201epolicajti\u201c do Rak\u00faska, kde sa predstavia proti Waldviertelu.<\/strong><\/p>\n<p>Union Raiffeisen Waldviertel hr\u00e1va svoje dom\u00e1ce z\u00e1pasy v\u00a0meste\u010dku Zwettl, ktor\u00e9 m\u00e1 zhruba 11 tis\u00edc obyvate\u013eov. N\u00e1v\u0161tevn\u00edkov ur\u010dite nadchne malebn\u00e1 star\u00e1 \u010das\u0165 mesta i\u00a0chutn\u00e9 pivo. \u00a0Zwettl sa rozprestiera medzi riekami Zwettl a\u00a0Kamp a\u00a0je historick\u00fdm centrom Waldviertelu. Do 203 km vzdialen\u00e9ho dejiska z\u00e1pasu sa zverenci Mat\u00fa\u0161a Kaln\u00e9ho presun\u00fa v\u00a0stredu popoludn\u00ed. \u0160tart z\u00e1pasu je napl\u00e1novan\u00fd na 19.00 h. Waldviertel vyhral v\u00a01. kole Stredoeur\u00f3pskej ligy MEVZA na palubovke UVC Holding Graz 3:2. Najviac bodov (27) v\u00a0z\u00e1pase dosiahol legion\u00e1r z\u00a0Litvy Audrius Kna\u0161as. \u201e\u010cak\u00e1 n\u00e1s kvalitn\u00fd s\u00faper, s ktor\u00fdm sme sa u\u017e raz v pr\u00edprave stretli. Je to ide\u00e1lna mo\u017enos\u0165 zbiera\u0165 hern\u00e9 sk\u00fasenosti pre na\u0161e mlad\u00e9 dru\u017estvo a t\u00fdm sa pos\u00fava\u0165 \u010falej,\u201c uviedol tr\u00e9ner Mat\u00fa\u0161 Kaln\u00fd. Chlapci s\u00fa po v\u00ed\u0165azstve na Myjave v\u00a0dobrej n\u00e1lade. Po\u010das v\u00edkendu mali v\u00a0dom\u00e1cej extralige vo\u013eno, a\u00a0tak sa mohli s\u00a0\u010distou hlavou pripravova\u0165 u\u017e na s\u00faboj v\u00a0Rak\u00fasku. \u201eNa Myjave sme dosiahli na\u0161u prv\u00fa v\u00e4\u010d\u0161iu v\u00fdhru. Ve\u013emi sa te\u0161\u00edme, \u017ee sa n\u00e1m podarilo zv\u00ed\u0165azi\u0165. S\u00a0Waldviertelom sme sa stretli na turnaji v\u00a0\u010cesku, tak\u017ee ich pozn\u00e1me. Uvid\u00edme v\u00a0akej budeme zostave i\u00a0forme. A\u017e samotn\u00fd z\u00e1pas uk\u00e1\u017ee, ako sme sa pripravili,\u201c povedal blok\u00e1r Andrej Billich. \u201ePrv\u00e9 dva sety boli na Myjave z\u00a0na\u0161ej strany lep\u0161ie. Tret\u00ed a\u00a0\u0161tvrt\u00fd u\u017e boli vyrovnanej\u0161ie. Mali sme aj trochu \u0161\u0165astia, \u017ee sme oto\u010dili nepriazniv\u00fd stav. S\u00fahra medzi nami je v\u00a0pohode, sme v\u00fdborn\u00fd kolekt\u00edv. Pom\u00e1ha tomu aj to, \u017ee si skvele rozumieme. Na ihrisku to funguje super,\u201c doplnil rod\u00e1k z\u00a0Popradu.<\/p>\n<p>Z\u00e1pas sa odohr\u00e1 v\u00a0Stadthalle na Gymnasiumstra\u00dfe 1 a rozhodcami n\u00e1\u0161ho z\u00e1pasu bude \u010desk\u00e1 dvojica Ren\u00e9 \u010cin\u00e1tl a\u00a0Tom\u00e1\u0161 Buchar. V\u00a0pr\u00edpade, \u017ee sa pl\u00e1nuje niekto sledova\u0165 z\u00e1pas priamo v\u00a0Zwettli, treba sa riadi\u0165 platn\u00fdmi aktu\u00e1lnymi opatreniami vycestovania do Rak\u00faska. Vstup na z\u00e1pas je povolen\u00fd rovnako ako u\u00a0n\u00e1s, teda OTP &#8211; o\u010dkovan\u00fd, testovan\u00fd, prekonan\u00fd. Dom\u00e1ci usporiadatelia bud\u00fa potvrdenia vy\u017eadova\u0165 pri vstupe do haly. Vstupn\u00e9 stoj\u00ed 10 eur.<\/p>\n","protected":false},"excerpt":{"rendered":"<p>Pred volejbalistami VKP je \u010fal\u0161ia prek\u00e1\u017eka v\u00a0Stredoeur\u00f3pskej lige MEVZA. Po v\u00fdhre 3:1 na palubovke Myjavy cestuj\u00fa \u201epolicajti\u201c do Rak\u00faska, kde sa predstavia proti Waldviertelu. Union Raiffeisen Waldviertel hr\u00e1va svoje dom\u00e1ce z\u00e1pasy v\u00a0meste\u010dku Zwettl, ktor\u00e9 m\u00e1 zhruba 11 tis\u00edc obyvate\u013eov. N\u00e1v\u0161tevn\u00edkov ur\u010dite nadchne malebn\u00e1 star\u00e1 \u010das\u0165 mesta i\u00a0chutn\u00e9 pivo. \u00a0Zwettl sa rozprestiera medzi riekami Zwettl a\u00a0Kamp&#8230;<\/p>\n","protected":false},"author":3,"featured_media":6132,"comment_status":"closed","ping_status":"open","sticky":false,"template":"","format":"standard","meta":{"_monsterinsights_skip_tracking":false,"_monsterinsights_sitenote_active":false,"_monsterinsights_sitenote_note":"","_monsterinsights_sitenote_category":0,"footnotes":""},"categories":[47],"tags":[],"class_list":["post-6408","post","type-post","status-publish","format-standard","has-post-thumbnail","hentry","category-muzi"],"yoast_head":"<!-- This site is optimized with the Yoast SEO plugin v25.6 - https:\/\/yoast.com\/wordpress\/plugins\/seo\/ -->\n<title>\u010eal\u0161ia zast\u00e1vka - Waldviertel - VK SLOVAN Bratislava<\/title>\n<meta name=\"robots\" content=\"index, follow, max-snippet:-1, max-image-preview:large, max-video-preview:-1\" \/>\n<link rel=\"canonical\" href=\"https:\/\/www.vkpbratislava.sk\/?p=6408\" \/>\n<meta property=\"og:locale\" content=\"sk_SK\" \/>\n<meta property=\"og:type\" content=\"article\" \/>\n<meta property=\"og:title\" content=\"\u010eal\u0161ia zast\u00e1vka - Waldviertel - VK SLOVAN Bratislava\" \/>\n<meta property=\"og:description\" content=\"Pred volejbalistami VKP je \u010fal\u0161ia prek\u00e1\u017eka v\u00a0Stredoeur\u00f3pskej lige MEVZA. Po v\u00fdhre 3:1 na palubovke Myjavy cestuj\u00fa \u201epolicajti\u201c do Rak\u00faska, kde sa predstavia proti Waldviertelu. Union Raiffeisen Waldviertel hr\u00e1va svoje dom\u00e1ce z\u00e1pasy v\u00a0meste\u010dku Zwettl, ktor\u00e9 m\u00e1 zhruba 11 tis\u00edc obyvate\u013eov. N\u00e1v\u0161tevn\u00edkov ur\u010dite nadchne malebn\u00e1 star\u00e1 \u010das\u0165 mesta i\u00a0chutn\u00e9 pivo. \u00a0Zwettl sa rozprestiera medzi riekami Zwettl a\u00a0Kamp...\" \/>\n<meta property=\"og:url\" content=\"https:\/\/www.vkpbratislava.sk\/?p=6408\" \/>\n<meta property=\"og:site_name\" content=\"VK SLOVAN Bratislava\" \/>\n<meta property=\"article:published_time\" content=\"2021-10-05T12:42:16+00:00\" \/>\n<meta property=\"og:image\" content=\"https:\/\/www.vkpbratislava.sk\/wp-content\/uploads\/2021\/10\/DF1A6838.jpg\" \/>\n\t<meta property=\"og:image:width\" content=\"2048\" \/>\n\t<meta property=\"og:image:height\" content=\"1365\" \/>\n\t<meta property=\"og:image:type\" content=\"image\/jpeg\" \/>\n<meta name=\"author\" content=\"jenca\" \/>\n<meta name=\"twitter:card\" content=\"summary_large_image\" \/>\n<meta name=\"twitter:label1\" content=\"Autor\" \/>\n\t<meta name=\"twitter:data1\" content=\"jenca\" \/>\n\t<meta name=\"twitter:label2\" content=\"Predpokladan\u00fd \u010das \u010d\u00edtania\" \/>\n\t<meta name=\"twitter:data2\" content=\"2 min\u00faty\" \/>\n<script type=\"application\/ld+json\" class=\"yoast-schema-graph\">{\"@context\":\"https:\/\/schema.org\",\"@graph\":[{\"@type\":\"Article\",\"@id\":\"https:\/\/www.vkpbratislava.sk\/?p=6408#article\",\"isPartOf\":{\"@id\":\"https:\/\/www.vkpbratislava.sk\/?p=6408\"},\"author\":{\"name\":\"jenca\",\"@id\":\"https:\/\/www.vkpbratislava.sk\/#\/schema\/person\/7037e769f9515aa58493d1b5852c4c50\"},\"headline\":\"\u010eal\u0161ia zast\u00e1vka &#8211; Waldviertel\",\"datePublished\":\"2021-10-05T12:42:16+00:00\",\"mainEntityOfPage\":{\"@id\":\"https:\/\/www.vkpbratislava.sk\/?p=6408\"},\"wordCount\":420,\"publisher\":{\"@id\":\"https:\/\/www.vkpbratislava.sk\/#organization\"},\"image\":{\"@id\":\"https:\/\/www.vkpbratislava.sk\/?p=6408#primaryimage\"},\"thumbnailUrl\":\"https:\/\/www.vkpbratislava.sk\/wp-content\/uploads\/2021\/10\/DF1A6838.jpg\",\"articleSection\":[\"Mu\u017ei\"],\"inLanguage\":\"sk-SK\"},{\"@type\":\"WebPage\",\"@id\":\"https:\/\/www.vkpbratislava.sk\/?p=6408\",\"url\":\"https:\/\/www.vkpbratislava.sk\/?p=6408\",\"name\":\"\u010eal\u0161ia zast\u00e1vka - Waldviertel - VK SLOVAN Bratislava\",\"isPartOf\":{\"@id\":\"https:\/\/www.vkpbratislava.sk\/#website\"},\"primaryImageOfPage\":{\"@id\":\"https:\/\/www.vkpbratislava.sk\/?p=6408#primaryimage\"},\"image\":{\"@id\":\"https:\/\/www.vkpbratislava.sk\/?p=6408#primaryimage\"},\"thumbnailUrl\":\"https:\/\/www.vkpbratislava.sk\/wp-content\/uploads\/2021\/10\/DF1A6838.jpg\",\"datePublished\":\"2021-10-05T12:42:16+00:00\",\"breadcrumb\":{\"@id\":\"https:\/\/www.vkpbratislava.sk\/?p=6408#breadcrumb\"},\"inLanguage\":\"sk-SK\",\"potentialAction\":[{\"@type\":\"ReadAction\",\"target\":[\"https:\/\/www.vkpbratislava.sk\/?p=6408\"]}]},{\"@type\":\"ImageObject\",\"inLanguage\":\"sk-SK\",\"@id\":\"https:\/\/www.vkpbratislava.sk\/?p=6408#primaryimage\",\"url\":\"https:\/\/www.vkpbratislava.sk\/wp-content\/uploads\/2021\/10\/DF1A6838.jpg\",\"contentUrl\":\"https:\/\/www.vkpbratislava.sk\/wp-content\/uploads\/2021\/10\/DF1A6838.jpg\",\"width\":2048,\"height\":1365},{\"@type\":\"BreadcrumbList\",\"@id\":\"https:\/\/www.vkpbratislava.sk\/?p=6408#breadcrumb\",\"itemListElement\":[{\"@type\":\"ListItem\",\"position\":1,\"name\":\"Domov\",\"item\":\"https:\/\/www.vkpbratislava.sk\/\"},{\"@type\":\"ListItem\",\"position\":2,\"name\":\"\u010eal\u0161ia zast\u00e1vka &#8211; Waldviertel\"}]},{\"@type\":\"WebSite\",\"@id\":\"https:\/\/www.vkpbratislava.sk\/#website\",\"url\":\"https:\/\/www.vkpbratislava.sk\/\",\"name\":\"VK SLOVAN Bratislava\",\"description\":\"Volejbalov\u00fd klub\",\"publisher\":{\"@id\":\"https:\/\/www.vkpbratislava.sk\/#organization\"},\"potentialAction\":[{\"@type\":\"SearchAction\",\"target\":{\"@type\":\"EntryPoint\",\"urlTemplate\":\"https:\/\/www.vkpbratislava.sk\/?s={search_term_string}\"},\"query-input\":{\"@type\":\"PropertyValueSpecification\",\"valueRequired\":true,\"valueName\":\"search_term_string\"}}],\"inLanguage\":\"sk-SK\"},{\"@type\":\"Organization\",\"@id\":\"https:\/\/www.vkpbratislava.sk\/#organization\",\"name\":\"VKP Bratislava\",\"url\":\"https:\/\/www.vkpbratislava.sk\/\",\"logo\":{\"@type\":\"ImageObject\",\"inLanguage\":\"sk-SK\",\"@id\":\"https:\/\/www.vkpbratislava.sk\/#\/schema\/logo\/image\/\",\"url\":\"https:\/\/www.vkpbratislava.sk\/wp-content\/uploads\/2020\/10\/vkpBA.png\",\"contentUrl\":\"https:\/\/www.vkpbratislava.sk\/wp-content\/uploads\/2020\/10\/vkpBA.png\",\"width\":600,\"height\":600,\"caption\":\"VKP Bratislava\"},\"image\":{\"@id\":\"https:\/\/www.vkpbratislava.sk\/#\/schema\/logo\/image\/\"}},{\"@type\":\"Person\",\"@id\":\"https:\/\/www.vkpbratislava.sk\/#\/schema\/person\/7037e769f9515aa58493d1b5852c4c50\",\"name\":\"jenca\",\"image\":{\"@type\":\"ImageObject\",\"inLanguage\":\"sk-SK\",\"@id\":\"https:\/\/www.vkpbratislava.sk\/#\/schema\/person\/image\/\",\"url\":\"https:\/\/secure.gravatar.com\/avatar\/67aa89e9aab2911bbd0c6fbf0a891ea8d80c207c9b6a6e2c96e13fc2f16e536d?s=96&d=mm&r=g\",\"contentUrl\":\"https:\/\/secure.gravatar.com\/avatar\/67aa89e9aab2911bbd0c6fbf0a891ea8d80c207c9b6a6e2c96e13fc2f16e536d?s=96&d=mm&r=g\",\"caption\":\"jenca\"},\"url\":\"https:\/\/www.vkpbratislava.sk\/?author=3\"}]}<\/script>\n<!-- \/ Yoast SEO plugin. -->","yoast_head_json":{"title":"\u010eal\u0161ia zast\u00e1vka - Waldviertel - VK SLOVAN Bratislava","robots":{"index":"index","follow":"follow","max-snippet":"max-snippet:-1","max-image-preview":"max-image-preview:large","max-video-preview":"max-video-preview:-1"},"canonical":"https:\/\/www.vkpbratislava.sk\/?p=6408","og_locale":"sk_SK","og_type":"article","og_title":"\u010eal\u0161ia zast\u00e1vka - Waldviertel - VK SLOVAN Bratislava","og_description":"Pred volejbalistami VKP je \u010fal\u0161ia prek\u00e1\u017eka v\u00a0Stredoeur\u00f3pskej lige MEVZA. Po v\u00fdhre 3:1 na palubovke Myjavy cestuj\u00fa \u201epolicajti\u201c do Rak\u00faska, kde sa predstavia proti Waldviertelu. Union Raiffeisen Waldviertel hr\u00e1va svoje dom\u00e1ce z\u00e1pasy v\u00a0meste\u010dku Zwettl, ktor\u00e9 m\u00e1 zhruba 11 tis\u00edc obyvate\u013eov. N\u00e1v\u0161tevn\u00edkov ur\u010dite nadchne malebn\u00e1 star\u00e1 \u010das\u0165 mesta i\u00a0chutn\u00e9 pivo. \u00a0Zwettl sa rozprestiera medzi riekami Zwettl a\u00a0Kamp...","og_url":"https:\/\/www.vkpbratislava.sk\/?p=6408","og_site_name":"VK SLOVAN Bratislava","article_published_time":"2021-10-05T12:42:16+00:00","og_image":[{"width":2048,"height":1365,"url":"https:\/\/www.vkpbratislava.sk\/wp-content\/uploads\/2021\/10\/DF1A6838.jpg","type":"image\/jpeg"}],"author":"jenca","twitter_card":"summary_large_image","twitter_misc":{"Autor":"jenca","Predpokladan\u00fd \u010das \u010d\u00edtania":"2 min\u00faty"},"schema":{"@context":"https:\/\/schema.org","@graph":[{"@type":"Article","@id":"https:\/\/www.vkpbratislava.sk\/?p=6408#article","isPartOf":{"@id":"https:\/\/www.vkpbratislava.sk\/?p=6408"},"author":{"name":"jenca","@id":"https:\/\/www.vkpbratislava.sk\/#\/schema\/person\/7037e769f9515aa58493d1b5852c4c50"},"headline":"\u010eal\u0161ia zast\u00e1vka &#8211; Waldviertel","datePublished":"2021-10-05T12:42:16+00:00","mainEntityOfPage":{"@id":"https:\/\/www.vkpbratislava.sk\/?p=6408"},"wordCount":420,"publisher":{"@id":"https:\/\/www.vkpbratislava.sk\/#organization"},"image":{"@id":"https:\/\/www.vkpbratislava.sk\/?p=6408#primaryimage"},"thumbnailUrl":"https:\/\/www.vkpbratislava.sk\/wp-content\/uploads\/2021\/10\/DF1A6838.jpg","articleSection":["Mu\u017ei"],"inLanguage":"sk-SK"},{"@type":"WebPage","@id":"https:\/\/www.vkpbratislava.sk\/?p=6408","url":"https:\/\/www.vkpbratislava.sk\/?p=6408","name":"\u010eal\u0161ia zast\u00e1vka - Waldviertel - VK SLOVAN Bratislava","isPartOf":{"@id":"https:\/\/www.vkpbratislava.sk\/#website"},"primaryImageOfPage":{"@id":"https:\/\/www.vkpbratislava.sk\/?p=6408#primaryimage"},"image":{"@id":"https:\/\/www.vkpbratislava.sk\/?p=6408#primaryimage"},"thumbnailUrl":"https:\/\/www.vkpbratislava.sk\/wp-content\/uploads\/2021\/10\/DF1A6838.jpg","datePublished":"2021-10-05T12:42:16+00:00","breadcrumb":{"@id":"https:\/\/www.vkpbratislava.sk\/?p=6408#breadcrumb"},"inLanguage":"sk-SK","potentialAction":[{"@type":"ReadAction","target":["https:\/\/www.vkpbratislava.sk\/?p=6408"]}]},{"@type":"ImageObject","inLanguage":"sk-SK","@id":"https:\/\/www.vkpbratislava.sk\/?p=6408#primaryimage","url":"https:\/\/www.vkpbratislava.sk\/wp-content\/uploads\/2021\/10\/DF1A6838.jpg","contentUrl":"https:\/\/www.vkpbratislava.sk\/wp-content\/uploads\/2021\/10\/DF1A6838.jpg","width":2048,"height":1365},{"@type":"BreadcrumbList","@id":"https:\/\/www.vkpbratislava.sk\/?p=6408#breadcrumb","itemListElement":[{"@type":"ListItem","position":1,"name":"Domov","item":"https:\/\/www.vkpbratislava.sk\/"},{"@type":"ListItem","position":2,"name":"\u010eal\u0161ia zast\u00e1vka &#8211; Waldviertel"}]},{"@type":"WebSite","@id":"https:\/\/www.vkpbratislava.sk\/#website","url":"https:\/\/www.vkpbratislava.sk\/","name":"VK SLOVAN Bratislava","description":"Volejbalov\u00fd klub","publisher":{"@id":"https:\/\/www.vkpbratislava.sk\/#organization"},"potentialAction":[{"@type":"SearchAction","target":{"@type":"EntryPoint","urlTemplate":"https:\/\/www.vkpbratislava.sk\/?s={search_term_string}"},"query-input":{"@type":"PropertyValueSpecification","valueRequired":true,"valueName":"search_term_string"}}],"inLanguage":"sk-SK"},{"@type":"Organization","@id":"https:\/\/www.vkpbratislava.sk\/#organization","name":"VKP Bratislava","url":"https:\/\/www.vkpbratislava.sk\/","logo":{"@type":"ImageObject","inLanguage":"sk-SK","@id":"https:\/\/www.vkpbratislava.sk\/#\/schema\/logo\/image\/","url":"https:\/\/www.vkpbratislava.sk\/wp-content\/uploads\/2020\/10\/vkpBA.png","contentUrl":"https:\/\/www.vkpbratislava.sk\/wp-content\/uploads\/2020\/10\/vkpBA.png","width":600,"height":600,"caption":"VKP Bratislava"},"image":{"@id":"https:\/\/www.vkpbratislava.sk\/#\/schema\/logo\/image\/"}},{"@type":"Person","@id":"https:\/\/www.vkpbratislava.sk\/#\/schema\/person\/7037e769f9515aa58493d1b5852c4c50","name":"jenca","image":{"@type":"ImageObject","inLanguage":"sk-SK","@id":"https:\/\/www.vkpbratislava.sk\/#\/schema\/person\/image\/","url":"https:\/\/secure.gravatar.com\/avatar\/67aa89e9aab2911bbd0c6fbf0a891ea8d80c207c9b6a6e2c96e13fc2f16e536d?s=96&d=mm&r=g","contentUrl":"https:\/\/secure.gravatar.com\/avatar\/67aa89e9aab2911bbd0c6fbf0a891ea8d80c207c9b6a6e2c96e13fc2f16e536d?s=96&d=mm&r=g","caption":"jenca"},"url":"https:\/\/www.vkpbratislava.sk\/?author=3"}]}},"_links":{"self":[{"href":"https:\/\/www.vkpbratislava.sk\/index.php?rest_route=\/wp\/v2\/posts\/6408","targetHints":{"allow":["GET"]}}],"collection":[{"href":"https:\/\/www.vkpbratislava.sk\/index.php?rest_route=\/wp\/v2\/posts"}],"about":[{"href":"https:\/\/www.vkpbratislava.sk\/index.php?rest_route=\/wp\/v2\/types\/post"}],"author":[{"embeddable":true,"href":"https:\/\/www.vkpbratislava.sk\/index.php?rest_route=\/wp\/v2\/users\/3"}],"replies":[{"embeddable":true,"href":"https:\/\/www.vkpbratislava.sk\/index.php?rest_route=%2Fwp%2Fv2%2Fcomments&post=6408"}],"version-history":[{"count":1,"href":"https:\/\/www.vkpbratislava.sk\/index.php?rest_route=\/wp\/v2\/posts\/6408\/revisions"}],"predecessor-version":[{"id":6409,"href":"https:\/\/www.vkpbratislava.sk\/index.php?rest_route=\/wp\/v2\/posts\/6408\/revisions\/6409"}],"wp:featuredmedia":[{"embeddable":true,"href":"https:\/\/www.vkpbratislava.sk\/index.php?rest_route=\/wp\/v2\/media\/6132"}],"wp:attachment":[{"href":"https:\/\/www.vkpbratislava.sk\/index.php?rest_route=%2Fwp%2Fv2%2Fmedia&parent=6408"}],"wp:term":[{"taxonomy":"category","embeddable":true,"href":"https:\/\/www.vkpbratislava.sk\/index.php?rest_route=%2Fwp%2Fv2%2Fcategories&post=6408"},{"taxonomy":"post_tag","embeddable":true,"href":"https:\/\/www.vkpbratislava.sk\/index.php?rest_route=%2Fwp%2Fv2%2Ftags&post=6408"}],"curies":[{"name":"wp","href":"https:\/\/api.w.org\/{rel}","templated":true}]}}