{"id":6419,"date":"2021-10-06T21:17:20","date_gmt":"2021-10-06T19:17:20","guid":{"rendered":"https:\/\/www.vkpbratislava.sk\/?p=6419"},"modified":"2021-10-06T21:17:42","modified_gmt":"2021-10-06T19:17:42","slug":"omladina-potrapila-waldviertel","status":"publish","type":"post","link":"https:\/\/www.vkpbratislava.sk\/?p=6419","title":{"rendered":"Omladina potr\u00e1pila Waldviertel"},"content":{"rendered":"<p><strong>Po v\u00fdhre na Myjave v\u00a01. kole Stredoeur\u00f3pskej ligy MEVZA prehrali volejbalisti VKP Bratislava v\u00a02. kole na palubovke Waldviertelu 3:0.<\/strong><\/p>\n<p>\u201ePolicajti\u201c vycestovali do Rak\u00faska bez \u0161tvorice sk\u00fasen\u00fdch hr\u00e1\u010dov, doma zostali Malina, Kostol\u00e1ni, Pre\u0161insk\u00fd i\u00a0kapit\u00e1n Za\u0165ko, ktor\u00e9ho l\u00eddersk\u00fa poz\u00edciu prevzal blok\u00e1r J\u00e1n Tarabus. Premi\u00e9ru v\u00a0drese VKP si odkr\u00fatil mlad\u00fd nahr\u00e1va\u010d Branislav Belas. Prv\u00e9 podanie v\u00a0z\u00e1pase patrilo \u0160imonovi \u010cerven\u00e1kovi, ktor\u00fd debutoval v\u00a0Stredoeur\u00f3pskej lige. Hoci v\u00a0\u00favode dom\u00e1ci odsko\u010dili na rozdiel 6 bodov, na\u0161i chlapci dok\u00e1zali zn\u00ed\u017ei\u0165 manko len na dva body, Waldviertel si dr\u017eiaval pohodln\u00e9 vedenie. Za stavu 23:17 v\u00a0prvom sete sa dostal na palubovku aj mlad\u00edk Branislav Belas. Hoci zverenci Mat\u00fa\u0161a kaln\u00e9ho v\u00a0z\u00e1vere zn\u00ed\u017eili sk\u00f3re, \u00favodn\u00e9 dejstvo zvl\u00e1dli dom\u00e1ci.<\/p>\n<p>Druh\u00fd set za\u010dali Bratislav\u010dania lep\u0161ie, \u0161li dokonca do p\u00e4\u0165bodov\u00e9ho n\u00e1skoku (11:16), ktor\u00e9 si dr\u017eali a\u017e k\u00fdm dom\u00e1ci vyrovnali na 22:22. Medzit\u00fdm sme dokonca dali dve es\u00e1 Pavli\u010dkom a\u00a0Billichom. Z\u00e1ver druh\u00e9ho setu bol teda dramatick\u00fd, no povestn\u00e1 \u0161\u0165astena sa priklonila na rak\u00fasku stranu.<\/p>\n<p>Tret\u00ed set na\u0161i za\u010dali op\u00e4\u0165 dobre, no vedenie n\u00e1m vydr\u017ealo len do stavu 10:10. V\u00a0strednej \u010dasti sa Waldviertel odp\u00fatal na rozdiel troch bodov, trafili dokonca dve es\u00e1, ale VKP sa nevzd\u00e1valo a\u00a0na\u010falej bojovalo proti siln\u00e9mu s\u00faperovi, ale koncovku zvl\u00e1dli dom\u00e1ci a\u00a0vyhrali 3:0. U\u017e v sobotu n\u00e1s \u010dak\u00e1 o 18.00 hod. extraligov\u00fd s\u00faboj na dom\u00e1cej palubovke s Myjavou.<\/p>\n<p><strong>Union Raiffeisen Waldviertel &#8211; VKP Bratislava 3:0 (22, 23, 22)<\/strong><\/p>\n<p><strong>Rozhodovali:<\/strong> Ren\u00e9 \u010cin\u00e1tl a\u00a0Tom\u00e1\u0161 Buchar (obaja \u010cR), 150 div\u00e1kov<\/p>\n<p><strong>VKP<\/strong>: Billich 7, Jur\u00edk 5, Van\u010do 15, Pavli\u010dko 2, Yacoubou 9, \u010cerven\u00e1k 2, libero Kurej (Tarabus 4, Belas). Tr\u00e9ner: M. Kaln\u00fd.<\/p>\n<p><strong>Tr\u00e9ner Mat\u00fa\u0161 Kaln\u00fd<\/strong>: \u201e\u0160koda druh\u00e9ho setu, ke\u010f sme vyhr\u00e1vali o\u00a0\u0161tyri body. Tam sme si to v\u00a0z\u00e1vere skomplikovali. Na to, \u017ee sme boli prv\u00fdkr\u00e1t v\u00a0tejto zostave, ch\u00fdbali n\u00e1m na\u0161i najsk\u00fasenej\u0161\u00ed hr\u00e1\u010di, tak to nie je zl\u00fd v\u00fdsledok. A\u017e na na\u0161e podanie, ktor\u00fdch sme ve\u013ea pokazili to bol sol\u00eddny v\u00fdkon. Pre chlapcov s\u00fa to cenn\u00e9 sk\u00fasenosti, najm\u00e4 pre \u0160imona \u010cerven\u00e1ka, ktor\u00fd odohral prv\u00fd raz cel\u00fd z\u00e1pas na takejto \u00farovni. Hral dobre, na pr\u00edjme n\u00e1m pomohol. Chceme im d\u00e1va\u0165 \u0161ancu, aby sa mohli prepracova\u0165 do prv\u00e9ho mu\u017estva.\u201c<\/p>\n<p><strong>Hr\u00e1\u010d z\u00e1pasu za VKP:<\/strong> Adri\u00e1n Van\u010do<\/p>\n<p>mb, foto: VKP<\/p>\n<div id='gallery-1' class='gallery galleryid-6419 gallery-columns-3 gallery-size-thumbnail'><figure class='gallery-item'>\n\t\t\t<div class='gallery-icon landscape'>\n\t\t\t\t<a href='https:\/\/www.vkpbratislava.sk\/?attachment_id=6438'><img loading=\"lazy\" decoding=\"async\" width=\"160\" height=\"160\" src=\"https:\/\/www.vkpbratislava.sk\/wp-content\/uploads\/2021\/10\/IMG_9406-160x160.jpg\" class=\"attachment-thumbnail size-thumbnail\" alt=\"\" srcset=\"https:\/\/www.vkpbratislava.sk\/wp-content\/uploads\/2021\/10\/IMG_9406-160x160.jpg 160w, https:\/\/www.vkpbratislava.sk\/wp-content\/uploads\/2021\/10\/IMG_9406-320x320.jpg 320w, https:\/\/www.vkpbratislava.sk\/wp-content\/uploads\/2021\/10\/IMG_9406-640x640.jpg 640w, https:\/\/www.vkpbratislava.sk\/wp-content\/uploads\/2021\/10\/IMG_9406-1280x1280.jpg 1280w, https:\/\/www.vkpbratislava.sk\/wp-content\/uploads\/2021\/10\/IMG_9406-600x600.jpg 600w, https:\/\/www.vkpbratislava.sk\/wp-content\/uploads\/2021\/10\/IMG_9406-100x100.jpg 100w\" sizes=\"auto, (max-width: 160px) 100vw, 160px\" \/><\/a>\n\t\t\t<\/div><\/figure><figure class='gallery-item'>\n\t\t\t<div class='gallery-icon landscape'>\n\t\t\t\t<a href='https:\/\/www.vkpbratislava.sk\/?attachment_id=6437'><img loading=\"lazy\" decoding=\"async\" width=\"160\" height=\"160\" src=\"https:\/\/www.vkpbratislava.sk\/wp-content\/uploads\/2021\/10\/IMG_9434-160x160.jpg\" class=\"attachment-thumbnail size-thumbnail\" alt=\"\" srcset=\"https:\/\/www.vkpbratislava.sk\/wp-content\/uploads\/2021\/10\/IMG_9434-160x160.jpg 160w, https:\/\/www.vkpbratislava.sk\/wp-content\/uploads\/2021\/10\/IMG_9434-320x320.jpg 320w, https:\/\/www.vkpbratislava.sk\/wp-content\/uploads\/2021\/10\/IMG_9434-640x640.jpg 640w, https:\/\/www.vkpbratislava.sk\/wp-content\/uploads\/2021\/10\/IMG_9434-1280x1280.jpg 1280w, https:\/\/www.vkpbratislava.sk\/wp-content\/uploads\/2021\/10\/IMG_9434-600x600.jpg 600w, https:\/\/www.vkpbratislava.sk\/wp-content\/uploads\/2021\/10\/IMG_9434-100x100.jpg 100w\" sizes=\"auto, (max-width: 160px) 100vw, 160px\" \/><\/a>\n\t\t\t<\/div><\/figure><figure class='gallery-item'>\n\t\t\t<div class='gallery-icon landscape'>\n\t\t\t\t<a href='https:\/\/www.vkpbratislava.sk\/?attachment_id=6436'><img loading=\"lazy\" decoding=\"async\" width=\"160\" height=\"160\" src=\"https:\/\/www.vkpbratislava.sk\/wp-content\/uploads\/2021\/10\/IMG_9405-160x160.jpg\" class=\"attachment-thumbnail size-thumbnail\" alt=\"\" srcset=\"https:\/\/www.vkpbratislava.sk\/wp-content\/uploads\/2021\/10\/IMG_9405-160x160.jpg 160w, https:\/\/www.vkpbratislava.sk\/wp-content\/uploads\/2021\/10\/IMG_9405-320x320.jpg 320w, https:\/\/www.vkpbratislava.sk\/wp-content\/uploads\/2021\/10\/IMG_9405-640x640.jpg 640w, https:\/\/www.vkpbratislava.sk\/wp-content\/uploads\/2021\/10\/IMG_9405-1280x1280.jpg 1280w, https:\/\/www.vkpbratislava.sk\/wp-content\/uploads\/2021\/10\/IMG_9405-600x600.jpg 600w, https:\/\/www.vkpbratislava.sk\/wp-content\/uploads\/2021\/10\/IMG_9405-100x100.jpg 100w\" sizes=\"auto, (max-width: 160px) 100vw, 160px\" \/><\/a>\n\t\t\t<\/div><\/figure><figure class='gallery-item'>\n\t\t\t<div class='gallery-icon landscape'>\n\t\t\t\t<a href='https:\/\/www.vkpbratislava.sk\/?attachment_id=6435'><img loading=\"lazy\" decoding=\"async\" width=\"160\" height=\"160\" src=\"https:\/\/www.vkpbratislava.sk\/wp-content\/uploads\/2021\/10\/IMG_9410-160x160.jpg\" class=\"attachment-thumbnail size-thumbnail\" alt=\"\" srcset=\"https:\/\/www.vkpbratislava.sk\/wp-content\/uploads\/2021\/10\/IMG_9410-160x160.jpg 160w, https:\/\/www.vkpbratislava.sk\/wp-content\/uploads\/2021\/10\/IMG_9410-320x320.jpg 320w, https:\/\/www.vkpbratislava.sk\/wp-content\/uploads\/2021\/10\/IMG_9410-640x640.jpg 640w, https:\/\/www.vkpbratislava.sk\/wp-content\/uploads\/2021\/10\/IMG_9410-1280x1280.jpg 1280w, https:\/\/www.vkpbratislava.sk\/wp-content\/uploads\/2021\/10\/IMG_9410-600x600.jpg 600w, https:\/\/www.vkpbratislava.sk\/wp-content\/uploads\/2021\/10\/IMG_9410-100x100.jpg 100w\" sizes=\"auto, (max-width: 160px) 100vw, 160px\" \/><\/a>\n\t\t\t<\/div><\/figure><figure class='gallery-item'>\n\t\t\t<div class='gallery-icon landscape'>\n\t\t\t\t<a href='https:\/\/www.vkpbratislava.sk\/?attachment_id=6434'><img loading=\"lazy\" decoding=\"async\" width=\"160\" height=\"160\" src=\"https:\/\/www.vkpbratislava.sk\/wp-content\/uploads\/2021\/10\/IMG_9432-160x160.jpg\" class=\"attachment-thumbnail size-thumbnail\" alt=\"\" srcset=\"https:\/\/www.vkpbratislava.sk\/wp-content\/uploads\/2021\/10\/IMG_9432-160x160.jpg 160w, https:\/\/www.vkpbratislava.sk\/wp-content\/uploads\/2021\/10\/IMG_9432-320x320.jpg 320w, https:\/\/www.vkpbratislava.sk\/wp-content\/uploads\/2021\/10\/IMG_9432-640x640.jpg 640w, https:\/\/www.vkpbratislava.sk\/wp-content\/uploads\/2021\/10\/IMG_9432-1280x1280.jpg 1280w, https:\/\/www.vkpbratislava.sk\/wp-content\/uploads\/2021\/10\/IMG_9432-600x600.jpg 600w, https:\/\/www.vkpbratislava.sk\/wp-content\/uploads\/2021\/10\/IMG_9432-100x100.jpg 100w\" sizes=\"auto, (max-width: 160px) 100vw, 160px\" \/><\/a>\n\t\t\t<\/div><\/figure><figure class='gallery-item'>\n\t\t\t<div class='gallery-icon landscape'>\n\t\t\t\t<a href='https:\/\/www.vkpbratislava.sk\/?attachment_id=6429'><img loading=\"lazy\" decoding=\"async\" width=\"160\" height=\"160\" src=\"https:\/\/www.vkpbratislava.sk\/wp-content\/uploads\/2021\/10\/IMG_9425-160x160.jpg\" class=\"attachment-thumbnail size-thumbnail\" alt=\"\" srcset=\"https:\/\/www.vkpbratislava.sk\/wp-content\/uploads\/2021\/10\/IMG_9425-160x160.jpg 160w, https:\/\/www.vkpbratislava.sk\/wp-content\/uploads\/2021\/10\/IMG_9425-320x320.jpg 320w, https:\/\/www.vkpbratislava.sk\/wp-content\/uploads\/2021\/10\/IMG_9425-640x640.jpg 640w, https:\/\/www.vkpbratislava.sk\/wp-content\/uploads\/2021\/10\/IMG_9425-1280x1280.jpg 1280w, https:\/\/www.vkpbratislava.sk\/wp-content\/uploads\/2021\/10\/IMG_9425-600x600.jpg 600w, https:\/\/www.vkpbratislava.sk\/wp-content\/uploads\/2021\/10\/IMG_9425-100x100.jpg 100w\" sizes=\"auto, (max-width: 160px) 100vw, 160px\" \/><\/a>\n\t\t\t<\/div><\/figure><figure class='gallery-item'>\n\t\t\t<div class='gallery-icon landscape'>\n\t\t\t\t<a href='https:\/\/www.vkpbratislava.sk\/?attachment_id=6430'><img loading=\"lazy\" decoding=\"async\" width=\"160\" height=\"160\" src=\"https:\/\/www.vkpbratislava.sk\/wp-content\/uploads\/2021\/10\/IMG_9420-160x160.jpg\" class=\"attachment-thumbnail size-thumbnail\" alt=\"\" srcset=\"https:\/\/www.vkpbratislava.sk\/wp-content\/uploads\/2021\/10\/IMG_9420-160x160.jpg 160w, https:\/\/www.vkpbratislava.sk\/wp-content\/uploads\/2021\/10\/IMG_9420-320x320.jpg 320w, https:\/\/www.vkpbratislava.sk\/wp-content\/uploads\/2021\/10\/IMG_9420-640x640.jpg 640w, https:\/\/www.vkpbratislava.sk\/wp-content\/uploads\/2021\/10\/IMG_9420-1280x1280.jpg 1280w, https:\/\/www.vkpbratislava.sk\/wp-content\/uploads\/2021\/10\/IMG_9420-600x600.jpg 600w, https:\/\/www.vkpbratislava.sk\/wp-content\/uploads\/2021\/10\/IMG_9420-100x100.jpg 100w\" sizes=\"auto, (max-width: 160px) 100vw, 160px\" \/><\/a>\n\t\t\t<\/div><\/figure><figure class='gallery-item'>\n\t\t\t<div class='gallery-icon landscape'>\n\t\t\t\t<a href='https:\/\/www.vkpbratislava.sk\/?attachment_id=6431'><img loading=\"lazy\" decoding=\"async\" width=\"160\" height=\"160\" src=\"https:\/\/www.vkpbratislava.sk\/wp-content\/uploads\/2021\/10\/IMG_9446-160x160.jpg\" class=\"attachment-thumbnail size-thumbnail\" alt=\"\" srcset=\"https:\/\/www.vkpbratislava.sk\/wp-content\/uploads\/2021\/10\/IMG_9446-160x160.jpg 160w, https:\/\/www.vkpbratislava.sk\/wp-content\/uploads\/2021\/10\/IMG_9446-320x320.jpg 320w, https:\/\/www.vkpbratislava.sk\/wp-content\/uploads\/2021\/10\/IMG_9446-640x640.jpg 640w, https:\/\/www.vkpbratislava.sk\/wp-content\/uploads\/2021\/10\/IMG_9446-1280x1280.jpg 1280w, https:\/\/www.vkpbratislava.sk\/wp-content\/uploads\/2021\/10\/IMG_9446-600x600.jpg 600w, https:\/\/www.vkpbratislava.sk\/wp-content\/uploads\/2021\/10\/IMG_9446-100x100.jpg 100w\" sizes=\"auto, (max-width: 160px) 100vw, 160px\" \/><\/a>\n\t\t\t<\/div><\/figure><figure class='gallery-item'>\n\t\t\t<div class='gallery-icon landscape'>\n\t\t\t\t<a href='https:\/\/www.vkpbratislava.sk\/?attachment_id=6432'><img loading=\"lazy\" decoding=\"async\" width=\"160\" height=\"160\" src=\"https:\/\/www.vkpbratislava.sk\/wp-content\/uploads\/2021\/10\/IMG_9388-160x160.jpg\" class=\"attachment-thumbnail size-thumbnail\" alt=\"\" srcset=\"https:\/\/www.vkpbratislava.sk\/wp-content\/uploads\/2021\/10\/IMG_9388-160x160.jpg 160w, https:\/\/www.vkpbratislava.sk\/wp-content\/uploads\/2021\/10\/IMG_9388-320x320.jpg 320w, https:\/\/www.vkpbratislava.sk\/wp-content\/uploads\/2021\/10\/IMG_9388-640x640.jpg 640w, https:\/\/www.vkpbratislava.sk\/wp-content\/uploads\/2021\/10\/IMG_9388-1280x1280.jpg 1280w, https:\/\/www.vkpbratislava.sk\/wp-content\/uploads\/2021\/10\/IMG_9388-600x600.jpg 600w, https:\/\/www.vkpbratislava.sk\/wp-content\/uploads\/2021\/10\/IMG_9388-100x100.jpg 100w\" sizes=\"auto, (max-width: 160px) 100vw, 160px\" \/><\/a>\n\t\t\t<\/div><\/figure><figure class='gallery-item'>\n\t\t\t<div class='gallery-icon landscape'>\n\t\t\t\t<a href='https:\/\/www.vkpbratislava.sk\/?attachment_id=6433'><img loading=\"lazy\" decoding=\"async\" width=\"160\" height=\"160\" src=\"https:\/\/www.vkpbratislava.sk\/wp-content\/uploads\/2021\/10\/IMG_9389-160x160.jpg\" class=\"attachment-thumbnail size-thumbnail\" alt=\"\" srcset=\"https:\/\/www.vkpbratislava.sk\/wp-content\/uploads\/2021\/10\/IMG_9389-160x160.jpg 160w, https:\/\/www.vkpbratislava.sk\/wp-content\/uploads\/2021\/10\/IMG_9389-320x320.jpg 320w, https:\/\/www.vkpbratislava.sk\/wp-content\/uploads\/2021\/10\/IMG_9389-640x640.jpg 640w, https:\/\/www.vkpbratislava.sk\/wp-content\/uploads\/2021\/10\/IMG_9389-1280x1280.jpg 1280w, https:\/\/www.vkpbratislava.sk\/wp-content\/uploads\/2021\/10\/IMG_9389-600x600.jpg 600w, https:\/\/www.vkpbratislava.sk\/wp-content\/uploads\/2021\/10\/IMG_9389-100x100.jpg 100w\" sizes=\"auto, (max-width: 160px) 100vw, 160px\" \/><\/a>\n\t\t\t<\/div><\/figure><figure class='gallery-item'>\n\t\t\t<div class='gallery-icon landscape'>\n\t\t\t\t<a href='https:\/\/www.vkpbratislava.sk\/?attachment_id=6428'><img loading=\"lazy\" decoding=\"async\" width=\"160\" height=\"160\" src=\"https:\/\/www.vkpbratislava.sk\/wp-content\/uploads\/2021\/10\/IMG_9427-160x160.jpg\" class=\"attachment-thumbnail size-thumbnail\" alt=\"\" srcset=\"https:\/\/www.vkpbratislava.sk\/wp-content\/uploads\/2021\/10\/IMG_9427-160x160.jpg 160w, https:\/\/www.vkpbratislava.sk\/wp-content\/uploads\/2021\/10\/IMG_9427-320x320.jpg 320w, https:\/\/www.vkpbratislava.sk\/wp-content\/uploads\/2021\/10\/IMG_9427-640x640.jpg 640w, https:\/\/www.vkpbratislava.sk\/wp-content\/uploads\/2021\/10\/IMG_9427-1280x1280.jpg 1280w, https:\/\/www.vkpbratislava.sk\/wp-content\/uploads\/2021\/10\/IMG_9427-600x600.jpg 600w, https:\/\/www.vkpbratislava.sk\/wp-content\/uploads\/2021\/10\/IMG_9427-100x100.jpg 100w\" sizes=\"auto, (max-width: 160px) 100vw, 160px\" \/><\/a>\n\t\t\t<\/div><\/figure><figure class='gallery-item'>\n\t\t\t<div class='gallery-icon portrait'>\n\t\t\t\t<a href='https:\/\/www.vkpbratislava.sk\/?attachment_id=6427'><img loading=\"lazy\" decoding=\"async\" width=\"160\" height=\"160\" src=\"https:\/\/www.vkpbratislava.sk\/wp-content\/uploads\/2021\/10\/IMG_9442-160x160.jpg\" class=\"attachment-thumbnail size-thumbnail\" alt=\"\" srcset=\"https:\/\/www.vkpbratislava.sk\/wp-content\/uploads\/2021\/10\/IMG_9442-160x160.jpg 160w, https:\/\/www.vkpbratislava.sk\/wp-content\/uploads\/2021\/10\/IMG_9442-320x320.jpg 320w, https:\/\/www.vkpbratislava.sk\/wp-content\/uploads\/2021\/10\/IMG_9442-640x640.jpg 640w, https:\/\/www.vkpbratislava.sk\/wp-content\/uploads\/2021\/10\/IMG_9442-1280x1280.jpg 1280w, https:\/\/www.vkpbratislava.sk\/wp-content\/uploads\/2021\/10\/IMG_9442-600x600.jpg 600w, https:\/\/www.vkpbratislava.sk\/wp-content\/uploads\/2021\/10\/IMG_9442-100x100.jpg 100w\" sizes=\"auto, (max-width: 160px) 100vw, 160px\" \/><\/a>\n\t\t\t<\/div><\/figure><figure class='gallery-item'>\n\t\t\t<div class='gallery-icon landscape'>\n\t\t\t\t<a href='https:\/\/www.vkpbratislava.sk\/?attachment_id=6426'><img loading=\"lazy\" decoding=\"async\" width=\"160\" height=\"160\" src=\"https:\/\/www.vkpbratislava.sk\/wp-content\/uploads\/2021\/10\/IMG_9401-160x160.jpg\" class=\"attachment-thumbnail size-thumbnail\" alt=\"\" srcset=\"https:\/\/www.vkpbratislava.sk\/wp-content\/uploads\/2021\/10\/IMG_9401-160x160.jpg 160w, https:\/\/www.vkpbratislava.sk\/wp-content\/uploads\/2021\/10\/IMG_9401-320x320.jpg 320w, https:\/\/www.vkpbratislava.sk\/wp-content\/uploads\/2021\/10\/IMG_9401-640x640.jpg 640w, https:\/\/www.vkpbratislava.sk\/wp-content\/uploads\/2021\/10\/IMG_9401-1280x1280.jpg 1280w, https:\/\/www.vkpbratislava.sk\/wp-content\/uploads\/2021\/10\/IMG_9401-600x600.jpg 600w, https:\/\/www.vkpbratislava.sk\/wp-content\/uploads\/2021\/10\/IMG_9401-100x100.jpg 100w\" sizes=\"auto, (max-width: 160px) 100vw, 160px\" \/><\/a>\n\t\t\t<\/div><\/figure><figure class='gallery-item'>\n\t\t\t<div class='gallery-icon landscape'>\n\t\t\t\t<a href='https:\/\/www.vkpbratislava.sk\/?attachment_id=6425'><img loading=\"lazy\" decoding=\"async\" width=\"160\" height=\"160\" src=\"https:\/\/www.vkpbratislava.sk\/wp-content\/uploads\/2021\/10\/IMG_9413-160x160.jpg\" class=\"attachment-thumbnail size-thumbnail\" alt=\"\" srcset=\"https:\/\/www.vkpbratislava.sk\/wp-content\/uploads\/2021\/10\/IMG_9413-160x160.jpg 160w, https:\/\/www.vkpbratislava.sk\/wp-content\/uploads\/2021\/10\/IMG_9413-320x320.jpg 320w, https:\/\/www.vkpbratislava.sk\/wp-content\/uploads\/2021\/10\/IMG_9413-640x640.jpg 640w, https:\/\/www.vkpbratislava.sk\/wp-content\/uploads\/2021\/10\/IMG_9413-1280x1280.jpg 1280w, https:\/\/www.vkpbratislava.sk\/wp-content\/uploads\/2021\/10\/IMG_9413-600x600.jpg 600w, https:\/\/www.vkpbratislava.sk\/wp-content\/uploads\/2021\/10\/IMG_9413-100x100.jpg 100w\" sizes=\"auto, (max-width: 160px) 100vw, 160px\" \/><\/a>\n\t\t\t<\/div><\/figure><figure class='gallery-item'>\n\t\t\t<div class='gallery-icon landscape'>\n\t\t\t\t<a href='https:\/\/www.vkpbratislava.sk\/?attachment_id=6424'><img loading=\"lazy\" decoding=\"async\" width=\"160\" height=\"160\" src=\"https:\/\/www.vkpbratislava.sk\/wp-content\/uploads\/2021\/10\/IMG_9411-160x160.jpg\" class=\"attachment-thumbnail size-thumbnail\" alt=\"\" srcset=\"https:\/\/www.vkpbratislava.sk\/wp-content\/uploads\/2021\/10\/IMG_9411-160x160.jpg 160w, https:\/\/www.vkpbratislava.sk\/wp-content\/uploads\/2021\/10\/IMG_9411-320x320.jpg 320w, https:\/\/www.vkpbratislava.sk\/wp-content\/uploads\/2021\/10\/IMG_9411-640x640.jpg 640w, https:\/\/www.vkpbratislava.sk\/wp-content\/uploads\/2021\/10\/IMG_9411-1280x1280.jpg 1280w, https:\/\/www.vkpbratislava.sk\/wp-content\/uploads\/2021\/10\/IMG_9411-600x600.jpg 600w, https:\/\/www.vkpbratislava.sk\/wp-content\/uploads\/2021\/10\/IMG_9411-100x100.jpg 100w\" sizes=\"auto, (max-width: 160px) 100vw, 160px\" \/><\/a>\n\t\t\t<\/div><\/figure><figure class='gallery-item'>\n\t\t\t<div class='gallery-icon landscape'>\n\t\t\t\t<a href='https:\/\/www.vkpbratislava.sk\/?attachment_id=6421'><img loading=\"lazy\" decoding=\"async\" width=\"160\" height=\"160\" src=\"https:\/\/www.vkpbratislava.sk\/wp-content\/uploads\/2021\/10\/IMG_9438-160x160.jpg\" class=\"attachment-thumbnail size-thumbnail\" alt=\"\" srcset=\"https:\/\/www.vkpbratislava.sk\/wp-content\/uploads\/2021\/10\/IMG_9438-160x160.jpg 160w, https:\/\/www.vkpbratislava.sk\/wp-content\/uploads\/2021\/10\/IMG_9438-320x320.jpg 320w, https:\/\/www.vkpbratislava.sk\/wp-content\/uploads\/2021\/10\/IMG_9438-640x640.jpg 640w, https:\/\/www.vkpbratislava.sk\/wp-content\/uploads\/2021\/10\/IMG_9438-1280x1280.jpg 1280w, https:\/\/www.vkpbratislava.sk\/wp-content\/uploads\/2021\/10\/IMG_9438-600x600.jpg 600w, https:\/\/www.vkpbratislava.sk\/wp-content\/uploads\/2021\/10\/IMG_9438-100x100.jpg 100w\" sizes=\"auto, (max-width: 160px) 100vw, 160px\" \/><\/a>\n\t\t\t<\/div><\/figure><figure class='gallery-item'>\n\t\t\t<div class='gallery-icon landscape'>\n\t\t\t\t<a href='https:\/\/www.vkpbratislava.sk\/?attachment_id=6422'><img loading=\"lazy\" decoding=\"async\" width=\"160\" height=\"160\" src=\"https:\/\/www.vkpbratislava.sk\/wp-content\/uploads\/2021\/10\/IMG_9433-160x160.jpg\" class=\"attachment-thumbnail size-thumbnail\" alt=\"\" srcset=\"https:\/\/www.vkpbratislava.sk\/wp-content\/uploads\/2021\/10\/IMG_9433-160x160.jpg 160w, https:\/\/www.vkpbratislava.sk\/wp-content\/uploads\/2021\/10\/IMG_9433-320x320.jpg 320w, https:\/\/www.vkpbratislava.sk\/wp-content\/uploads\/2021\/10\/IMG_9433-640x640.jpg 640w, https:\/\/www.vkpbratislava.sk\/wp-content\/uploads\/2021\/10\/IMG_9433-1280x1280.jpg 1280w, https:\/\/www.vkpbratislava.sk\/wp-content\/uploads\/2021\/10\/IMG_9433-600x600.jpg 600w, https:\/\/www.vkpbratislava.sk\/wp-content\/uploads\/2021\/10\/IMG_9433-100x100.jpg 100w\" sizes=\"auto, (max-width: 160px) 100vw, 160px\" \/><\/a>\n\t\t\t<\/div><\/figure><figure class='gallery-item'>\n\t\t\t<div class='gallery-icon landscape'>\n\t\t\t\t<a href='https:\/\/www.vkpbratislava.sk\/?attachment_id=6423'><img loading=\"lazy\" decoding=\"async\" width=\"160\" height=\"160\" src=\"https:\/\/www.vkpbratislava.sk\/wp-content\/uploads\/2021\/10\/IMG_9424-160x160.jpg\" class=\"attachment-thumbnail size-thumbnail\" alt=\"\" srcset=\"https:\/\/www.vkpbratislava.sk\/wp-content\/uploads\/2021\/10\/IMG_9424-160x160.jpg 160w, https:\/\/www.vkpbratislava.sk\/wp-content\/uploads\/2021\/10\/IMG_9424-320x320.jpg 320w, https:\/\/www.vkpbratislava.sk\/wp-content\/uploads\/2021\/10\/IMG_9424-640x640.jpg 640w, https:\/\/www.vkpbratislava.sk\/wp-content\/uploads\/2021\/10\/IMG_9424-1280x1280.jpg 1280w, https:\/\/www.vkpbratislava.sk\/wp-content\/uploads\/2021\/10\/IMG_9424-600x600.jpg 600w, https:\/\/www.vkpbratislava.sk\/wp-content\/uploads\/2021\/10\/IMG_9424-100x100.jpg 100w\" sizes=\"auto, (max-width: 160px) 100vw, 160px\" \/><\/a>\n\t\t\t<\/div><\/figure>\n\t\t<\/div>\n\n<p>&nbsp;<\/p>\n","protected":false},"excerpt":{"rendered":"<p>Po v\u00fdhre na Myjave v\u00a01. kole Stredoeur\u00f3pskej ligy MEVZA prehrali volejbalisti VKP Bratislava v\u00a02. kole na palubovke Waldviertelu 3:0.<\/p>\n","protected":false},"author":3,"featured_media":6437,"comment_status":"closed","ping_status":"open","sticky":false,"template":"","format":"standard","meta":{"_monsterinsights_skip_tracking":false,"_monsterinsights_sitenote_active":false,"_monsterinsights_sitenote_note":"","_monsterinsights_sitenote_category":0,"footnotes":""},"categories":[47],"tags":[],"class_list":["post-6419","post","type-post","status-publish","format-standard","has-post-thumbnail","hentry","category-muzi"],"yoast_head":"<!-- This site is optimized with the Yoast SEO plugin v25.6 - https:\/\/yoast.com\/wordpress\/plugins\/seo\/ -->\n<title>Omladina potr\u00e1pila Waldviertel - VK SLOVAN Bratislava<\/title>\n<meta name=\"description\" content=\"Po v\u00fdhre na Myjave v\u00a01. kole Stredoeur\u00f3pskej ligy MEVZA prehrali volejbalisti VKP Bratislava v\u00a02. kole na palubovke Waldviertelu 3:0.\" \/>\n<meta name=\"robots\" content=\"index, follow, max-snippet:-1, max-image-preview:large, max-video-preview:-1\" \/>\n<link rel=\"canonical\" href=\"https:\/\/www.vkpbratislava.sk\/?p=6419\" \/>\n<meta property=\"og:locale\" content=\"sk_SK\" \/>\n<meta property=\"og:type\" content=\"article\" \/>\n<meta property=\"og:title\" content=\"Omladina potr\u00e1pila Waldviertel - VK SLOVAN Bratislava\" \/>\n<meta property=\"og:description\" content=\"Po v\u00fdhre na Myjave v\u00a01. kole Stredoeur\u00f3pskej ligy MEVZA prehrali volejbalisti VKP Bratislava v\u00a02. kole na palubovke Waldviertelu 3:0.\" \/>\n<meta property=\"og:url\" content=\"https:\/\/www.vkpbratislava.sk\/?p=6419\" \/>\n<meta property=\"og:site_name\" content=\"VK SLOVAN Bratislava\" \/>\n<meta property=\"article:published_time\" content=\"2021-10-06T19:17:20+00:00\" \/>\n<meta property=\"article:modified_time\" content=\"2021-10-06T19:17:42+00:00\" \/>\n<meta property=\"og:image\" content=\"https:\/\/www.vkpbratislava.sk\/wp-content\/uploads\/2021\/10\/IMG_9434-scaled.jpg\" \/>\n\t<meta property=\"og:image:width\" content=\"2560\" \/>\n\t<meta property=\"og:image:height\" content=\"1920\" \/>\n\t<meta property=\"og:image:type\" content=\"image\/jpeg\" \/>\n<meta name=\"author\" content=\"jenca\" \/>\n<meta name=\"twitter:card\" content=\"summary_large_image\" \/>\n<meta name=\"twitter:label1\" content=\"Autor\" \/>\n\t<meta name=\"twitter:data1\" content=\"jenca\" \/>\n\t<meta name=\"twitter:label2\" content=\"Predpokladan\u00fd \u010das \u010d\u00edtania\" \/>\n\t<meta name=\"twitter:data2\" content=\"2 min\u00faty\" \/>\n<script type=\"application\/ld+json\" class=\"yoast-schema-graph\">{\"@context\":\"https:\/\/schema.org\",\"@graph\":[{\"@type\":\"Article\",\"@id\":\"https:\/\/www.vkpbratislava.sk\/?p=6419#article\",\"isPartOf\":{\"@id\":\"https:\/\/www.vkpbratislava.sk\/?p=6419\"},\"author\":{\"name\":\"jenca\",\"@id\":\"https:\/\/www.vkpbratislava.sk\/#\/schema\/person\/7037e769f9515aa58493d1b5852c4c50\"},\"headline\":\"Omladina potr\u00e1pila Waldviertel\",\"datePublished\":\"2021-10-06T19:17:20+00:00\",\"dateModified\":\"2021-10-06T19:17:42+00:00\",\"mainEntityOfPage\":{\"@id\":\"https:\/\/www.vkpbratislava.sk\/?p=6419\"},\"wordCount\":438,\"publisher\":{\"@id\":\"https:\/\/www.vkpbratislava.sk\/#organization\"},\"image\":{\"@id\":\"https:\/\/www.vkpbratislava.sk\/?p=6419#primaryimage\"},\"thumbnailUrl\":\"https:\/\/www.vkpbratislava.sk\/wp-content\/uploads\/2021\/10\/IMG_9434-scaled.jpg\",\"articleSection\":[\"Mu\u017ei\"],\"inLanguage\":\"sk-SK\"},{\"@type\":\"WebPage\",\"@id\":\"https:\/\/www.vkpbratislava.sk\/?p=6419\",\"url\":\"https:\/\/www.vkpbratislava.sk\/?p=6419\",\"name\":\"Omladina potr\u00e1pila Waldviertel - VK SLOVAN Bratislava\",\"isPartOf\":{\"@id\":\"https:\/\/www.vkpbratislava.sk\/#website\"},\"primaryImageOfPage\":{\"@id\":\"https:\/\/www.vkpbratislava.sk\/?p=6419#primaryimage\"},\"image\":{\"@id\":\"https:\/\/www.vkpbratislava.sk\/?p=6419#primaryimage\"},\"thumbnailUrl\":\"https:\/\/www.vkpbratislava.sk\/wp-content\/uploads\/2021\/10\/IMG_9434-scaled.jpg\",\"datePublished\":\"2021-10-06T19:17:20+00:00\",\"dateModified\":\"2021-10-06T19:17:42+00:00\",\"description\":\"Po v\u00fdhre na Myjave v\u00a01. kole Stredoeur\u00f3pskej ligy MEVZA prehrali volejbalisti VKP Bratislava v\u00a02. kole na palubovke Waldviertelu 3:0.\",\"breadcrumb\":{\"@id\":\"https:\/\/www.vkpbratislava.sk\/?p=6419#breadcrumb\"},\"inLanguage\":\"sk-SK\",\"potentialAction\":[{\"@type\":\"ReadAction\",\"target\":[\"https:\/\/www.vkpbratislava.sk\/?p=6419\"]}]},{\"@type\":\"ImageObject\",\"inLanguage\":\"sk-SK\",\"@id\":\"https:\/\/www.vkpbratislava.sk\/?p=6419#primaryimage\",\"url\":\"https:\/\/www.vkpbratislava.sk\/wp-content\/uploads\/2021\/10\/IMG_9434-scaled.jpg\",\"contentUrl\":\"https:\/\/www.vkpbratislava.sk\/wp-content\/uploads\/2021\/10\/IMG_9434-scaled.jpg\",\"width\":2560,\"height\":1920},{\"@type\":\"BreadcrumbList\",\"@id\":\"https:\/\/www.vkpbratislava.sk\/?p=6419#breadcrumb\",\"itemListElement\":[{\"@type\":\"ListItem\",\"position\":1,\"name\":\"Domov\",\"item\":\"https:\/\/www.vkpbratislava.sk\/\"},{\"@type\":\"ListItem\",\"position\":2,\"name\":\"Omladina potr\u00e1pila Waldviertel\"}]},{\"@type\":\"WebSite\",\"@id\":\"https:\/\/www.vkpbratislava.sk\/#website\",\"url\":\"https:\/\/www.vkpbratislava.sk\/\",\"name\":\"VK SLOVAN Bratislava\",\"description\":\"Volejbalov\u00fd klub\",\"publisher\":{\"@id\":\"https:\/\/www.vkpbratislava.sk\/#organization\"},\"potentialAction\":[{\"@type\":\"SearchAction\",\"target\":{\"@type\":\"EntryPoint\",\"urlTemplate\":\"https:\/\/www.vkpbratislava.sk\/?s={search_term_string}\"},\"query-input\":{\"@type\":\"PropertyValueSpecification\",\"valueRequired\":true,\"valueName\":\"search_term_string\"}}],\"inLanguage\":\"sk-SK\"},{\"@type\":\"Organization\",\"@id\":\"https:\/\/www.vkpbratislava.sk\/#organization\",\"name\":\"VKP Bratislava\",\"url\":\"https:\/\/www.vkpbratislava.sk\/\",\"logo\":{\"@type\":\"ImageObject\",\"inLanguage\":\"sk-SK\",\"@id\":\"https:\/\/www.vkpbratislava.sk\/#\/schema\/logo\/image\/\",\"url\":\"https:\/\/www.vkpbratislava.sk\/wp-content\/uploads\/2020\/10\/vkpBA.png\",\"contentUrl\":\"https:\/\/www.vkpbratislava.sk\/wp-content\/uploads\/2020\/10\/vkpBA.png\",\"width\":600,\"height\":600,\"caption\":\"VKP Bratislava\"},\"image\":{\"@id\":\"https:\/\/www.vkpbratislava.sk\/#\/schema\/logo\/image\/\"}},{\"@type\":\"Person\",\"@id\":\"https:\/\/www.vkpbratislava.sk\/#\/schema\/person\/7037e769f9515aa58493d1b5852c4c50\",\"name\":\"jenca\",\"image\":{\"@type\":\"ImageObject\",\"inLanguage\":\"sk-SK\",\"@id\":\"https:\/\/www.vkpbratislava.sk\/#\/schema\/person\/image\/\",\"url\":\"https:\/\/secure.gravatar.com\/avatar\/67aa89e9aab2911bbd0c6fbf0a891ea8d80c207c9b6a6e2c96e13fc2f16e536d?s=96&d=mm&r=g\",\"contentUrl\":\"https:\/\/secure.gravatar.com\/avatar\/67aa89e9aab2911bbd0c6fbf0a891ea8d80c207c9b6a6e2c96e13fc2f16e536d?s=96&d=mm&r=g\",\"caption\":\"jenca\"},\"url\":\"https:\/\/www.vkpbratislava.sk\/?author=3\"}]}<\/script>\n<!-- \/ Yoast SEO plugin. -->","yoast_head_json":{"title":"Omladina potr\u00e1pila Waldviertel - VK SLOVAN Bratislava","description":"Po v\u00fdhre na Myjave v\u00a01. kole Stredoeur\u00f3pskej ligy MEVZA prehrali volejbalisti VKP Bratislava v\u00a02. kole na palubovke Waldviertelu 3:0.","robots":{"index":"index","follow":"follow","max-snippet":"max-snippet:-1","max-image-preview":"max-image-preview:large","max-video-preview":"max-video-preview:-1"},"canonical":"https:\/\/www.vkpbratislava.sk\/?p=6419","og_locale":"sk_SK","og_type":"article","og_title":"Omladina potr\u00e1pila Waldviertel - VK SLOVAN Bratislava","og_description":"Po v\u00fdhre na Myjave v\u00a01. kole Stredoeur\u00f3pskej ligy MEVZA prehrali volejbalisti VKP Bratislava v\u00a02. kole na palubovke Waldviertelu 3:0.","og_url":"https:\/\/www.vkpbratislava.sk\/?p=6419","og_site_name":"VK SLOVAN Bratislava","article_published_time":"2021-10-06T19:17:20+00:00","article_modified_time":"2021-10-06T19:17:42+00:00","og_image":[{"width":2560,"height":1920,"url":"https:\/\/www.vkpbratislava.sk\/wp-content\/uploads\/2021\/10\/IMG_9434-scaled.jpg","type":"image\/jpeg"}],"author":"jenca","twitter_card":"summary_large_image","twitter_misc":{"Autor":"jenca","Predpokladan\u00fd \u010das \u010d\u00edtania":"2 min\u00faty"},"schema":{"@context":"https:\/\/schema.org","@graph":[{"@type":"Article","@id":"https:\/\/www.vkpbratislava.sk\/?p=6419#article","isPartOf":{"@id":"https:\/\/www.vkpbratislava.sk\/?p=6419"},"author":{"name":"jenca","@id":"https:\/\/www.vkpbratislava.sk\/#\/schema\/person\/7037e769f9515aa58493d1b5852c4c50"},"headline":"Omladina potr\u00e1pila Waldviertel","datePublished":"2021-10-06T19:17:20+00:00","dateModified":"2021-10-06T19:17:42+00:00","mainEntityOfPage":{"@id":"https:\/\/www.vkpbratislava.sk\/?p=6419"},"wordCount":438,"publisher":{"@id":"https:\/\/www.vkpbratislava.sk\/#organization"},"image":{"@id":"https:\/\/www.vkpbratislava.sk\/?p=6419#primaryimage"},"thumbnailUrl":"https:\/\/www.vkpbratislava.sk\/wp-content\/uploads\/2021\/10\/IMG_9434-scaled.jpg","articleSection":["Mu\u017ei"],"inLanguage":"sk-SK"},{"@type":"WebPage","@id":"https:\/\/www.vkpbratislava.sk\/?p=6419","url":"https:\/\/www.vkpbratislava.sk\/?p=6419","name":"Omladina potr\u00e1pila Waldviertel - VK SLOVAN Bratislava","isPartOf":{"@id":"https:\/\/www.vkpbratislava.sk\/#website"},"primaryImageOfPage":{"@id":"https:\/\/www.vkpbratislava.sk\/?p=6419#primaryimage"},"image":{"@id":"https:\/\/www.vkpbratislava.sk\/?p=6419#primaryimage"},"thumbnailUrl":"https:\/\/www.vkpbratislava.sk\/wp-content\/uploads\/2021\/10\/IMG_9434-scaled.jpg","datePublished":"2021-10-06T19:17:20+00:00","dateModified":"2021-10-06T19:17:42+00:00","description":"Po v\u00fdhre na Myjave v\u00a01. kole Stredoeur\u00f3pskej ligy MEVZA prehrali volejbalisti VKP Bratislava v\u00a02. kole na palubovke Waldviertelu 3:0.","breadcrumb":{"@id":"https:\/\/www.vkpbratislava.sk\/?p=6419#breadcrumb"},"inLanguage":"sk-SK","potentialAction":[{"@type":"ReadAction","target":["https:\/\/www.vkpbratislava.sk\/?p=6419"]}]},{"@type":"ImageObject","inLanguage":"sk-SK","@id":"https:\/\/www.vkpbratislava.sk\/?p=6419#primaryimage","url":"https:\/\/www.vkpbratislava.sk\/wp-content\/uploads\/2021\/10\/IMG_9434-scaled.jpg","contentUrl":"https:\/\/www.vkpbratislava.sk\/wp-content\/uploads\/2021\/10\/IMG_9434-scaled.jpg","width":2560,"height":1920},{"@type":"BreadcrumbList","@id":"https:\/\/www.vkpbratislava.sk\/?p=6419#breadcrumb","itemListElement":[{"@type":"ListItem","position":1,"name":"Domov","item":"https:\/\/www.vkpbratislava.sk\/"},{"@type":"ListItem","position":2,"name":"Omladina potr\u00e1pila Waldviertel"}]},{"@type":"WebSite","@id":"https:\/\/www.vkpbratislava.sk\/#website","url":"https:\/\/www.vkpbratislava.sk\/","name":"VK SLOVAN Bratislava","description":"Volejbalov\u00fd klub","publisher":{"@id":"https:\/\/www.vkpbratislava.sk\/#organization"},"potentialAction":[{"@type":"SearchAction","target":{"@type":"EntryPoint","urlTemplate":"https:\/\/www.vkpbratislava.sk\/?s={search_term_string}"},"query-input":{"@type":"PropertyValueSpecification","valueRequired":true,"valueName":"search_term_string"}}],"inLanguage":"sk-SK"},{"@type":"Organization","@id":"https:\/\/www.vkpbratislava.sk\/#organization","name":"VKP Bratislava","url":"https:\/\/www.vkpbratislava.sk\/","logo":{"@type":"ImageObject","inLanguage":"sk-SK","@id":"https:\/\/www.vkpbratislava.sk\/#\/schema\/logo\/image\/","url":"https:\/\/www.vkpbratislava.sk\/wp-content\/uploads\/2020\/10\/vkpBA.png","contentUrl":"https:\/\/www.vkpbratislava.sk\/wp-content\/uploads\/2020\/10\/vkpBA.png","width":600,"height":600,"caption":"VKP Bratislava"},"image":{"@id":"https:\/\/www.vkpbratislava.sk\/#\/schema\/logo\/image\/"}},{"@type":"Person","@id":"https:\/\/www.vkpbratislava.sk\/#\/schema\/person\/7037e769f9515aa58493d1b5852c4c50","name":"jenca","image":{"@type":"ImageObject","inLanguage":"sk-SK","@id":"https:\/\/www.vkpbratislava.sk\/#\/schema\/person\/image\/","url":"https:\/\/secure.gravatar.com\/avatar\/67aa89e9aab2911bbd0c6fbf0a891ea8d80c207c9b6a6e2c96e13fc2f16e536d?s=96&d=mm&r=g","contentUrl":"https:\/\/secure.gravatar.com\/avatar\/67aa89e9aab2911bbd0c6fbf0a891ea8d80c207c9b6a6e2c96e13fc2f16e536d?s=96&d=mm&r=g","caption":"jenca"},"url":"https:\/\/www.vkpbratislava.sk\/?author=3"}]}},"_links":{"self":[{"href":"https:\/\/www.vkpbratislava.sk\/index.php?rest_route=\/wp\/v2\/posts\/6419","targetHints":{"allow":["GET"]}}],"collection":[{"href":"https:\/\/www.vkpbratislava.sk\/index.php?rest_route=\/wp\/v2\/posts"}],"about":[{"href":"https:\/\/www.vkpbratislava.sk\/index.php?rest_route=\/wp\/v2\/types\/post"}],"author":[{"embeddable":true,"href":"https:\/\/www.vkpbratislava.sk\/index.php?rest_route=\/wp\/v2\/users\/3"}],"replies":[{"embeddable":true,"href":"https:\/\/www.vkpbratislava.sk\/index.php?rest_route=%2Fwp%2Fv2%2Fcomments&post=6419"}],"version-history":[{"count":2,"href":"https:\/\/www.vkpbratislava.sk\/index.php?rest_route=\/wp\/v2\/posts\/6419\/revisions"}],"predecessor-version":[{"id":6439,"href":"https:\/\/www.vkpbratislava.sk\/index.php?rest_route=\/wp\/v2\/posts\/6419\/revisions\/6439"}],"wp:featuredmedia":[{"embeddable":true,"href":"https:\/\/www.vkpbratislava.sk\/index.php?rest_route=\/wp\/v2\/media\/6437"}],"wp:attachment":[{"href":"https:\/\/www.vkpbratislava.sk\/index.php?rest_route=%2Fwp%2Fv2%2Fmedia&parent=6419"}],"wp:term":[{"taxonomy":"category","embeddable":true,"href":"https:\/\/www.vkpbratislava.sk\/index.php?rest_route=%2Fwp%2Fv2%2Fcategories&post=6419"},{"taxonomy":"post_tag","embeddable":true,"href":"https:\/\/www.vkpbratislava.sk\/index.php?rest_route=%2Fwp%2Fv2%2Ftags&post=6419"}],"curies":[{"name":"wp","href":"https:\/\/api.w.org\/{rel}","templated":true}]}}