{"id":6445,"date":"2021-10-07T12:55:57","date_gmt":"2021-10-07T10:55:57","guid":{"rendered":"https:\/\/www.vkpbratislava.sk\/?p=6445"},"modified":"2021-10-07T12:57:26","modified_gmt":"2021-10-07T10:57:26","slug":"permanentky-uz-v-predaji-vyhodna-cena-aj-darcek","status":"publish","type":"post","link":"https:\/\/www.vkpbratislava.sk\/?p=6445","title":{"rendered":"Permanentky u\u017e v predaji: v\u00fdhodn\u00e1 cena aj dar\u010dek"},"content":{"rendered":"<div class=\"kvgmc6g5 cxmmr5t8 oygrvhab hcukyx3x c1et5uql ii04i59q\">\n<h6 dir=\"auto\">Pre v\u0161etk\u00fdch fan\u00fa\u0161ikov m\u00e1me pripraven\u00e9 celosez\u00f3one permanentky viacer\u00fdch kateg\u00f3ri\u00ed:<\/h6>\n<h5 dir=\"auto\">1.\u00a0na v\u0161etky z\u00e1pasy mu\u017eov &#8211; Extraliga (vr\u00e1tane play-off), MEVZA, Challenge Cup, Slovensk\u00fd poh\u00e1r<\/h5>\n<h5 dir=\"auto\"><span class=\"pq6dq46d tbxw36s4 knj5qynh kvgmc6g5 ditlmg2l oygrvhab nvdbi5me sf5mxxl7 gl3lb2sf hhz5lgdu\">2. <\/span>na v\u0161etky z\u00e1pasy \u017eien &#8211; Extraliga (vr\u00e1tane nadstavby a play-off), Challenge Cup, Slovensk\u00fd poh\u00e1r<\/h5>\n<h5 dir=\"auto\"><span class=\"pq6dq46d tbxw36s4 knj5qynh kvgmc6g5 ditlmg2l oygrvhab nvdbi5me sf5mxxl7 gl3lb2sf hhz5lgdu\">3. <\/span>na v\u0161etky z\u00e1pasy mu\u017eov a \u017eien (vr\u00e1tane v\u0161etk\u00fdch s\u00fa\u0165a\u017e\u00ed)<\/h5>\n<\/div>\n<h4 dir=\"auto\"><span style=\"color: #ff0000;\">Objedn\u00e1vky m\u00f4\u017eete posiela\u0165 na email: office@vkpbratislava.sk<\/span><\/h4>\n<div class=\"o9v6fnle cxmmr5t8 oygrvhab hcukyx3x c1et5uql ii04i59q\">\n<h5 dir=\"auto\">Prv\u00fdch 50 z\u00e1ujemcov dostane od klubu mal\u00fd dar\u010dek.<\/h5>\n<p><img loading=\"lazy\" decoding=\"async\" class=\"alignnone size-medium wp-image-6446\" src=\"https:\/\/www.vkpbratislava.sk\/wp-content\/uploads\/2021\/10\/perme-predaj-640x704.jpg\" alt=\"\" width=\"640\" height=\"704\" srcset=\"https:\/\/www.vkpbratislava.sk\/wp-content\/uploads\/2021\/10\/perme-predaj-640x704.jpg 640w, https:\/\/www.vkpbratislava.sk\/wp-content\/uploads\/2021\/10\/perme-predaj-1280x1408.jpg 1280w, https:\/\/www.vkpbratislava.sk\/wp-content\/uploads\/2021\/10\/perme-predaj-768x845.jpg 768w, https:\/\/www.vkpbratislava.sk\/wp-content\/uploads\/2021\/10\/perme-predaj-1396x1536.jpg 1396w, https:\/\/www.vkpbratislava.sk\/wp-content\/uploads\/2021\/10\/perme-predaj-1862x2048.jpg 1862w, https:\/\/www.vkpbratislava.sk\/wp-content\/uploads\/2021\/10\/perme-predaj-320x352.jpg 320w, https:\/\/www.vkpbratislava.sk\/wp-content\/uploads\/2021\/10\/perme-predaj-600x660.jpg 600w\" sizes=\"auto, (max-width: 640px) 100vw, 640px\" \/><\/p>\n<\/div>\n","protected":false},"excerpt":{"rendered":"<p>Pre v\u0161etk\u00fdch fan\u00fa\u0161ikov m\u00e1me pripraven\u00e9 celosez\u00f3one permanentky viacer\u00fdch kateg\u00f3ri\u00ed: 1.\u00a0na v\u0161etky z\u00e1pasy mu\u017eov &#8211; Extraliga (vr\u00e1tane play-off), MEVZA, Challenge Cup, Slovensk\u00fd poh\u00e1r 2. na v\u0161etky z\u00e1pasy \u017eien &#8211; Extraliga (vr\u00e1tane nadstavby a play-off), Challenge Cup, Slovensk\u00fd poh\u00e1r 3. na v\u0161etky z\u00e1pasy mu\u017eov a \u017eien (vr\u00e1tane v\u0161etk\u00fdch s\u00fa\u0165a\u017e\u00ed) Objedn\u00e1vky m\u00f4\u017eete posiela\u0165 na email: office@vkpbratislava.sk Prv\u00fdch 50&#8230;<\/p>\n","protected":false},"author":3,"featured_media":6241,"comment_status":"closed","ping_status":"open","sticky":false,"template":"","format":"standard","meta":{"_monsterinsights_skip_tracking":false,"_monsterinsights_sitenote_active":false,"_monsterinsights_sitenote_note":"","_monsterinsights_sitenote_category":0,"footnotes":""},"categories":[1],"tags":[],"class_list":["post-6445","post","type-post","status-publish","format-standard","has-post-thumbnail","hentry","category-nezaradene"],"yoast_head":"<!-- This site is optimized with the Yoast SEO plugin v25.6 - https:\/\/yoast.com\/wordpress\/plugins\/seo\/ -->\n<title>Permanentky u\u017e v predaji: v\u00fdhodn\u00e1 cena aj dar\u010dek - VK SLOVAN Bratislava<\/title>\n<meta name=\"robots\" content=\"index, follow, max-snippet:-1, max-image-preview:large, max-video-preview:-1\" \/>\n<link rel=\"canonical\" href=\"https:\/\/www.vkpbratislava.sk\/?p=6445\" \/>\n<meta property=\"og:locale\" content=\"sk_SK\" \/>\n<meta property=\"og:type\" content=\"article\" \/>\n<meta property=\"og:title\" content=\"Permanentky u\u017e v predaji: v\u00fdhodn\u00e1 cena aj dar\u010dek - VK SLOVAN Bratislava\" \/>\n<meta property=\"og:description\" content=\"Pre v\u0161etk\u00fdch fan\u00fa\u0161ikov m\u00e1me pripraven\u00e9 celosez\u00f3one permanentky viacer\u00fdch kateg\u00f3ri\u00ed: 1.\u00a0na v\u0161etky z\u00e1pasy mu\u017eov &#8211; Extraliga (vr\u00e1tane play-off), MEVZA, Challenge Cup, Slovensk\u00fd poh\u00e1r 2. na v\u0161etky z\u00e1pasy \u017eien &#8211; Extraliga (vr\u00e1tane nadstavby a play-off), Challenge Cup, Slovensk\u00fd poh\u00e1r 3. na v\u0161etky z\u00e1pasy mu\u017eov a \u017eien (vr\u00e1tane v\u0161etk\u00fdch s\u00fa\u0165a\u017e\u00ed) Objedn\u00e1vky m\u00f4\u017eete posiela\u0165 na email: office@vkpbratislava.sk Prv\u00fdch 50...\" \/>\n<meta property=\"og:url\" content=\"https:\/\/www.vkpbratislava.sk\/?p=6445\" \/>\n<meta property=\"og:site_name\" content=\"VK SLOVAN Bratislava\" \/>\n<meta property=\"article:published_time\" content=\"2021-10-07T10:55:57+00:00\" \/>\n<meta property=\"article:modified_time\" content=\"2021-10-07T10:57:26+00:00\" \/>\n<meta property=\"og:image\" content=\"https:\/\/www.vkpbratislava.sk\/wp-content\/uploads\/2021\/10\/20211002_IgorUrban_VKP-BA-Z-vs-Trnava_675_-scaled.jpg\" \/>\n\t<meta property=\"og:image:width\" content=\"2560\" \/>\n\t<meta property=\"og:image:height\" content=\"1707\" \/>\n\t<meta property=\"og:image:type\" content=\"image\/jpeg\" \/>\n<meta name=\"author\" content=\"jenca\" \/>\n<meta name=\"twitter:card\" content=\"summary_large_image\" \/>\n<meta name=\"twitter:label1\" content=\"Autor\" \/>\n\t<meta name=\"twitter:data1\" content=\"jenca\" \/>\n\t<meta name=\"twitter:label2\" content=\"Predpokladan\u00fd \u010das \u010d\u00edtania\" \/>\n\t<meta name=\"twitter:data2\" content=\"1 min\u00fata\" \/>\n<script type=\"application\/ld+json\" class=\"yoast-schema-graph\">{\"@context\":\"https:\/\/schema.org\",\"@graph\":[{\"@type\":\"Article\",\"@id\":\"https:\/\/www.vkpbratislava.sk\/?p=6445#article\",\"isPartOf\":{\"@id\":\"https:\/\/www.vkpbratislava.sk\/?p=6445\"},\"author\":{\"name\":\"jenca\",\"@id\":\"https:\/\/www.vkpbratislava.sk\/#\/schema\/person\/7037e769f9515aa58493d1b5852c4c50\"},\"headline\":\"Permanentky u\u017e v predaji: v\u00fdhodn\u00e1 cena aj dar\u010dek\",\"datePublished\":\"2021-10-07T10:55:57+00:00\",\"dateModified\":\"2021-10-07T10:57:26+00:00\",\"mainEntityOfPage\":{\"@id\":\"https:\/\/www.vkpbratislava.sk\/?p=6445\"},\"wordCount\":98,\"publisher\":{\"@id\":\"https:\/\/www.vkpbratislava.sk\/#organization\"},\"image\":{\"@id\":\"https:\/\/www.vkpbratislava.sk\/?p=6445#primaryimage\"},\"thumbnailUrl\":\"https:\/\/www.vkpbratislava.sk\/wp-content\/uploads\/2021\/10\/20211002_IgorUrban_VKP-BA-Z-vs-Trnava_675_-scaled.jpg\",\"inLanguage\":\"sk-SK\"},{\"@type\":\"WebPage\",\"@id\":\"https:\/\/www.vkpbratislava.sk\/?p=6445\",\"url\":\"https:\/\/www.vkpbratislava.sk\/?p=6445\",\"name\":\"Permanentky u\u017e v predaji: v\u00fdhodn\u00e1 cena aj dar\u010dek - VK SLOVAN Bratislava\",\"isPartOf\":{\"@id\":\"https:\/\/www.vkpbratislava.sk\/#website\"},\"primaryImageOfPage\":{\"@id\":\"https:\/\/www.vkpbratislava.sk\/?p=6445#primaryimage\"},\"image\":{\"@id\":\"https:\/\/www.vkpbratislava.sk\/?p=6445#primaryimage\"},\"thumbnailUrl\":\"https:\/\/www.vkpbratislava.sk\/wp-content\/uploads\/2021\/10\/20211002_IgorUrban_VKP-BA-Z-vs-Trnava_675_-scaled.jpg\",\"datePublished\":\"2021-10-07T10:55:57+00:00\",\"dateModified\":\"2021-10-07T10:57:26+00:00\",\"breadcrumb\":{\"@id\":\"https:\/\/www.vkpbratislava.sk\/?p=6445#breadcrumb\"},\"inLanguage\":\"sk-SK\",\"potentialAction\":[{\"@type\":\"ReadAction\",\"target\":[\"https:\/\/www.vkpbratislava.sk\/?p=6445\"]}]},{\"@type\":\"ImageObject\",\"inLanguage\":\"sk-SK\",\"@id\":\"https:\/\/www.vkpbratislava.sk\/?p=6445#primaryimage\",\"url\":\"https:\/\/www.vkpbratislava.sk\/wp-content\/uploads\/2021\/10\/20211002_IgorUrban_VKP-BA-Z-vs-Trnava_675_-scaled.jpg\",\"contentUrl\":\"https:\/\/www.vkpbratislava.sk\/wp-content\/uploads\/2021\/10\/20211002_IgorUrban_VKP-BA-Z-vs-Trnava_675_-scaled.jpg\",\"width\":2560,\"height\":1707,\"caption\":\"Photos during VKP BA Z vs Trnava at Bratislava, Slovakia onOctober-02-2021. Photo: iurban@iurban.sk\"},{\"@type\":\"BreadcrumbList\",\"@id\":\"https:\/\/www.vkpbratislava.sk\/?p=6445#breadcrumb\",\"itemListElement\":[{\"@type\":\"ListItem\",\"position\":1,\"name\":\"Domov\",\"item\":\"https:\/\/www.vkpbratislava.sk\/\"},{\"@type\":\"ListItem\",\"position\":2,\"name\":\"Permanentky u\u017e v predaji: v\u00fdhodn\u00e1 cena aj dar\u010dek\"}]},{\"@type\":\"WebSite\",\"@id\":\"https:\/\/www.vkpbratislava.sk\/#website\",\"url\":\"https:\/\/www.vkpbratislava.sk\/\",\"name\":\"VK SLOVAN Bratislava\",\"description\":\"Volejbalov\u00fd klub\",\"publisher\":{\"@id\":\"https:\/\/www.vkpbratislava.sk\/#organization\"},\"potentialAction\":[{\"@type\":\"SearchAction\",\"target\":{\"@type\":\"EntryPoint\",\"urlTemplate\":\"https:\/\/www.vkpbratislava.sk\/?s={search_term_string}\"},\"query-input\":{\"@type\":\"PropertyValueSpecification\",\"valueRequired\":true,\"valueName\":\"search_term_string\"}}],\"inLanguage\":\"sk-SK\"},{\"@type\":\"Organization\",\"@id\":\"https:\/\/www.vkpbratislava.sk\/#organization\",\"name\":\"VKP Bratislava\",\"url\":\"https:\/\/www.vkpbratislava.sk\/\",\"logo\":{\"@type\":\"ImageObject\",\"inLanguage\":\"sk-SK\",\"@id\":\"https:\/\/www.vkpbratislava.sk\/#\/schema\/logo\/image\/\",\"url\":\"https:\/\/www.vkpbratislava.sk\/wp-content\/uploads\/2020\/10\/vkpBA.png\",\"contentUrl\":\"https:\/\/www.vkpbratislava.sk\/wp-content\/uploads\/2020\/10\/vkpBA.png\",\"width\":600,\"height\":600,\"caption\":\"VKP Bratislava\"},\"image\":{\"@id\":\"https:\/\/www.vkpbratislava.sk\/#\/schema\/logo\/image\/\"}},{\"@type\":\"Person\",\"@id\":\"https:\/\/www.vkpbratislava.sk\/#\/schema\/person\/7037e769f9515aa58493d1b5852c4c50\",\"name\":\"jenca\",\"image\":{\"@type\":\"ImageObject\",\"inLanguage\":\"sk-SK\",\"@id\":\"https:\/\/www.vkpbratislava.sk\/#\/schema\/person\/image\/\",\"url\":\"https:\/\/secure.gravatar.com\/avatar\/67aa89e9aab2911bbd0c6fbf0a891ea8d80c207c9b6a6e2c96e13fc2f16e536d?s=96&d=mm&r=g\",\"contentUrl\":\"https:\/\/secure.gravatar.com\/avatar\/67aa89e9aab2911bbd0c6fbf0a891ea8d80c207c9b6a6e2c96e13fc2f16e536d?s=96&d=mm&r=g\",\"caption\":\"jenca\"},\"url\":\"https:\/\/www.vkpbratislava.sk\/?author=3\"}]}<\/script>\n<!-- \/ Yoast SEO plugin. -->","yoast_head_json":{"title":"Permanentky u\u017e v predaji: v\u00fdhodn\u00e1 cena aj dar\u010dek - VK SLOVAN Bratislava","robots":{"index":"index","follow":"follow","max-snippet":"max-snippet:-1","max-image-preview":"max-image-preview:large","max-video-preview":"max-video-preview:-1"},"canonical":"https:\/\/www.vkpbratislava.sk\/?p=6445","og_locale":"sk_SK","og_type":"article","og_title":"Permanentky u\u017e v predaji: v\u00fdhodn\u00e1 cena aj dar\u010dek - VK SLOVAN Bratislava","og_description":"Pre v\u0161etk\u00fdch fan\u00fa\u0161ikov m\u00e1me pripraven\u00e9 celosez\u00f3one permanentky viacer\u00fdch kateg\u00f3ri\u00ed: 1.\u00a0na v\u0161etky z\u00e1pasy mu\u017eov &#8211; Extraliga (vr\u00e1tane play-off), MEVZA, Challenge Cup, Slovensk\u00fd poh\u00e1r 2. na v\u0161etky z\u00e1pasy \u017eien &#8211; Extraliga (vr\u00e1tane nadstavby a play-off), Challenge Cup, Slovensk\u00fd poh\u00e1r 3. na v\u0161etky z\u00e1pasy mu\u017eov a \u017eien (vr\u00e1tane v\u0161etk\u00fdch s\u00fa\u0165a\u017e\u00ed) Objedn\u00e1vky m\u00f4\u017eete posiela\u0165 na email: office@vkpbratislava.sk Prv\u00fdch 50...","og_url":"https:\/\/www.vkpbratislava.sk\/?p=6445","og_site_name":"VK SLOVAN Bratislava","article_published_time":"2021-10-07T10:55:57+00:00","article_modified_time":"2021-10-07T10:57:26+00:00","og_image":[{"width":2560,"height":1707,"url":"https:\/\/www.vkpbratislava.sk\/wp-content\/uploads\/2021\/10\/20211002_IgorUrban_VKP-BA-Z-vs-Trnava_675_-scaled.jpg","type":"image\/jpeg"}],"author":"jenca","twitter_card":"summary_large_image","twitter_misc":{"Autor":"jenca","Predpokladan\u00fd \u010das \u010d\u00edtania":"1 min\u00fata"},"schema":{"@context":"https:\/\/schema.org","@graph":[{"@type":"Article","@id":"https:\/\/www.vkpbratislava.sk\/?p=6445#article","isPartOf":{"@id":"https:\/\/www.vkpbratislava.sk\/?p=6445"},"author":{"name":"jenca","@id":"https:\/\/www.vkpbratislava.sk\/#\/schema\/person\/7037e769f9515aa58493d1b5852c4c50"},"headline":"Permanentky u\u017e v predaji: v\u00fdhodn\u00e1 cena aj dar\u010dek","datePublished":"2021-10-07T10:55:57+00:00","dateModified":"2021-10-07T10:57:26+00:00","mainEntityOfPage":{"@id":"https:\/\/www.vkpbratislava.sk\/?p=6445"},"wordCount":98,"publisher":{"@id":"https:\/\/www.vkpbratislava.sk\/#organization"},"image":{"@id":"https:\/\/www.vkpbratislava.sk\/?p=6445#primaryimage"},"thumbnailUrl":"https:\/\/www.vkpbratislava.sk\/wp-content\/uploads\/2021\/10\/20211002_IgorUrban_VKP-BA-Z-vs-Trnava_675_-scaled.jpg","inLanguage":"sk-SK"},{"@type":"WebPage","@id":"https:\/\/www.vkpbratislava.sk\/?p=6445","url":"https:\/\/www.vkpbratislava.sk\/?p=6445","name":"Permanentky u\u017e v predaji: v\u00fdhodn\u00e1 cena aj dar\u010dek - VK SLOVAN Bratislava","isPartOf":{"@id":"https:\/\/www.vkpbratislava.sk\/#website"},"primaryImageOfPage":{"@id":"https:\/\/www.vkpbratislava.sk\/?p=6445#primaryimage"},"image":{"@id":"https:\/\/www.vkpbratislava.sk\/?p=6445#primaryimage"},"thumbnailUrl":"https:\/\/www.vkpbratislava.sk\/wp-content\/uploads\/2021\/10\/20211002_IgorUrban_VKP-BA-Z-vs-Trnava_675_-scaled.jpg","datePublished":"2021-10-07T10:55:57+00:00","dateModified":"2021-10-07T10:57:26+00:00","breadcrumb":{"@id":"https:\/\/www.vkpbratislava.sk\/?p=6445#breadcrumb"},"inLanguage":"sk-SK","potentialAction":[{"@type":"ReadAction","target":["https:\/\/www.vkpbratislava.sk\/?p=6445"]}]},{"@type":"ImageObject","inLanguage":"sk-SK","@id":"https:\/\/www.vkpbratislava.sk\/?p=6445#primaryimage","url":"https:\/\/www.vkpbratislava.sk\/wp-content\/uploads\/2021\/10\/20211002_IgorUrban_VKP-BA-Z-vs-Trnava_675_-scaled.jpg","contentUrl":"https:\/\/www.vkpbratislava.sk\/wp-content\/uploads\/2021\/10\/20211002_IgorUrban_VKP-BA-Z-vs-Trnava_675_-scaled.jpg","width":2560,"height":1707,"caption":"Photos during VKP BA Z vs Trnava at Bratislava, Slovakia onOctober-02-2021. Photo: iurban@iurban.sk"},{"@type":"BreadcrumbList","@id":"https:\/\/www.vkpbratislava.sk\/?p=6445#breadcrumb","itemListElement":[{"@type":"ListItem","position":1,"name":"Domov","item":"https:\/\/www.vkpbratislava.sk\/"},{"@type":"ListItem","position":2,"name":"Permanentky u\u017e v predaji: v\u00fdhodn\u00e1 cena aj dar\u010dek"}]},{"@type":"WebSite","@id":"https:\/\/www.vkpbratislava.sk\/#website","url":"https:\/\/www.vkpbratislava.sk\/","name":"VK SLOVAN Bratislava","description":"Volejbalov\u00fd klub","publisher":{"@id":"https:\/\/www.vkpbratislava.sk\/#organization"},"potentialAction":[{"@type":"SearchAction","target":{"@type":"EntryPoint","urlTemplate":"https:\/\/www.vkpbratislava.sk\/?s={search_term_string}"},"query-input":{"@type":"PropertyValueSpecification","valueRequired":true,"valueName":"search_term_string"}}],"inLanguage":"sk-SK"},{"@type":"Organization","@id":"https:\/\/www.vkpbratislava.sk\/#organization","name":"VKP Bratislava","url":"https:\/\/www.vkpbratislava.sk\/","logo":{"@type":"ImageObject","inLanguage":"sk-SK","@id":"https:\/\/www.vkpbratislava.sk\/#\/schema\/logo\/image\/","url":"https:\/\/www.vkpbratislava.sk\/wp-content\/uploads\/2020\/10\/vkpBA.png","contentUrl":"https:\/\/www.vkpbratislava.sk\/wp-content\/uploads\/2020\/10\/vkpBA.png","width":600,"height":600,"caption":"VKP Bratislava"},"image":{"@id":"https:\/\/www.vkpbratislava.sk\/#\/schema\/logo\/image\/"}},{"@type":"Person","@id":"https:\/\/www.vkpbratislava.sk\/#\/schema\/person\/7037e769f9515aa58493d1b5852c4c50","name":"jenca","image":{"@type":"ImageObject","inLanguage":"sk-SK","@id":"https:\/\/www.vkpbratislava.sk\/#\/schema\/person\/image\/","url":"https:\/\/secure.gravatar.com\/avatar\/67aa89e9aab2911bbd0c6fbf0a891ea8d80c207c9b6a6e2c96e13fc2f16e536d?s=96&d=mm&r=g","contentUrl":"https:\/\/secure.gravatar.com\/avatar\/67aa89e9aab2911bbd0c6fbf0a891ea8d80c207c9b6a6e2c96e13fc2f16e536d?s=96&d=mm&r=g","caption":"jenca"},"url":"https:\/\/www.vkpbratislava.sk\/?author=3"}]}},"_links":{"self":[{"href":"https:\/\/www.vkpbratislava.sk\/index.php?rest_route=\/wp\/v2\/posts\/6445","targetHints":{"allow":["GET"]}}],"collection":[{"href":"https:\/\/www.vkpbratislava.sk\/index.php?rest_route=\/wp\/v2\/posts"}],"about":[{"href":"https:\/\/www.vkpbratislava.sk\/index.php?rest_route=\/wp\/v2\/types\/post"}],"author":[{"embeddable":true,"href":"https:\/\/www.vkpbratislava.sk\/index.php?rest_route=\/wp\/v2\/users\/3"}],"replies":[{"embeddable":true,"href":"https:\/\/www.vkpbratislava.sk\/index.php?rest_route=%2Fwp%2Fv2%2Fcomments&post=6445"}],"version-history":[{"count":3,"href":"https:\/\/www.vkpbratislava.sk\/index.php?rest_route=\/wp\/v2\/posts\/6445\/revisions"}],"predecessor-version":[{"id":6449,"href":"https:\/\/www.vkpbratislava.sk\/index.php?rest_route=\/wp\/v2\/posts\/6445\/revisions\/6449"}],"wp:featuredmedia":[{"embeddable":true,"href":"https:\/\/www.vkpbratislava.sk\/index.php?rest_route=\/wp\/v2\/media\/6241"}],"wp:attachment":[{"href":"https:\/\/www.vkpbratislava.sk\/index.php?rest_route=%2Fwp%2Fv2%2Fmedia&parent=6445"}],"wp:term":[{"taxonomy":"category","embeddable":true,"href":"https:\/\/www.vkpbratislava.sk\/index.php?rest_route=%2Fwp%2Fv2%2Fcategories&post=6445"},{"taxonomy":"post_tag","embeddable":true,"href":"https:\/\/www.vkpbratislava.sk\/index.php?rest_route=%2Fwp%2Fv2%2Ftags&post=6445"}],"curies":[{"name":"wp","href":"https:\/\/api.w.org\/{rel}","templated":true}]}}