{"id":6455,"date":"2021-10-08T00:02:53","date_gmt":"2021-10-07T22:02:53","guid":{"rendered":"https:\/\/www.vkpbratislava.sk\/?p=6455"},"modified":"2021-10-13T18:33:46","modified_gmt":"2021-10-13T16:33:46","slug":"ma-len-17-rokov-simon-cervenak-si-plni-sen-v-acku-vkp","status":"publish","type":"post","link":"https:\/\/www.vkpbratislava.sk\/?p=6455","title":{"rendered":"M\u00e1 len 17 rokov. \u0160imon \u010cerven\u00e1k si pln\u00ed sen v\u00a0\u00e1\u010dku VKP"},"content":{"rendered":"<p><strong>Pre\u0161iel v\u0161etk\u00fdmi ml\u00e1de\u017en\u00edckymi kateg\u00f3riami VKP Bratislava a\u00a0v\u00a0aktu\u00e1lnej sez\u00f3ne sa prepracoval aj na s\u00fapisku \u00e1\u010dka. Dokonca dostal \u0161ancu aj v\u00a0z\u00e1pase Stredoeur\u00f3pskej ligy MEVZA na palubovke Waldviertelu. \u0160imon \u010cerven\u00e1k m\u00e1 odmali\u010dka v krvi DNA bratislavsk\u00e9ho VKP.<\/strong><\/p>\n<p>\u201eDajte vyrobi\u0165 aj dres pre \u0160imona \u010cerven\u00e1ka,\u201c znelo po letnej pr\u00edprave z\u00a0tr\u00e9nersk\u00e9ho \u0161t\u00e1bu VKP Bratislava. Mlad\u00fd sme\u010diar si vybral \u010d\u00edslo 17, rovnak\u00e9 ako ukazuje jeho vek pri mene. O\u00a0necel\u00fd mesiac osl\u00e1vi 18, no u\u017e teraz si pln\u00ed volejbalov\u00e9 sny. \u201eSom r\u00e1d, \u017ee som dostal od tr\u00e9nera \u0161ancu. Sna\u017e\u00edm sa maka\u0165, pracova\u0165 na sebe, zlep\u0161ova\u0165 sa. Pom\u00e1ha mi aj to, \u017ee m\u00e1m okolo seba ve\u013ea kvalitn\u00fdch a\u00a0sk\u00fasen\u00fdch hr\u00e1\u010dov. M\u00f4\u017eem sa od nich ve\u013ea u\u010di\u0165. Te\u0161\u00ed ma, \u017ee ma prijali medzi seba. Ka\u017ed\u00fa radu od nich sa sna\u017e\u00edm zu\u017eitkova\u0165,\u201c uviedol \u0161tudent Hotelovej akad\u00e9mie v\u00a0Bratislave. \u201eE\u0161te doned\u00e1vna by som im mohol len pod\u00e1va\u0165 lopty alebo im fandi\u0165 v\u00a0h\u013eadisku \u010di v\u00a0telev\u00edzii, teraz som s\u00a0nimi v\u00a0jednej \u0161atni. Niektor\u00fdm by som mohol e\u0161te vyka\u0165, ale sme skvel\u00e1 partia. Samozrejme, hierarchia mus\u00ed by\u0165 zachovan\u00e1,\u201c pousmial sa \u0160imon.<\/p>\n<p><img loading=\"lazy\" decoding=\"async\" class=\"alignnone size-medium wp-image-6461\" src=\"https:\/\/www.vkpbratislava.sk\/wp-content\/uploads\/2021\/10\/DF1A5545-640x427.jpg\" alt=\"\" width=\"640\" height=\"427\" srcset=\"https:\/\/www.vkpbratislava.sk\/wp-content\/uploads\/2021\/10\/DF1A5545-640x427.jpg 640w, https:\/\/www.vkpbratislava.sk\/wp-content\/uploads\/2021\/10\/DF1A5545-1280x853.jpg 1280w, https:\/\/www.vkpbratislava.sk\/wp-content\/uploads\/2021\/10\/DF1A5545-768x512.jpg 768w, https:\/\/www.vkpbratislava.sk\/wp-content\/uploads\/2021\/10\/DF1A5545-1536x1024.jpg 1536w, https:\/\/www.vkpbratislava.sk\/wp-content\/uploads\/2021\/10\/DF1A5545-320x213.jpg 320w, https:\/\/www.vkpbratislava.sk\/wp-content\/uploads\/2021\/10\/DF1A5545-600x400.jpg 600w, https:\/\/www.vkpbratislava.sk\/wp-content\/uploads\/2021\/10\/DF1A5545.jpg 2048w\" sizes=\"auto, (max-width: 640px) 100vw, 640px\" \/><\/p>\n<p>V\u00a0tejto sez\u00f3ne dostal pr\u00edle\u017eitos\u0165 na p\u00e1r l\u00f4pt v\u00a01. kole extraligy v\u00a0Tren\u010d\u00edne, v\u00a0Stredoeur\u00f3pskej lige MEVZA na Myjave sa na palubovku nedostal, no debut ako hrom za\u017eil v\u00a0stredu v\u00a0rak\u00faskom Zwettli, kde odohral cel\u00fd duel. \u201eBol to dobr\u00fd z\u00e1pas, hrali sme v\u00a0mladej zostave. Mysl\u00edm si, \u017ee sme podali dobr\u00fd v\u00fdkon, ale mohlo to by\u0165 e\u0161te lep\u0161ie. Som r\u00e1d, \u017ee tr\u00e9ner dal \u0161ancu aj mlad\u00fdm hr\u00e1\u010dom. Mal som aj tr\u00e9mu, ne\u010dakal som, \u017ee budem hra\u0165 v\u00a0z\u00e1klade. Myslel som si, \u017ee nast\u00fapim a\u017e v\u00a0priebehu. Pr\u00edprava bola u\u00a0m\u0148a tak\u00e1 ist\u00e1. Spoluhr\u00e1\u010di mi pomohli, podr\u017eali ma v\u00a0\u0165a\u017ek\u00fdch momentoch a\u00a0za to im \u010fakujem. Sna\u017eil som sa odv\u010fa\u010di\u0165 tr\u00e9nerovi za d\u00f4veru,\u201c prezradil \u0160imon \u010cerven\u00e1k. Jeho volejbalov\u00fd rast m\u00e1 pod nosom u\u017e nieko\u013eko rokov s\u00fa\u010dasn\u00fd asistent tr\u00e9nera a\u00a0\u0161\u00e9ftr\u00e9ner ml\u00e1de\u017ee Juraj Ti\u0148o: \u201eU\u017e ako star\u0161\u00ed \u017eiak disponoval vlastnos\u0165ami, ktor\u00e9 mu dovo\u013eovali tr\u00e9nova\u0165 a\u00a0hra\u0165 so star\u0161\u00edmi spoluhr\u00e1\u010dmi. Cel\u00fd \u010das smeroval k\u00a0ve\u013ek\u00e9mu volejbalu a\u00a0teraz, po \u0161iestich rokoch pr\u00e1ce, \u00faspechov aj ne\u00faspechov dostal pr\u00edle\u017eitos\u0165, ktor\u00fa si zasl\u00fa\u017ei a ost\u00e1va mu len zabra\u0165 a\u00a0pracova\u0165 e\u0161te lep\u0161ie a\u00a0tvrd\u0161ie, aby bol schopn\u00fd naplni\u0165 si svoj sen.\u201c<\/p>\n<h6>Vysmiaty hunc\u00fat<\/h6>\n<p>Z\u00e1kladn\u00fa volejbalov\u00fa abecedu do \u0160imona \u010cerven\u00e1ka v\u0161tepovala Danka Garaiov\u00e1, ktor\u00e1 bola jeho prvou tr\u00e9nerkou vo VKP Bratislava. \u201eAko si spom\u00ednam na \u0160imona? Na prv\u00fd tr\u00e9ning vo\u0161iel do telocvi\u010dne drobn\u00fd chlap\u010dek v\u00a0sprievode rodi\u010dov. So svojim povestn\u00fdm \u00fasmevom a\u00a0mil\u00fdmi pehami na tv\u00e1ri. A\u00a0v\u00a0telocvi\u010dni vy\u0161lo slnko. V\u010faka za tak\u00e9to typy. Od \u017eia\u010dikov bol \u0160imon mil\u00fd, slu\u0161n\u00fd, pracovit\u00fd \u0161portovec. Kde bolo hunc\u00fatstvo, tam bol aj on. Aj to patr\u00ed k\u00a0\u017eivotu \u0161portovcov. Na prvom koloto\u010di v\u00a0PKO hral so svojou mamou. Odnieslo si to jej koleno. Pri vstupe do telocvi\u010dne som v\u017edy po\u010dula: dobr\u00fd de\u0148, pani tr\u00e9nerka. Aj to je pr\u00e1ca s\u00a0ml\u00e1de\u017eou vo VKP. U\u010d\u00edme deti hra\u0165 volejbal, vedieme ich k\u00a0hrdosti ku klubu, tr\u00e9nerom, spoluhr\u00e1\u010dom i\u00a0s\u00faperom. Aby tvrdo na sebe pracovali a\u00a0ctili si ka\u017ed\u00fd okam\u017eik na \u0161portovisku. Po dlhom \u010dase som bola v\u00a0hale, do ktorej vst\u00fapil mlad\u00fd mu\u017e, ktor\u00fd sa musel mierne prikr\u010di\u0165 vo dver\u00e1ch a\u00a0s povestn\u00fdm \u00fasmevom hovor\u00ed: dobr\u00fd de\u0148, pani tr\u00e9nerka, ako sa m\u00e1te?,\u201c zaspom\u00ednala si Danka Garaiov\u00e1.<\/p>\n<div id='gallery-1' class='gallery galleryid-6455 gallery-columns-2 gallery-size-medium'><figure class='gallery-item'>\n\t\t\t<div class='gallery-icon landscape'>\n\t\t\t\t<a href='https:\/\/www.vkpbratislava.sk\/?attachment_id=6471'><img loading=\"lazy\" decoding=\"async\" width=\"640\" height=\"480\" src=\"https:\/\/www.vkpbratislava.sk\/wp-content\/uploads\/2021\/10\/IMG_20170712_111137-640x480.jpg\" class=\"attachment-medium size-medium\" alt=\"\" srcset=\"https:\/\/www.vkpbratislava.sk\/wp-content\/uploads\/2021\/10\/IMG_20170712_111137-640x480.jpg 640w, https:\/\/www.vkpbratislava.sk\/wp-content\/uploads\/2021\/10\/IMG_20170712_111137-1280x960.jpg 1280w, https:\/\/www.vkpbratislava.sk\/wp-content\/uploads\/2021\/10\/IMG_20170712_111137-768x576.jpg 768w, https:\/\/www.vkpbratislava.sk\/wp-content\/uploads\/2021\/10\/IMG_20170712_111137-1536x1152.jpg 1536w, https:\/\/www.vkpbratislava.sk\/wp-content\/uploads\/2021\/10\/IMG_20170712_111137-2048x1536.jpg 2048w, https:\/\/www.vkpbratislava.sk\/wp-content\/uploads\/2021\/10\/IMG_20170712_111137-320x240.jpg 320w, https:\/\/www.vkpbratislava.sk\/wp-content\/uploads\/2021\/10\/IMG_20170712_111137-600x450.jpg 600w\" sizes=\"auto, (max-width: 640px) 100vw, 640px\" \/><\/a>\n\t\t\t<\/div><\/figure><figure class='gallery-item'>\n\t\t\t<div class='gallery-icon landscape'>\n\t\t\t\t<a href='https:\/\/www.vkpbratislava.sk\/?attachment_id=6470'><img loading=\"lazy\" decoding=\"async\" width=\"640\" height=\"480\" src=\"https:\/\/www.vkpbratislava.sk\/wp-content\/uploads\/2021\/10\/IMG_20200308_114446-640x480.jpg\" class=\"attachment-medium size-medium\" alt=\"\" srcset=\"https:\/\/www.vkpbratislava.sk\/wp-content\/uploads\/2021\/10\/IMG_20200308_114446-640x480.jpg 640w, https:\/\/www.vkpbratislava.sk\/wp-content\/uploads\/2021\/10\/IMG_20200308_114446-1280x960.jpg 1280w, https:\/\/www.vkpbratislava.sk\/wp-content\/uploads\/2021\/10\/IMG_20200308_114446-768x576.jpg 768w, https:\/\/www.vkpbratislava.sk\/wp-content\/uploads\/2021\/10\/IMG_20200308_114446-1536x1152.jpg 1536w, https:\/\/www.vkpbratislava.sk\/wp-content\/uploads\/2021\/10\/IMG_20200308_114446-2048x1536.jpg 2048w, https:\/\/www.vkpbratislava.sk\/wp-content\/uploads\/2021\/10\/IMG_20200308_114446-320x240.jpg 320w, https:\/\/www.vkpbratislava.sk\/wp-content\/uploads\/2021\/10\/IMG_20200308_114446-600x450.jpg 600w\" sizes=\"auto, (max-width: 640px) 100vw, 640px\" \/><\/a>\n\t\t\t<\/div><\/figure><figure class='gallery-item'>\n\t\t\t<div class='gallery-icon landscape'>\n\t\t\t\t<a href='https:\/\/www.vkpbratislava.sk\/?attachment_id=6472'><img loading=\"lazy\" decoding=\"async\" width=\"640\" height=\"480\" src=\"https:\/\/www.vkpbratislava.sk\/wp-content\/uploads\/2021\/10\/IMG_20180704_103617-640x480.jpg\" class=\"attachment-medium size-medium\" alt=\"\" srcset=\"https:\/\/www.vkpbratislava.sk\/wp-content\/uploads\/2021\/10\/IMG_20180704_103617-640x480.jpg 640w, https:\/\/www.vkpbratislava.sk\/wp-content\/uploads\/2021\/10\/IMG_20180704_103617-1280x960.jpg 1280w, https:\/\/www.vkpbratislava.sk\/wp-content\/uploads\/2021\/10\/IMG_20180704_103617-768x576.jpg 768w, https:\/\/www.vkpbratislava.sk\/wp-content\/uploads\/2021\/10\/IMG_20180704_103617-1536x1152.jpg 1536w, https:\/\/www.vkpbratislava.sk\/wp-content\/uploads\/2021\/10\/IMG_20180704_103617-2048x1536.jpg 2048w, https:\/\/www.vkpbratislava.sk\/wp-content\/uploads\/2021\/10\/IMG_20180704_103617-320x240.jpg 320w, https:\/\/www.vkpbratislava.sk\/wp-content\/uploads\/2021\/10\/IMG_20180704_103617-600x450.jpg 600w\" sizes=\"auto, (max-width: 640px) 100vw, 640px\" \/><\/a>\n\t\t\t<\/div><\/figure><figure class='gallery-item'>\n\t\t\t<div class='gallery-icon landscape'>\n\t\t\t\t<a href='https:\/\/www.vkpbratislava.sk\/?attachment_id=6468'><img loading=\"lazy\" decoding=\"async\" width=\"640\" height=\"480\" src=\"https:\/\/www.vkpbratislava.sk\/wp-content\/uploads\/2021\/10\/IMG_20180325_171223-640x480.jpg\" class=\"attachment-medium size-medium\" alt=\"\" srcset=\"https:\/\/www.vkpbratislava.sk\/wp-content\/uploads\/2021\/10\/IMG_20180325_171223-640x480.jpg 640w, https:\/\/www.vkpbratislava.sk\/wp-content\/uploads\/2021\/10\/IMG_20180325_171223-1280x960.jpg 1280w, https:\/\/www.vkpbratislava.sk\/wp-content\/uploads\/2021\/10\/IMG_20180325_171223-768x576.jpg 768w, https:\/\/www.vkpbratislava.sk\/wp-content\/uploads\/2021\/10\/IMG_20180325_171223-1536x1152.jpg 1536w, https:\/\/www.vkpbratislava.sk\/wp-content\/uploads\/2021\/10\/IMG_20180325_171223-2048x1536.jpg 2048w, https:\/\/www.vkpbratislava.sk\/wp-content\/uploads\/2021\/10\/IMG_20180325_171223-320x240.jpg 320w, https:\/\/www.vkpbratislava.sk\/wp-content\/uploads\/2021\/10\/IMG_20180325_171223-600x450.jpg 600w\" sizes=\"auto, (max-width: 640px) 100vw, 640px\" \/><\/a>\n\t\t\t<\/div><\/figure><figure class='gallery-item'>\n\t\t\t<div class='gallery-icon landscape'>\n\t\t\t\t<a href='https:\/\/www.vkpbratislava.sk\/?attachment_id=6463'><img loading=\"lazy\" decoding=\"async\" width=\"640\" height=\"427\" src=\"https:\/\/www.vkpbratislava.sk\/wp-content\/uploads\/2021\/10\/DF1A0927-640x427.jpg\" class=\"attachment-medium size-medium\" alt=\"\" srcset=\"https:\/\/www.vkpbratislava.sk\/wp-content\/uploads\/2021\/10\/DF1A0927-640x427.jpg 640w, https:\/\/www.vkpbratislava.sk\/wp-content\/uploads\/2021\/10\/DF1A0927-1280x853.jpg 1280w, https:\/\/www.vkpbratislava.sk\/wp-content\/uploads\/2021\/10\/DF1A0927-768x512.jpg 768w, https:\/\/www.vkpbratislava.sk\/wp-content\/uploads\/2021\/10\/DF1A0927-1536x1024.jpg 1536w, https:\/\/www.vkpbratislava.sk\/wp-content\/uploads\/2021\/10\/DF1A0927-320x213.jpg 320w, https:\/\/www.vkpbratislava.sk\/wp-content\/uploads\/2021\/10\/DF1A0927-600x400.jpg 600w, https:\/\/www.vkpbratislava.sk\/wp-content\/uploads\/2021\/10\/DF1A0927.jpg 2048w\" sizes=\"auto, (max-width: 640px) 100vw, 640px\" \/><\/a>\n\t\t\t<\/div><\/figure><figure class='gallery-item'>\n\t\t\t<div class='gallery-icon landscape'>\n\t\t\t\t<a href='https:\/\/www.vkpbratislava.sk\/?attachment_id=6457'><img loading=\"lazy\" decoding=\"async\" width=\"640\" height=\"427\" src=\"https:\/\/www.vkpbratislava.sk\/wp-content\/uploads\/2021\/10\/DF1A1210-640x427.jpg\" class=\"attachment-medium size-medium\" alt=\"\" srcset=\"https:\/\/www.vkpbratislava.sk\/wp-content\/uploads\/2021\/10\/DF1A1210-640x427.jpg 640w, https:\/\/www.vkpbratislava.sk\/wp-content\/uploads\/2021\/10\/DF1A1210-1280x853.jpg 1280w, https:\/\/www.vkpbratislava.sk\/wp-content\/uploads\/2021\/10\/DF1A1210-768x512.jpg 768w, https:\/\/www.vkpbratislava.sk\/wp-content\/uploads\/2021\/10\/DF1A1210-1536x1024.jpg 1536w, https:\/\/www.vkpbratislava.sk\/wp-content\/uploads\/2021\/10\/DF1A1210-320x213.jpg 320w, https:\/\/www.vkpbratislava.sk\/wp-content\/uploads\/2021\/10\/DF1A1210-600x400.jpg 600w, https:\/\/www.vkpbratislava.sk\/wp-content\/uploads\/2021\/10\/DF1A1210.jpg 2048w\" sizes=\"auto, (max-width: 640px) 100vw, 640px\" \/><\/a>\n\t\t\t<\/div><\/figure><figure class='gallery-item'>\n\t\t\t<div class='gallery-icon landscape'>\n\t\t\t\t<a href='https:\/\/www.vkpbratislava.sk\/?attachment_id=6476'><img loading=\"lazy\" decoding=\"async\" width=\"640\" height=\"480\" src=\"https:\/\/www.vkpbratislava.sk\/wp-content\/uploads\/2021\/10\/WhatsApp-Image-2021-10-08-at-08.45.08-1-640x480.jpeg\" class=\"attachment-medium size-medium\" alt=\"\" srcset=\"https:\/\/www.vkpbratislava.sk\/wp-content\/uploads\/2021\/10\/WhatsApp-Image-2021-10-08-at-08.45.08-1-640x480.jpeg 640w, https:\/\/www.vkpbratislava.sk\/wp-content\/uploads\/2021\/10\/WhatsApp-Image-2021-10-08-at-08.45.08-1-1280x960.jpeg 1280w, https:\/\/www.vkpbratislava.sk\/wp-content\/uploads\/2021\/10\/WhatsApp-Image-2021-10-08-at-08.45.08-1-768x576.jpeg 768w, https:\/\/www.vkpbratislava.sk\/wp-content\/uploads\/2021\/10\/WhatsApp-Image-2021-10-08-at-08.45.08-1-1536x1152.jpeg 1536w, https:\/\/www.vkpbratislava.sk\/wp-content\/uploads\/2021\/10\/WhatsApp-Image-2021-10-08-at-08.45.08-1-320x240.jpeg 320w, https:\/\/www.vkpbratislava.sk\/wp-content\/uploads\/2021\/10\/WhatsApp-Image-2021-10-08-at-08.45.08-1-600x450.jpeg 600w, https:\/\/www.vkpbratislava.sk\/wp-content\/uploads\/2021\/10\/WhatsApp-Image-2021-10-08-at-08.45.08-1.jpeg 2000w\" sizes=\"auto, (max-width: 640px) 100vw, 640px\" \/><\/a>\n\t\t\t<\/div><\/figure><figure class='gallery-item'>\n\t\t\t<div class='gallery-icon portrait'>\n\t\t\t\t<a href='https:\/\/www.vkpbratislava.sk\/?attachment_id=6477'><img loading=\"lazy\" decoding=\"async\" width=\"640\" height=\"898\" src=\"https:\/\/www.vkpbratislava.sk\/wp-content\/uploads\/2021\/10\/WhatsApp-Image-2021-10-08-at-08.45.08-640x898.jpeg\" class=\"attachment-medium size-medium\" alt=\"\" srcset=\"https:\/\/www.vkpbratislava.sk\/wp-content\/uploads\/2021\/10\/WhatsApp-Image-2021-10-08-at-08.45.08-640x898.jpeg 640w, https:\/\/www.vkpbratislava.sk\/wp-content\/uploads\/2021\/10\/WhatsApp-Image-2021-10-08-at-08.45.08-1280x1797.jpeg 1280w, https:\/\/www.vkpbratislava.sk\/wp-content\/uploads\/2021\/10\/WhatsApp-Image-2021-10-08-at-08.45.08-768x1078.jpeg 768w, https:\/\/www.vkpbratislava.sk\/wp-content\/uploads\/2021\/10\/WhatsApp-Image-2021-10-08-at-08.45.08-1094x1536.jpeg 1094w, https:\/\/www.vkpbratislava.sk\/wp-content\/uploads\/2021\/10\/WhatsApp-Image-2021-10-08-at-08.45.08-320x449.jpeg 320w, https:\/\/www.vkpbratislava.sk\/wp-content\/uploads\/2021\/10\/WhatsApp-Image-2021-10-08-at-08.45.08-600x842.jpeg 600w, https:\/\/www.vkpbratislava.sk\/wp-content\/uploads\/2021\/10\/WhatsApp-Image-2021-10-08-at-08.45.08.jpeg 1392w\" sizes=\"auto, (max-width: 640px) 100vw, 640px\" \/><\/a>\n\t\t\t<\/div><\/figure><figure class='gallery-item'>\n\t\t\t<div class='gallery-icon portrait'>\n\t\t\t\t<a href='https:\/\/www.vkpbratislava.sk\/?attachment_id=6478'><img loading=\"lazy\" decoding=\"async\" width=\"640\" height=\"1387\" src=\"https:\/\/www.vkpbratislava.sk\/wp-content\/uploads\/2021\/10\/IMG_20200624_165055-1-640x1387.jpg\" class=\"attachment-medium size-medium\" alt=\"\" srcset=\"https:\/\/www.vkpbratislava.sk\/wp-content\/uploads\/2021\/10\/IMG_20200624_165055-1-640x1387.jpg 640w, https:\/\/www.vkpbratislava.sk\/wp-content\/uploads\/2021\/10\/IMG_20200624_165055-1-1280x2774.jpg 1280w, https:\/\/www.vkpbratislava.sk\/wp-content\/uploads\/2021\/10\/IMG_20200624_165055-1-768x1664.jpg 768w, https:\/\/www.vkpbratislava.sk\/wp-content\/uploads\/2021\/10\/IMG_20200624_165055-1-709x1536.jpg 709w, https:\/\/www.vkpbratislava.sk\/wp-content\/uploads\/2021\/10\/IMG_20200624_165055-1-945x2048.jpg 945w, https:\/\/www.vkpbratislava.sk\/wp-content\/uploads\/2021\/10\/IMG_20200624_165055-1-320x693.jpg 320w, https:\/\/www.vkpbratislava.sk\/wp-content\/uploads\/2021\/10\/IMG_20200624_165055-1-600x1300.jpg 600w, https:\/\/www.vkpbratislava.sk\/wp-content\/uploads\/2021\/10\/IMG_20200624_165055-1-scaled.jpg 1181w\" sizes=\"auto, (max-width: 640px) 100vw, 640px\" \/><\/a>\n\t\t\t<\/div><\/figure>\n\t\t<\/div>\n\n","protected":false},"excerpt":{"rendered":"<p>Talentovan\u00fd \u0160imon \u010cerven\u00e1k m\u00e1 odmali\u010dka v krvi DNA bratislavsk\u00e9ho VKP.<\/p>\n","protected":false},"author":3,"featured_media":6458,"comment_status":"closed","ping_status":"open","sticky":false,"template":"","format":"standard","meta":{"_monsterinsights_skip_tracking":false,"_monsterinsights_sitenote_active":false,"_monsterinsights_sitenote_note":"","_monsterinsights_sitenote_category":0,"footnotes":""},"categories":[50,47],"tags":[],"class_list":["post-6455","post","type-post","status-publish","format-standard","has-post-thumbnail","hentry","category-mladez","category-muzi"],"yoast_head":"<!-- This site is optimized with the Yoast SEO plugin v25.6 - https:\/\/yoast.com\/wordpress\/plugins\/seo\/ -->\n<title>M\u00e1 len 17 rokov. \u0160imon \u010cerven\u00e1k si pln\u00ed sen v\u00a0\u00e1\u010dku VKP - VK SLOVAN Bratislava<\/title>\n<meta name=\"description\" content=\"Talentovan\u00fd \u0160imon \u010cerven\u00e1k m\u00e1 odmali\u010dka v krvi DNA bratislavsk\u00e9ho VKP.\" \/>\n<meta name=\"robots\" content=\"index, follow, max-snippet:-1, max-image-preview:large, max-video-preview:-1\" \/>\n<link rel=\"canonical\" href=\"https:\/\/www.vkpbratislava.sk\/?p=6455\" \/>\n<meta property=\"og:locale\" content=\"sk_SK\" \/>\n<meta property=\"og:type\" content=\"article\" \/>\n<meta property=\"og:title\" content=\"M\u00e1 len 17 rokov. \u0160imon \u010cerven\u00e1k si pln\u00ed sen v\u00a0\u00e1\u010dku VKP - VK SLOVAN Bratislava\" \/>\n<meta property=\"og:description\" content=\"Talentovan\u00fd \u0160imon \u010cerven\u00e1k m\u00e1 odmali\u010dka v krvi DNA bratislavsk\u00e9ho VKP.\" \/>\n<meta property=\"og:url\" content=\"https:\/\/www.vkpbratislava.sk\/?p=6455\" \/>\n<meta property=\"og:site_name\" content=\"VK SLOVAN Bratislava\" \/>\n<meta property=\"article:published_time\" content=\"2021-10-07T22:02:53+00:00\" \/>\n<meta property=\"article:modified_time\" content=\"2021-10-13T16:33:46+00:00\" \/>\n<meta property=\"og:image\" content=\"https:\/\/www.vkpbratislava.sk\/wp-content\/uploads\/2021\/10\/DF1A6206-1-e1633644285421.jpg\" \/>\n\t<meta property=\"og:image:width\" content=\"1336\" \/>\n\t<meta property=\"og:image:height\" content=\"870\" \/>\n\t<meta property=\"og:image:type\" content=\"image\/jpeg\" \/>\n<meta name=\"author\" content=\"jenca\" \/>\n<meta name=\"twitter:card\" content=\"summary_large_image\" \/>\n<meta name=\"twitter:label1\" content=\"Autor\" \/>\n\t<meta name=\"twitter:data1\" content=\"jenca\" \/>\n\t<meta name=\"twitter:label2\" content=\"Predpokladan\u00fd \u010das \u010d\u00edtania\" \/>\n\t<meta name=\"twitter:data2\" content=\"3 min\u00faty\" \/>\n<script type=\"application\/ld+json\" class=\"yoast-schema-graph\">{\"@context\":\"https:\/\/schema.org\",\"@graph\":[{\"@type\":\"Article\",\"@id\":\"https:\/\/www.vkpbratislava.sk\/?p=6455#article\",\"isPartOf\":{\"@id\":\"https:\/\/www.vkpbratislava.sk\/?p=6455\"},\"author\":{\"name\":\"jenca\",\"@id\":\"https:\/\/www.vkpbratislava.sk\/#\/schema\/person\/7037e769f9515aa58493d1b5852c4c50\"},\"headline\":\"M\u00e1 len 17 rokov. \u0160imon \u010cerven\u00e1k si pln\u00ed sen v\u00a0\u00e1\u010dku VKP\",\"datePublished\":\"2021-10-07T22:02:53+00:00\",\"dateModified\":\"2021-10-13T16:33:46+00:00\",\"mainEntityOfPage\":{\"@id\":\"https:\/\/www.vkpbratislava.sk\/?p=6455\"},\"wordCount\":690,\"publisher\":{\"@id\":\"https:\/\/www.vkpbratislava.sk\/#organization\"},\"image\":{\"@id\":\"https:\/\/www.vkpbratislava.sk\/?p=6455#primaryimage\"},\"thumbnailUrl\":\"https:\/\/www.vkpbratislava.sk\/wp-content\/uploads\/2021\/10\/DF1A6206-1-e1633644285421.jpg\",\"articleSection\":[\"Ml\u00e1de\u017e\",\"Mu\u017ei\"],\"inLanguage\":\"sk-SK\"},{\"@type\":\"WebPage\",\"@id\":\"https:\/\/www.vkpbratislava.sk\/?p=6455\",\"url\":\"https:\/\/www.vkpbratislava.sk\/?p=6455\",\"name\":\"M\u00e1 len 17 rokov. \u0160imon \u010cerven\u00e1k si pln\u00ed sen v\u00a0\u00e1\u010dku VKP - VK SLOVAN Bratislava\",\"isPartOf\":{\"@id\":\"https:\/\/www.vkpbratislava.sk\/#website\"},\"primaryImageOfPage\":{\"@id\":\"https:\/\/www.vkpbratislava.sk\/?p=6455#primaryimage\"},\"image\":{\"@id\":\"https:\/\/www.vkpbratislava.sk\/?p=6455#primaryimage\"},\"thumbnailUrl\":\"https:\/\/www.vkpbratislava.sk\/wp-content\/uploads\/2021\/10\/DF1A6206-1-e1633644285421.jpg\",\"datePublished\":\"2021-10-07T22:02:53+00:00\",\"dateModified\":\"2021-10-13T16:33:46+00:00\",\"description\":\"Talentovan\u00fd \u0160imon \u010cerven\u00e1k m\u00e1 odmali\u010dka v krvi DNA bratislavsk\u00e9ho VKP.\",\"breadcrumb\":{\"@id\":\"https:\/\/www.vkpbratislava.sk\/?p=6455#breadcrumb\"},\"inLanguage\":\"sk-SK\",\"potentialAction\":[{\"@type\":\"ReadAction\",\"target\":[\"https:\/\/www.vkpbratislava.sk\/?p=6455\"]}]},{\"@type\":\"ImageObject\",\"inLanguage\":\"sk-SK\",\"@id\":\"https:\/\/www.vkpbratislava.sk\/?p=6455#primaryimage\",\"url\":\"https:\/\/www.vkpbratislava.sk\/wp-content\/uploads\/2021\/10\/DF1A6206-1-e1633644285421.jpg\",\"contentUrl\":\"https:\/\/www.vkpbratislava.sk\/wp-content\/uploads\/2021\/10\/DF1A6206-1-e1633644285421.jpg\",\"width\":1336,\"height\":870},{\"@type\":\"BreadcrumbList\",\"@id\":\"https:\/\/www.vkpbratislava.sk\/?p=6455#breadcrumb\",\"itemListElement\":[{\"@type\":\"ListItem\",\"position\":1,\"name\":\"Domov\",\"item\":\"https:\/\/www.vkpbratislava.sk\/\"},{\"@type\":\"ListItem\",\"position\":2,\"name\":\"M\u00e1 len 17 rokov. \u0160imon \u010cerven\u00e1k si pln\u00ed sen v\u00a0\u00e1\u010dku VKP\"}]},{\"@type\":\"WebSite\",\"@id\":\"https:\/\/www.vkpbratislava.sk\/#website\",\"url\":\"https:\/\/www.vkpbratislava.sk\/\",\"name\":\"VK SLOVAN Bratislava\",\"description\":\"Volejbalov\u00fd klub\",\"publisher\":{\"@id\":\"https:\/\/www.vkpbratislava.sk\/#organization\"},\"potentialAction\":[{\"@type\":\"SearchAction\",\"target\":{\"@type\":\"EntryPoint\",\"urlTemplate\":\"https:\/\/www.vkpbratislava.sk\/?s={search_term_string}\"},\"query-input\":{\"@type\":\"PropertyValueSpecification\",\"valueRequired\":true,\"valueName\":\"search_term_string\"}}],\"inLanguage\":\"sk-SK\"},{\"@type\":\"Organization\",\"@id\":\"https:\/\/www.vkpbratislava.sk\/#organization\",\"name\":\"VKP Bratislava\",\"url\":\"https:\/\/www.vkpbratislava.sk\/\",\"logo\":{\"@type\":\"ImageObject\",\"inLanguage\":\"sk-SK\",\"@id\":\"https:\/\/www.vkpbratislava.sk\/#\/schema\/logo\/image\/\",\"url\":\"https:\/\/www.vkpbratislava.sk\/wp-content\/uploads\/2020\/10\/vkpBA.png\",\"contentUrl\":\"https:\/\/www.vkpbratislava.sk\/wp-content\/uploads\/2020\/10\/vkpBA.png\",\"width\":600,\"height\":600,\"caption\":\"VKP Bratislava\"},\"image\":{\"@id\":\"https:\/\/www.vkpbratislava.sk\/#\/schema\/logo\/image\/\"}},{\"@type\":\"Person\",\"@id\":\"https:\/\/www.vkpbratislava.sk\/#\/schema\/person\/7037e769f9515aa58493d1b5852c4c50\",\"name\":\"jenca\",\"image\":{\"@type\":\"ImageObject\",\"inLanguage\":\"sk-SK\",\"@id\":\"https:\/\/www.vkpbratislava.sk\/#\/schema\/person\/image\/\",\"url\":\"https:\/\/secure.gravatar.com\/avatar\/67aa89e9aab2911bbd0c6fbf0a891ea8d80c207c9b6a6e2c96e13fc2f16e536d?s=96&d=mm&r=g\",\"contentUrl\":\"https:\/\/secure.gravatar.com\/avatar\/67aa89e9aab2911bbd0c6fbf0a891ea8d80c207c9b6a6e2c96e13fc2f16e536d?s=96&d=mm&r=g\",\"caption\":\"jenca\"},\"url\":\"https:\/\/www.vkpbratislava.sk\/?author=3\"}]}<\/script>\n<!-- \/ Yoast SEO plugin. -->","yoast_head_json":{"title":"M\u00e1 len 17 rokov. \u0160imon \u010cerven\u00e1k si pln\u00ed sen v\u00a0\u00e1\u010dku VKP - VK SLOVAN Bratislava","description":"Talentovan\u00fd \u0160imon \u010cerven\u00e1k m\u00e1 odmali\u010dka v krvi DNA bratislavsk\u00e9ho VKP.","robots":{"index":"index","follow":"follow","max-snippet":"max-snippet:-1","max-image-preview":"max-image-preview:large","max-video-preview":"max-video-preview:-1"},"canonical":"https:\/\/www.vkpbratislava.sk\/?p=6455","og_locale":"sk_SK","og_type":"article","og_title":"M\u00e1 len 17 rokov. \u0160imon \u010cerven\u00e1k si pln\u00ed sen v\u00a0\u00e1\u010dku VKP - VK SLOVAN Bratislava","og_description":"Talentovan\u00fd \u0160imon \u010cerven\u00e1k m\u00e1 odmali\u010dka v krvi DNA bratislavsk\u00e9ho VKP.","og_url":"https:\/\/www.vkpbratislava.sk\/?p=6455","og_site_name":"VK SLOVAN Bratislava","article_published_time":"2021-10-07T22:02:53+00:00","article_modified_time":"2021-10-13T16:33:46+00:00","og_image":[{"width":1336,"height":870,"url":"https:\/\/www.vkpbratislava.sk\/wp-content\/uploads\/2021\/10\/DF1A6206-1-e1633644285421.jpg","type":"image\/jpeg"}],"author":"jenca","twitter_card":"summary_large_image","twitter_misc":{"Autor":"jenca","Predpokladan\u00fd \u010das \u010d\u00edtania":"3 min\u00faty"},"schema":{"@context":"https:\/\/schema.org","@graph":[{"@type":"Article","@id":"https:\/\/www.vkpbratislava.sk\/?p=6455#article","isPartOf":{"@id":"https:\/\/www.vkpbratislava.sk\/?p=6455"},"author":{"name":"jenca","@id":"https:\/\/www.vkpbratislava.sk\/#\/schema\/person\/7037e769f9515aa58493d1b5852c4c50"},"headline":"M\u00e1 len 17 rokov. \u0160imon \u010cerven\u00e1k si pln\u00ed sen v\u00a0\u00e1\u010dku VKP","datePublished":"2021-10-07T22:02:53+00:00","dateModified":"2021-10-13T16:33:46+00:00","mainEntityOfPage":{"@id":"https:\/\/www.vkpbratislava.sk\/?p=6455"},"wordCount":690,"publisher":{"@id":"https:\/\/www.vkpbratislava.sk\/#organization"},"image":{"@id":"https:\/\/www.vkpbratislava.sk\/?p=6455#primaryimage"},"thumbnailUrl":"https:\/\/www.vkpbratislava.sk\/wp-content\/uploads\/2021\/10\/DF1A6206-1-e1633644285421.jpg","articleSection":["Ml\u00e1de\u017e","Mu\u017ei"],"inLanguage":"sk-SK"},{"@type":"WebPage","@id":"https:\/\/www.vkpbratislava.sk\/?p=6455","url":"https:\/\/www.vkpbratislava.sk\/?p=6455","name":"M\u00e1 len 17 rokov. \u0160imon \u010cerven\u00e1k si pln\u00ed sen v\u00a0\u00e1\u010dku VKP - VK SLOVAN Bratislava","isPartOf":{"@id":"https:\/\/www.vkpbratislava.sk\/#website"},"primaryImageOfPage":{"@id":"https:\/\/www.vkpbratislava.sk\/?p=6455#primaryimage"},"image":{"@id":"https:\/\/www.vkpbratislava.sk\/?p=6455#primaryimage"},"thumbnailUrl":"https:\/\/www.vkpbratislava.sk\/wp-content\/uploads\/2021\/10\/DF1A6206-1-e1633644285421.jpg","datePublished":"2021-10-07T22:02:53+00:00","dateModified":"2021-10-13T16:33:46+00:00","description":"Talentovan\u00fd \u0160imon \u010cerven\u00e1k m\u00e1 odmali\u010dka v krvi DNA bratislavsk\u00e9ho VKP.","breadcrumb":{"@id":"https:\/\/www.vkpbratislava.sk\/?p=6455#breadcrumb"},"inLanguage":"sk-SK","potentialAction":[{"@type":"ReadAction","target":["https:\/\/www.vkpbratislava.sk\/?p=6455"]}]},{"@type":"ImageObject","inLanguage":"sk-SK","@id":"https:\/\/www.vkpbratislava.sk\/?p=6455#primaryimage","url":"https:\/\/www.vkpbratislava.sk\/wp-content\/uploads\/2021\/10\/DF1A6206-1-e1633644285421.jpg","contentUrl":"https:\/\/www.vkpbratislava.sk\/wp-content\/uploads\/2021\/10\/DF1A6206-1-e1633644285421.jpg","width":1336,"height":870},{"@type":"BreadcrumbList","@id":"https:\/\/www.vkpbratislava.sk\/?p=6455#breadcrumb","itemListElement":[{"@type":"ListItem","position":1,"name":"Domov","item":"https:\/\/www.vkpbratislava.sk\/"},{"@type":"ListItem","position":2,"name":"M\u00e1 len 17 rokov. \u0160imon \u010cerven\u00e1k si pln\u00ed sen v\u00a0\u00e1\u010dku VKP"}]},{"@type":"WebSite","@id":"https:\/\/www.vkpbratislava.sk\/#website","url":"https:\/\/www.vkpbratislava.sk\/","name":"VK SLOVAN Bratislava","description":"Volejbalov\u00fd klub","publisher":{"@id":"https:\/\/www.vkpbratislava.sk\/#organization"},"potentialAction":[{"@type":"SearchAction","target":{"@type":"EntryPoint","urlTemplate":"https:\/\/www.vkpbratislava.sk\/?s={search_term_string}"},"query-input":{"@type":"PropertyValueSpecification","valueRequired":true,"valueName":"search_term_string"}}],"inLanguage":"sk-SK"},{"@type":"Organization","@id":"https:\/\/www.vkpbratislava.sk\/#organization","name":"VKP Bratislava","url":"https:\/\/www.vkpbratislava.sk\/","logo":{"@type":"ImageObject","inLanguage":"sk-SK","@id":"https:\/\/www.vkpbratislava.sk\/#\/schema\/logo\/image\/","url":"https:\/\/www.vkpbratislava.sk\/wp-content\/uploads\/2020\/10\/vkpBA.png","contentUrl":"https:\/\/www.vkpbratislava.sk\/wp-content\/uploads\/2020\/10\/vkpBA.png","width":600,"height":600,"caption":"VKP Bratislava"},"image":{"@id":"https:\/\/www.vkpbratislava.sk\/#\/schema\/logo\/image\/"}},{"@type":"Person","@id":"https:\/\/www.vkpbratislava.sk\/#\/schema\/person\/7037e769f9515aa58493d1b5852c4c50","name":"jenca","image":{"@type":"ImageObject","inLanguage":"sk-SK","@id":"https:\/\/www.vkpbratislava.sk\/#\/schema\/person\/image\/","url":"https:\/\/secure.gravatar.com\/avatar\/67aa89e9aab2911bbd0c6fbf0a891ea8d80c207c9b6a6e2c96e13fc2f16e536d?s=96&d=mm&r=g","contentUrl":"https:\/\/secure.gravatar.com\/avatar\/67aa89e9aab2911bbd0c6fbf0a891ea8d80c207c9b6a6e2c96e13fc2f16e536d?s=96&d=mm&r=g","caption":"jenca"},"url":"https:\/\/www.vkpbratislava.sk\/?author=3"}]}},"_links":{"self":[{"href":"https:\/\/www.vkpbratislava.sk\/index.php?rest_route=\/wp\/v2\/posts\/6455","targetHints":{"allow":["GET"]}}],"collection":[{"href":"https:\/\/www.vkpbratislava.sk\/index.php?rest_route=\/wp\/v2\/posts"}],"about":[{"href":"https:\/\/www.vkpbratislava.sk\/index.php?rest_route=\/wp\/v2\/types\/post"}],"author":[{"embeddable":true,"href":"https:\/\/www.vkpbratislava.sk\/index.php?rest_route=\/wp\/v2\/users\/3"}],"replies":[{"embeddable":true,"href":"https:\/\/www.vkpbratislava.sk\/index.php?rest_route=%2Fwp%2Fv2%2Fcomments&post=6455"}],"version-history":[{"count":6,"href":"https:\/\/www.vkpbratislava.sk\/index.php?rest_route=\/wp\/v2\/posts\/6455\/revisions"}],"predecessor-version":[{"id":6691,"href":"https:\/\/www.vkpbratislava.sk\/index.php?rest_route=\/wp\/v2\/posts\/6455\/revisions\/6691"}],"wp:featuredmedia":[{"embeddable":true,"href":"https:\/\/www.vkpbratislava.sk\/index.php?rest_route=\/wp\/v2\/media\/6458"}],"wp:attachment":[{"href":"https:\/\/www.vkpbratislava.sk\/index.php?rest_route=%2Fwp%2Fv2%2Fmedia&parent=6455"}],"wp:term":[{"taxonomy":"category","embeddable":true,"href":"https:\/\/www.vkpbratislava.sk\/index.php?rest_route=%2Fwp%2Fv2%2Fcategories&post=6455"},{"taxonomy":"post_tag","embeddable":true,"href":"https:\/\/www.vkpbratislava.sk\/index.php?rest_route=%2Fwp%2Fv2%2Ftags&post=6455"}],"curies":[{"name":"wp","href":"https:\/\/api.w.org\/{rel}","templated":true}]}}