{"id":6489,"date":"2021-10-09T21:55:32","date_gmt":"2021-10-09T19:55:32","guid":{"rendered":"https:\/\/www.vkpbratislava.sk\/?p=6489"},"modified":"2021-10-09T21:55:32","modified_gmt":"2021-10-09T19:55:32","slug":"vitazny-hetrik-sa-nekonal-prehra-na-povazi","status":"publish","type":"post","link":"https:\/\/www.vkpbratislava.sk\/?p=6489","title":{"rendered":"V\u00ed\u0165azn\u00fd hetrik sa nekonal, prehra na Pova\u017e\u00ed"},"content":{"rendered":"<p><strong>Po dvoch v\u00fdhrach pri\u0161la prehra. \u017deny VKP Bratislava odi\u0161li po prehre 0:3 z\u00a0Nov\u00e9ho Mesta nad V\u00e1hom bez bodu.<\/strong><\/p>\n<p>V prv\u00fdch dvoch kol\u00e1ch z\u00edskali zverenkyne Jaroslava Han\u010d\u00e1ka pln\u00fd po\u010det bodov a\u00a0nestratili ani set. Rovnako na tom boli aj Novome\u0161\u0165anky, tak\u017ee v\u00a0s\u00faboji i\u0161lo o\u00a0to, ktor\u00fd t\u00edm si udr\u017e\u00ed neporazite\u013enos\u0165. Na Pova\u017eie, do Nov\u00e9ho Mesta nad V\u00e1hom si \u0161li \u201epolicajtky\u201c po v\u00ed\u0165azn\u00fd hetrik, no duel nezvl\u00e1dli. Dom\u00e1ce nabuden\u00e9 v\u00fdhrou na palubovke Sl\u00e1vie pritla\u010dili na podan\u00ed, \u010do na\u0161im diev\u010dat\u00e1m robilo probl\u00e9my. Tret\u00ed set u\u017e bol labu\u0165ou pies\u0148ou, ke\u010f dom\u00e1ce jasne dominovali a\u00a0z\u00edskali \u010fal\u0161ie tri body, \u010d\u00edm si upevnili prv\u00e9 miesto v\u00a0tabu\u013eke. VKP je so \u0161iestimi bodmi na druhej prie\u010dke. \u010eal\u0161\u00ed z\u00e1pas odohraj\u00fa na\u0161e baby v\u00a0stredu doma proti Pezinku.<\/p>\n<p><strong>VK Nov\u00e9 Mesto nad V\u00e1hom &#8211; VKP Bratislava 3:0 (19, 18, 9)<\/strong><\/p>\n<p><strong>Rozhodovali:<\/strong> Schimpl a Hud\u00e1k, 70 div\u00e1kov<\/p>\n<p><strong>NMnV:<\/strong> Mart\u00e1kov\u00e1 13, Pol\u00e1\u010dikov\u00e1 10, Velik\u00e1 8, H\u00e1berov\u00e1 7, Re\u0161ut\u00edkov\u00e1 6, Balber\u010d\u00e1kov\u00e1 6, libero Boj\u0148ansk\u00e1 (\u010cierna 4, Viedensk\u00e1 1, Vassov\u00e1). Tr\u00e9ner: J. \u0160ujan.<\/p>\n<p><strong>VKP:<\/strong> Fartelov\u00e1 7, Smie\u0161kov\u00e1 7, P\u00edse\u010dn\u00e1 6, Kasprzak 3, Sahin 3, Snopkov\u00e1 1, libero Mattov\u00e1 (Spev\u00e1r 3, Matal\u00edkov\u00e1 1, Boledovi\u010dov\u00e1 1, Frolov\u00e1 1, Koh\u00fatov\u00e1). Tr\u00e9ner: J. Han\u010d\u00e1k.<\/p>\n<p><strong>Jaroslav Han\u010d\u00e1k, tr\u00e9ner VKP:<\/strong> \u201eV prvom rade gratulujem s\u00faperovi k zasl\u00fa\u017een\u00e9mu v\u00ed\u0165azstvu. Z na\u0161ej strany to bol asi najslab\u0161\u00ed z\u00e1pas, \u010do sme doteraz odohrali. Nebojovali sme, aj napriek tomu, \u017ee sa n\u00e1m nedarilo hlavne na prihr\u00e1vke. Nov\u00e9 Mesto v\u00fdborne, agres\u00edvne pod\u00e1valo, odtla\u010dili n\u00e1s od siete a my sme neboli schopn\u00ed takmer po\u010das cel\u00e9ho z\u00e1pasu ich zatla\u010di\u0165, \u010di na \u00fatoku, alebo na podan\u00ed. Aj ke\u010f sme si prihrali tak n\u00e1m u\u017e v druhom a tre\u0165om sete nefungovala hra stredom, a ke\u010f sme sa dotiahli na s\u00fapera, n\u00e1sledne sme spravili nevyn\u00faten\u00fa chybu a t\u00fdm p\u00e1dom sme sa nevedeli dosta\u0165 do tempa a\u00a0do z\u00e1pasu.\u201c<\/p>\n<p><strong>Hr\u00e1\u010dka z\u00e1pasu za VKP:<\/strong> Ema Smie\u0161kov\u00e1<\/p>\n","protected":false},"excerpt":{"rendered":"<p>Po dvoch v\u00fdhrach pri\u0161la prehra. \u017deny VKP Bratislava odi\u0161li po prehre 0:3 z\u00a0Nov\u00e9ho Mesta nad V\u00e1hom bez bodu.<\/p>\n","protected":false},"author":3,"featured_media":6250,"comment_status":"closed","ping_status":"open","sticky":false,"template":"","format":"standard","meta":{"_monsterinsights_skip_tracking":false,"_monsterinsights_sitenote_active":false,"_monsterinsights_sitenote_note":"","_monsterinsights_sitenote_category":0,"footnotes":""},"categories":[48],"tags":[],"class_list":["post-6489","post","type-post","status-publish","format-standard","has-post-thumbnail","hentry","category-zeny"],"yoast_head":"<!-- This site is optimized with the Yoast SEO plugin v25.6 - https:\/\/yoast.com\/wordpress\/plugins\/seo\/ -->\n<title>V\u00ed\u0165azn\u00fd hetrik sa nekonal, prehra na Pova\u017e\u00ed - VK SLOVAN Bratislava<\/title>\n<meta name=\"description\" content=\"Po dvoch v\u00fdhrach pri\u0161la prehra. \u017deny VKP Bratislava odi\u0161li po prehre 0:3 z\u00a0Nov\u00e9ho Mesta nad V\u00e1hom bez bodu.\" \/>\n<meta name=\"robots\" content=\"index, follow, max-snippet:-1, max-image-preview:large, max-video-preview:-1\" \/>\n<link rel=\"canonical\" href=\"https:\/\/www.vkpbratislava.sk\/?p=6489\" \/>\n<meta property=\"og:locale\" content=\"sk_SK\" \/>\n<meta property=\"og:type\" content=\"article\" \/>\n<meta property=\"og:title\" content=\"V\u00ed\u0165azn\u00fd hetrik sa nekonal, prehra na Pova\u017e\u00ed - VK SLOVAN Bratislava\" \/>\n<meta property=\"og:description\" content=\"Po dvoch v\u00fdhrach pri\u0161la prehra. \u017deny VKP Bratislava odi\u0161li po prehre 0:3 z\u00a0Nov\u00e9ho Mesta nad V\u00e1hom bez bodu.\" \/>\n<meta property=\"og:url\" content=\"https:\/\/www.vkpbratislava.sk\/?p=6489\" \/>\n<meta property=\"og:site_name\" content=\"VK SLOVAN Bratislava\" \/>\n<meta property=\"article:published_time\" content=\"2021-10-09T19:55:32+00:00\" \/>\n<meta property=\"og:image\" content=\"https:\/\/www.vkpbratislava.sk\/wp-content\/uploads\/2021\/10\/20211002_IgorUrban_VKP-BA-Z-vs-Trnava_453_-scaled.jpg\" \/>\n\t<meta property=\"og:image:width\" content=\"2560\" \/>\n\t<meta property=\"og:image:height\" content=\"1707\" \/>\n\t<meta property=\"og:image:type\" content=\"image\/jpeg\" \/>\n<meta name=\"author\" content=\"jenca\" \/>\n<meta name=\"twitter:card\" content=\"summary_large_image\" \/>\n<meta name=\"twitter:label1\" content=\"Autor\" \/>\n\t<meta name=\"twitter:data1\" content=\"jenca\" \/>\n\t<meta name=\"twitter:label2\" content=\"Predpokladan\u00fd \u010das \u010d\u00edtania\" \/>\n\t<meta name=\"twitter:data2\" content=\"2 min\u00faty\" \/>\n<script type=\"application\/ld+json\" class=\"yoast-schema-graph\">{\"@context\":\"https:\/\/schema.org\",\"@graph\":[{\"@type\":\"Article\",\"@id\":\"https:\/\/www.vkpbratislava.sk\/?p=6489#article\",\"isPartOf\":{\"@id\":\"https:\/\/www.vkpbratislava.sk\/?p=6489\"},\"author\":{\"name\":\"jenca\",\"@id\":\"https:\/\/www.vkpbratislava.sk\/#\/schema\/person\/7037e769f9515aa58493d1b5852c4c50\"},\"headline\":\"V\u00ed\u0165azn\u00fd hetrik sa nekonal, prehra na Pova\u017e\u00ed\",\"datePublished\":\"2021-10-09T19:55:32+00:00\",\"mainEntityOfPage\":{\"@id\":\"https:\/\/www.vkpbratislava.sk\/?p=6489\"},\"wordCount\":369,\"publisher\":{\"@id\":\"https:\/\/www.vkpbratislava.sk\/#organization\"},\"image\":{\"@id\":\"https:\/\/www.vkpbratislava.sk\/?p=6489#primaryimage\"},\"thumbnailUrl\":\"https:\/\/www.vkpbratislava.sk\/wp-content\/uploads\/2021\/10\/20211002_IgorUrban_VKP-BA-Z-vs-Trnava_453_-scaled.jpg\",\"articleSection\":[\"\u017deny\"],\"inLanguage\":\"sk-SK\"},{\"@type\":\"WebPage\",\"@id\":\"https:\/\/www.vkpbratislava.sk\/?p=6489\",\"url\":\"https:\/\/www.vkpbratislava.sk\/?p=6489\",\"name\":\"V\u00ed\u0165azn\u00fd hetrik sa nekonal, prehra na Pova\u017e\u00ed - VK SLOVAN Bratislava\",\"isPartOf\":{\"@id\":\"https:\/\/www.vkpbratislava.sk\/#website\"},\"primaryImageOfPage\":{\"@id\":\"https:\/\/www.vkpbratislava.sk\/?p=6489#primaryimage\"},\"image\":{\"@id\":\"https:\/\/www.vkpbratislava.sk\/?p=6489#primaryimage\"},\"thumbnailUrl\":\"https:\/\/www.vkpbratislava.sk\/wp-content\/uploads\/2021\/10\/20211002_IgorUrban_VKP-BA-Z-vs-Trnava_453_-scaled.jpg\",\"datePublished\":\"2021-10-09T19:55:32+00:00\",\"description\":\"Po dvoch v\u00fdhrach pri\u0161la prehra. \u017deny VKP Bratislava odi\u0161li po prehre 0:3 z\u00a0Nov\u00e9ho Mesta nad V\u00e1hom bez bodu.\",\"breadcrumb\":{\"@id\":\"https:\/\/www.vkpbratislava.sk\/?p=6489#breadcrumb\"},\"inLanguage\":\"sk-SK\",\"potentialAction\":[{\"@type\":\"ReadAction\",\"target\":[\"https:\/\/www.vkpbratislava.sk\/?p=6489\"]}]},{\"@type\":\"ImageObject\",\"inLanguage\":\"sk-SK\",\"@id\":\"https:\/\/www.vkpbratislava.sk\/?p=6489#primaryimage\",\"url\":\"https:\/\/www.vkpbratislava.sk\/wp-content\/uploads\/2021\/10\/20211002_IgorUrban_VKP-BA-Z-vs-Trnava_453_-scaled.jpg\",\"contentUrl\":\"https:\/\/www.vkpbratislava.sk\/wp-content\/uploads\/2021\/10\/20211002_IgorUrban_VKP-BA-Z-vs-Trnava_453_-scaled.jpg\",\"width\":2560,\"height\":1707,\"caption\":\"Photos during VKP BA Z vs Trnava at Bratislava, Slovakia onOctober-02-2021. Photo: iurban@iurban.sk\"},{\"@type\":\"BreadcrumbList\",\"@id\":\"https:\/\/www.vkpbratislava.sk\/?p=6489#breadcrumb\",\"itemListElement\":[{\"@type\":\"ListItem\",\"position\":1,\"name\":\"Domov\",\"item\":\"https:\/\/www.vkpbratislava.sk\/\"},{\"@type\":\"ListItem\",\"position\":2,\"name\":\"V\u00ed\u0165azn\u00fd hetrik sa nekonal, prehra na Pova\u017e\u00ed\"}]},{\"@type\":\"WebSite\",\"@id\":\"https:\/\/www.vkpbratislava.sk\/#website\",\"url\":\"https:\/\/www.vkpbratislava.sk\/\",\"name\":\"VK SLOVAN Bratislava\",\"description\":\"Volejbalov\u00fd klub\",\"publisher\":{\"@id\":\"https:\/\/www.vkpbratislava.sk\/#organization\"},\"potentialAction\":[{\"@type\":\"SearchAction\",\"target\":{\"@type\":\"EntryPoint\",\"urlTemplate\":\"https:\/\/www.vkpbratislava.sk\/?s={search_term_string}\"},\"query-input\":{\"@type\":\"PropertyValueSpecification\",\"valueRequired\":true,\"valueName\":\"search_term_string\"}}],\"inLanguage\":\"sk-SK\"},{\"@type\":\"Organization\",\"@id\":\"https:\/\/www.vkpbratislava.sk\/#organization\",\"name\":\"VKP Bratislava\",\"url\":\"https:\/\/www.vkpbratislava.sk\/\",\"logo\":{\"@type\":\"ImageObject\",\"inLanguage\":\"sk-SK\",\"@id\":\"https:\/\/www.vkpbratislava.sk\/#\/schema\/logo\/image\/\",\"url\":\"https:\/\/www.vkpbratislava.sk\/wp-content\/uploads\/2020\/10\/vkpBA.png\",\"contentUrl\":\"https:\/\/www.vkpbratislava.sk\/wp-content\/uploads\/2020\/10\/vkpBA.png\",\"width\":600,\"height\":600,\"caption\":\"VKP Bratislava\"},\"image\":{\"@id\":\"https:\/\/www.vkpbratislava.sk\/#\/schema\/logo\/image\/\"}},{\"@type\":\"Person\",\"@id\":\"https:\/\/www.vkpbratislava.sk\/#\/schema\/person\/7037e769f9515aa58493d1b5852c4c50\",\"name\":\"jenca\",\"image\":{\"@type\":\"ImageObject\",\"inLanguage\":\"sk-SK\",\"@id\":\"https:\/\/www.vkpbratislava.sk\/#\/schema\/person\/image\/\",\"url\":\"https:\/\/secure.gravatar.com\/avatar\/67aa89e9aab2911bbd0c6fbf0a891ea8d80c207c9b6a6e2c96e13fc2f16e536d?s=96&d=mm&r=g\",\"contentUrl\":\"https:\/\/secure.gravatar.com\/avatar\/67aa89e9aab2911bbd0c6fbf0a891ea8d80c207c9b6a6e2c96e13fc2f16e536d?s=96&d=mm&r=g\",\"caption\":\"jenca\"},\"url\":\"https:\/\/www.vkpbratislava.sk\/?author=3\"}]}<\/script>\n<!-- \/ Yoast SEO plugin. -->","yoast_head_json":{"title":"V\u00ed\u0165azn\u00fd hetrik sa nekonal, prehra na Pova\u017e\u00ed - VK SLOVAN Bratislava","description":"Po dvoch v\u00fdhrach pri\u0161la prehra. \u017deny VKP Bratislava odi\u0161li po prehre 0:3 z\u00a0Nov\u00e9ho Mesta nad V\u00e1hom bez bodu.","robots":{"index":"index","follow":"follow","max-snippet":"max-snippet:-1","max-image-preview":"max-image-preview:large","max-video-preview":"max-video-preview:-1"},"canonical":"https:\/\/www.vkpbratislava.sk\/?p=6489","og_locale":"sk_SK","og_type":"article","og_title":"V\u00ed\u0165azn\u00fd hetrik sa nekonal, prehra na Pova\u017e\u00ed - VK SLOVAN Bratislava","og_description":"Po dvoch v\u00fdhrach pri\u0161la prehra. \u017deny VKP Bratislava odi\u0161li po prehre 0:3 z\u00a0Nov\u00e9ho Mesta nad V\u00e1hom bez bodu.","og_url":"https:\/\/www.vkpbratislava.sk\/?p=6489","og_site_name":"VK SLOVAN Bratislava","article_published_time":"2021-10-09T19:55:32+00:00","og_image":[{"width":2560,"height":1707,"url":"https:\/\/www.vkpbratislava.sk\/wp-content\/uploads\/2021\/10\/20211002_IgorUrban_VKP-BA-Z-vs-Trnava_453_-scaled.jpg","type":"image\/jpeg"}],"author":"jenca","twitter_card":"summary_large_image","twitter_misc":{"Autor":"jenca","Predpokladan\u00fd \u010das \u010d\u00edtania":"2 min\u00faty"},"schema":{"@context":"https:\/\/schema.org","@graph":[{"@type":"Article","@id":"https:\/\/www.vkpbratislava.sk\/?p=6489#article","isPartOf":{"@id":"https:\/\/www.vkpbratislava.sk\/?p=6489"},"author":{"name":"jenca","@id":"https:\/\/www.vkpbratislava.sk\/#\/schema\/person\/7037e769f9515aa58493d1b5852c4c50"},"headline":"V\u00ed\u0165azn\u00fd hetrik sa nekonal, prehra na Pova\u017e\u00ed","datePublished":"2021-10-09T19:55:32+00:00","mainEntityOfPage":{"@id":"https:\/\/www.vkpbratislava.sk\/?p=6489"},"wordCount":369,"publisher":{"@id":"https:\/\/www.vkpbratislava.sk\/#organization"},"image":{"@id":"https:\/\/www.vkpbratislava.sk\/?p=6489#primaryimage"},"thumbnailUrl":"https:\/\/www.vkpbratislava.sk\/wp-content\/uploads\/2021\/10\/20211002_IgorUrban_VKP-BA-Z-vs-Trnava_453_-scaled.jpg","articleSection":["\u017deny"],"inLanguage":"sk-SK"},{"@type":"WebPage","@id":"https:\/\/www.vkpbratislava.sk\/?p=6489","url":"https:\/\/www.vkpbratislava.sk\/?p=6489","name":"V\u00ed\u0165azn\u00fd hetrik sa nekonal, prehra na Pova\u017e\u00ed - VK SLOVAN Bratislava","isPartOf":{"@id":"https:\/\/www.vkpbratislava.sk\/#website"},"primaryImageOfPage":{"@id":"https:\/\/www.vkpbratislava.sk\/?p=6489#primaryimage"},"image":{"@id":"https:\/\/www.vkpbratislava.sk\/?p=6489#primaryimage"},"thumbnailUrl":"https:\/\/www.vkpbratislava.sk\/wp-content\/uploads\/2021\/10\/20211002_IgorUrban_VKP-BA-Z-vs-Trnava_453_-scaled.jpg","datePublished":"2021-10-09T19:55:32+00:00","description":"Po dvoch v\u00fdhrach pri\u0161la prehra. \u017deny VKP Bratislava odi\u0161li po prehre 0:3 z\u00a0Nov\u00e9ho Mesta nad V\u00e1hom bez bodu.","breadcrumb":{"@id":"https:\/\/www.vkpbratislava.sk\/?p=6489#breadcrumb"},"inLanguage":"sk-SK","potentialAction":[{"@type":"ReadAction","target":["https:\/\/www.vkpbratislava.sk\/?p=6489"]}]},{"@type":"ImageObject","inLanguage":"sk-SK","@id":"https:\/\/www.vkpbratislava.sk\/?p=6489#primaryimage","url":"https:\/\/www.vkpbratislava.sk\/wp-content\/uploads\/2021\/10\/20211002_IgorUrban_VKP-BA-Z-vs-Trnava_453_-scaled.jpg","contentUrl":"https:\/\/www.vkpbratislava.sk\/wp-content\/uploads\/2021\/10\/20211002_IgorUrban_VKP-BA-Z-vs-Trnava_453_-scaled.jpg","width":2560,"height":1707,"caption":"Photos during VKP BA Z vs Trnava at Bratislava, Slovakia onOctober-02-2021. Photo: iurban@iurban.sk"},{"@type":"BreadcrumbList","@id":"https:\/\/www.vkpbratislava.sk\/?p=6489#breadcrumb","itemListElement":[{"@type":"ListItem","position":1,"name":"Domov","item":"https:\/\/www.vkpbratislava.sk\/"},{"@type":"ListItem","position":2,"name":"V\u00ed\u0165azn\u00fd hetrik sa nekonal, prehra na Pova\u017e\u00ed"}]},{"@type":"WebSite","@id":"https:\/\/www.vkpbratislava.sk\/#website","url":"https:\/\/www.vkpbratislava.sk\/","name":"VK SLOVAN Bratislava","description":"Volejbalov\u00fd klub","publisher":{"@id":"https:\/\/www.vkpbratislava.sk\/#organization"},"potentialAction":[{"@type":"SearchAction","target":{"@type":"EntryPoint","urlTemplate":"https:\/\/www.vkpbratislava.sk\/?s={search_term_string}"},"query-input":{"@type":"PropertyValueSpecification","valueRequired":true,"valueName":"search_term_string"}}],"inLanguage":"sk-SK"},{"@type":"Organization","@id":"https:\/\/www.vkpbratislava.sk\/#organization","name":"VKP Bratislava","url":"https:\/\/www.vkpbratislava.sk\/","logo":{"@type":"ImageObject","inLanguage":"sk-SK","@id":"https:\/\/www.vkpbratislava.sk\/#\/schema\/logo\/image\/","url":"https:\/\/www.vkpbratislava.sk\/wp-content\/uploads\/2020\/10\/vkpBA.png","contentUrl":"https:\/\/www.vkpbratislava.sk\/wp-content\/uploads\/2020\/10\/vkpBA.png","width":600,"height":600,"caption":"VKP Bratislava"},"image":{"@id":"https:\/\/www.vkpbratislava.sk\/#\/schema\/logo\/image\/"}},{"@type":"Person","@id":"https:\/\/www.vkpbratislava.sk\/#\/schema\/person\/7037e769f9515aa58493d1b5852c4c50","name":"jenca","image":{"@type":"ImageObject","inLanguage":"sk-SK","@id":"https:\/\/www.vkpbratislava.sk\/#\/schema\/person\/image\/","url":"https:\/\/secure.gravatar.com\/avatar\/67aa89e9aab2911bbd0c6fbf0a891ea8d80c207c9b6a6e2c96e13fc2f16e536d?s=96&d=mm&r=g","contentUrl":"https:\/\/secure.gravatar.com\/avatar\/67aa89e9aab2911bbd0c6fbf0a891ea8d80c207c9b6a6e2c96e13fc2f16e536d?s=96&d=mm&r=g","caption":"jenca"},"url":"https:\/\/www.vkpbratislava.sk\/?author=3"}]}},"_links":{"self":[{"href":"https:\/\/www.vkpbratislava.sk\/index.php?rest_route=\/wp\/v2\/posts\/6489","targetHints":{"allow":["GET"]}}],"collection":[{"href":"https:\/\/www.vkpbratislava.sk\/index.php?rest_route=\/wp\/v2\/posts"}],"about":[{"href":"https:\/\/www.vkpbratislava.sk\/index.php?rest_route=\/wp\/v2\/types\/post"}],"author":[{"embeddable":true,"href":"https:\/\/www.vkpbratislava.sk\/index.php?rest_route=\/wp\/v2\/users\/3"}],"replies":[{"embeddable":true,"href":"https:\/\/www.vkpbratislava.sk\/index.php?rest_route=%2Fwp%2Fv2%2Fcomments&post=6489"}],"version-history":[{"count":1,"href":"https:\/\/www.vkpbratislava.sk\/index.php?rest_route=\/wp\/v2\/posts\/6489\/revisions"}],"predecessor-version":[{"id":6490,"href":"https:\/\/www.vkpbratislava.sk\/index.php?rest_route=\/wp\/v2\/posts\/6489\/revisions\/6490"}],"wp:featuredmedia":[{"embeddable":true,"href":"https:\/\/www.vkpbratislava.sk\/index.php?rest_route=\/wp\/v2\/media\/6250"}],"wp:attachment":[{"href":"https:\/\/www.vkpbratislava.sk\/index.php?rest_route=%2Fwp%2Fv2%2Fmedia&parent=6489"}],"wp:term":[{"taxonomy":"category","embeddable":true,"href":"https:\/\/www.vkpbratislava.sk\/index.php?rest_route=%2Fwp%2Fv2%2Fcategories&post=6489"},{"taxonomy":"post_tag","embeddable":true,"href":"https:\/\/www.vkpbratislava.sk\/index.php?rest_route=%2Fwp%2Fv2%2Ftags&post=6489"}],"curies":[{"name":"wp","href":"https:\/\/api.w.org\/{rel}","templated":true}]}}