{"id":6491,"date":"2021-10-09T22:27:34","date_gmt":"2021-10-09T20:27:34","guid":{"rendered":"https:\/\/www.vkpbratislava.sk\/?p=6491"},"modified":"2021-10-09T22:35:29","modified_gmt":"2021-10-09T20:35:29","slug":"myjava-nam-v-extralige-vratila-pozicane","status":"publish","type":"post","link":"https:\/\/www.vkpbratislava.sk\/?p=6491","title":{"rendered":"Myjava n\u00e1m v\u00a0extralige vr\u00e1tila po\u017ei\u010dan\u00e9"},"content":{"rendered":"<p><strong>V\u00a0kr\u00e1tkom slede sa mu\u017ei VKP Bratislava stretli s\u00a0rovnak\u00fdm s\u00faperom. Na v\u00fdhru s\u00a0Myjavou v\u00a0Stredoeur\u00f3pskej lige MEVZA nenadviazali a\u00a0v\u00a0dom\u00e1com prostred\u00ed si prip\u00edsali prv\u00fa prehru v\u00a0slovenskej extralige.<\/strong><\/p>\n<p>Zverenci Mat\u00fa\u0161a kaln\u00e9ho sa prv\u00fdkr\u00e1t predstavili v\u00a0dom\u00e1com prostred\u00ed pred div\u00e1kmi. Po minulom roku, ke\u010f sa klub po deviatich rokoch vr\u00e1til do Bratislavy a\u00a0hralo sa bez pr\u00edtomnosti div\u00e1kov sa tak po vy\u0161e desa\u0165ro\u010d\u00ed predstavili bratislavsk\u00fdm fan\u00fa\u0161ikom. Prv\u00fd set to bolo ako na hojda\u010dke. Najprv mali vedenie pod kontrolou dom\u00e1ci, a\u017e do stavu 14:14, ke\u010f hostia \u00faspe\u0161n\u00fdm blokom oto\u010dili sk\u00f3re. VKP sa vr\u00e1til do z\u00e1pasu po troch \u00faspe\u0161n\u00fdch \u00fatokoch Kostol\u00e1niho a\u00a0Benin\u010dana Yacouboua. V\u00a0z\u00e1vere v\u0161ak Myjav\u010dania najm\u00e4 troma \u00faspe\u0161n\u00fdmi blokmi uchmatli set pre seba.<\/p>\n<p>Druh\u00e9 dejstvo op\u00e4\u0165 za\u010dali lep\u0161ie dom\u00e1ci, ale \u201ekopani\u010diarom\u201c sa podarilo r\u00fdchlo preklopi\u0165 misky v\u00e1h na svoju stranu. V\u00a0strednej \u010dasti hry v\u0161ak \u201epolicajti\u201c \u0161tyrmi \u00fasp\u0161en\u00fdmi \u00fatokmi \u0161li do trh\u00e1ku a\u00a0udr\u017eali si vedenie a\u017e do z\u00e1veru a\u00a0vyrovnali stav sk\u00f3re na 1:1. Aj do tretice patril \u00favod setu VKP, no Myjave sa podaril obrat za stavu 9:10. N\u00e1sledne si vypracovali dvoj a\u017e trojbodov\u00fd n\u00e1skok, ktor\u00fd si kontrolovali a\u00a0op\u00e4\u0165 sa dostali v\u00a0z\u00e1pase do vedenia. S\u00a0istotou jedn\u00e9ho bodu do tabu\u013eky \u0161li hostia do \u0161tvrt\u00e9ho setu a\u00a0dom\u00e1cich v\u00a0\u0148om ani raz nepustili do vedenia a\u00a0duel si uko\u010d\u00edrovali a\u017e do konca. Najbli\u017e\u0161ie sa VKP predstav\u00ed doma v\u00a0stredu v\u00a0z\u00e1pase Stredoeur\u00f3pskej ligy MEVZA proti Mariboru.<\/p>\n<p><strong>VKP Bratislava &#8211; TJ Spartak Myjava 1:3 (-22, 22, -20, -18)<\/strong><\/p>\n<p><strong>Rozhodovali:<\/strong> Sarka a Dovi\u010dovi\u010d ml., 180 div\u00e1kov<\/p>\n<p><strong>VKP:<\/strong> Yacoubou 21, Kostol\u00e1ni 19, Malina 12, Billich 7, Tarabus 4, Za\u0165ko 2, libero Jakub\u00edk (Truba\u010d 2, Jur\u00edk 1, Pre\u0161insk\u00fd). Tr\u00e9ner: M. Kaln\u00fd.<\/p>\n<p><strong>Myjava:<\/strong> Konc 26, Pokopec 14, M. Zeman 13, Ma\u010duha 9, Valo 4, \u0160\u00edma 2, liber\u00e1 Ochodnick\u00fd a S. Pa\u0148ko (Watzka 8). Tr\u00e9ner: M. Pipa.<\/p>\n<p><strong>Mat\u00fa\u0161 Kaln\u00fd, tr\u00e9ner VKP:<\/strong> &#8222;Duel hodnot\u00edm negat\u00edvne. S\u00faper bol hladnej\u0161\u00ed po v\u00ed\u0165azstve, v\u00fdrazne lep\u0161ie blokoval, tie\u017e dobre br\u00e1nil v poli. \u0160ance, ktor\u00e9 dost\u00e1val aj vyu\u017e\u00edval. Naopak, t\u00fdch m\u00e1lo \u0161anc\u00ed, ktor\u00e9 sme my mali, najm\u00e4 v tre\u0165om sete sme ich nevyu\u017eili. Cel\u00fd z\u00e1pas sme konzenkventne nedok\u00e1zali pritla\u010di\u0165 s\u00fapera podan\u00edm. Hlavn\u00fd rozdiel bola obrana, na\u0161e slab\u00e9 podania. S\u00faper viac chcel vyhra\u0165.&#8220;<\/p>\n<p><strong>Hr\u00e1\u010d z\u00e1pasu za VKP:<\/strong> Marek Malina<\/p>\n","protected":false},"excerpt":{"rendered":"<p>Mu\u017ei nenadviazali na v\u00fdhru s\u00a0Myjavou v\u00a0Stredoeur\u00f3pskej lige MEVZA a\u00a0v\u00a0dom\u00e1com prostred\u00ed si prip\u00edsali prv\u00fa prehru v\u00a0slovenskej extralige.<\/p>\n","protected":false},"author":3,"featured_media":6503,"comment_status":"closed","ping_status":"open","sticky":false,"template":"","format":"standard","meta":{"_monsterinsights_skip_tracking":false,"_monsterinsights_sitenote_active":false,"_monsterinsights_sitenote_note":"","_monsterinsights_sitenote_category":0,"footnotes":""},"categories":[47],"tags":[],"class_list":["post-6491","post","type-post","status-publish","format-standard","has-post-thumbnail","hentry","category-muzi"],"yoast_head":"<!-- This site is optimized with the Yoast SEO plugin v25.6 - https:\/\/yoast.com\/wordpress\/plugins\/seo\/ -->\n<title>Myjava n\u00e1m v\u00a0extralige vr\u00e1tila po\u017ei\u010dan\u00e9 - VK SLOVAN Bratislava<\/title>\n<meta name=\"description\" content=\"Mu\u017ei nenadviazali na v\u00fdhru s\u00a0Myjavou v\u00a0Stredoeur\u00f3pskej lige MEVZA a\u00a0v\u00a0dom\u00e1com prostred\u00ed si prip\u00edsali prv\u00fa prehru v\u00a0slovenskej extralige.\" \/>\n<meta name=\"robots\" content=\"index, follow, max-snippet:-1, max-image-preview:large, max-video-preview:-1\" \/>\n<link rel=\"canonical\" href=\"https:\/\/www.vkpbratislava.sk\/?p=6491\" \/>\n<meta property=\"og:locale\" content=\"sk_SK\" \/>\n<meta property=\"og:type\" content=\"article\" \/>\n<meta property=\"og:title\" content=\"Myjava n\u00e1m v\u00a0extralige vr\u00e1tila po\u017ei\u010dan\u00e9 - VK SLOVAN Bratislava\" \/>\n<meta property=\"og:description\" content=\"Mu\u017ei nenadviazali na v\u00fdhru s\u00a0Myjavou v\u00a0Stredoeur\u00f3pskej lige MEVZA a\u00a0v\u00a0dom\u00e1com prostred\u00ed si prip\u00edsali prv\u00fa prehru v\u00a0slovenskej extralige.\" \/>\n<meta property=\"og:url\" content=\"https:\/\/www.vkpbratislava.sk\/?p=6491\" \/>\n<meta property=\"og:site_name\" content=\"VK SLOVAN Bratislava\" \/>\n<meta property=\"article:published_time\" content=\"2021-10-09T20:27:34+00:00\" \/>\n<meta property=\"article:modified_time\" content=\"2021-10-09T20:35:29+00:00\" \/>\n<meta property=\"og:image\" content=\"https:\/\/www.vkpbratislava.sk\/wp-content\/uploads\/2021\/10\/DF1A0761-1280x853.jpg\" \/>\n\t<meta property=\"og:image:width\" content=\"1280\" \/>\n\t<meta property=\"og:image:height\" content=\"853\" \/>\n\t<meta property=\"og:image:type\" content=\"image\/jpeg\" \/>\n<meta name=\"author\" content=\"jenca\" \/>\n<meta name=\"twitter:card\" content=\"summary_large_image\" \/>\n<meta name=\"twitter:label1\" content=\"Autor\" \/>\n\t<meta name=\"twitter:data1\" content=\"jenca\" \/>\n\t<meta name=\"twitter:label2\" content=\"Predpokladan\u00fd \u010das \u010d\u00edtania\" \/>\n\t<meta name=\"twitter:data2\" content=\"2 min\u00faty\" \/>\n<script type=\"application\/ld+json\" class=\"yoast-schema-graph\">{\"@context\":\"https:\/\/schema.org\",\"@graph\":[{\"@type\":\"Article\",\"@id\":\"https:\/\/www.vkpbratislava.sk\/?p=6491#article\",\"isPartOf\":{\"@id\":\"https:\/\/www.vkpbratislava.sk\/?p=6491\"},\"author\":{\"name\":\"jenca\",\"@id\":\"https:\/\/www.vkpbratislava.sk\/#\/schema\/person\/7037e769f9515aa58493d1b5852c4c50\"},\"headline\":\"Myjava n\u00e1m v\u00a0extralige vr\u00e1tila po\u017ei\u010dan\u00e9\",\"datePublished\":\"2021-10-09T20:27:34+00:00\",\"dateModified\":\"2021-10-09T20:35:29+00:00\",\"mainEntityOfPage\":{\"@id\":\"https:\/\/www.vkpbratislava.sk\/?p=6491\"},\"wordCount\":446,\"publisher\":{\"@id\":\"https:\/\/www.vkpbratislava.sk\/#organization\"},\"image\":{\"@id\":\"https:\/\/www.vkpbratislava.sk\/?p=6491#primaryimage\"},\"thumbnailUrl\":\"https:\/\/www.vkpbratislava.sk\/wp-content\/uploads\/2021\/10\/DF1A0761.jpg\",\"articleSection\":[\"Mu\u017ei\"],\"inLanguage\":\"sk-SK\"},{\"@type\":\"WebPage\",\"@id\":\"https:\/\/www.vkpbratislava.sk\/?p=6491\",\"url\":\"https:\/\/www.vkpbratislava.sk\/?p=6491\",\"name\":\"Myjava n\u00e1m v\u00a0extralige vr\u00e1tila po\u017ei\u010dan\u00e9 - VK SLOVAN Bratislava\",\"isPartOf\":{\"@id\":\"https:\/\/www.vkpbratislava.sk\/#website\"},\"primaryImageOfPage\":{\"@id\":\"https:\/\/www.vkpbratislava.sk\/?p=6491#primaryimage\"},\"image\":{\"@id\":\"https:\/\/www.vkpbratislava.sk\/?p=6491#primaryimage\"},\"thumbnailUrl\":\"https:\/\/www.vkpbratislava.sk\/wp-content\/uploads\/2021\/10\/DF1A0761.jpg\",\"datePublished\":\"2021-10-09T20:27:34+00:00\",\"dateModified\":\"2021-10-09T20:35:29+00:00\",\"description\":\"Mu\u017ei nenadviazali na v\u00fdhru s\u00a0Myjavou v\u00a0Stredoeur\u00f3pskej lige MEVZA a\u00a0v\u00a0dom\u00e1com prostred\u00ed si prip\u00edsali prv\u00fa prehru v\u00a0slovenskej extralige.\",\"breadcrumb\":{\"@id\":\"https:\/\/www.vkpbratislava.sk\/?p=6491#breadcrumb\"},\"inLanguage\":\"sk-SK\",\"potentialAction\":[{\"@type\":\"ReadAction\",\"target\":[\"https:\/\/www.vkpbratislava.sk\/?p=6491\"]}]},{\"@type\":\"ImageObject\",\"inLanguage\":\"sk-SK\",\"@id\":\"https:\/\/www.vkpbratislava.sk\/?p=6491#primaryimage\",\"url\":\"https:\/\/www.vkpbratislava.sk\/wp-content\/uploads\/2021\/10\/DF1A0761.jpg\",\"contentUrl\":\"https:\/\/www.vkpbratislava.sk\/wp-content\/uploads\/2021\/10\/DF1A0761.jpg\",\"width\":2048,\"height\":1365},{\"@type\":\"BreadcrumbList\",\"@id\":\"https:\/\/www.vkpbratislava.sk\/?p=6491#breadcrumb\",\"itemListElement\":[{\"@type\":\"ListItem\",\"position\":1,\"name\":\"Domov\",\"item\":\"https:\/\/www.vkpbratislava.sk\/\"},{\"@type\":\"ListItem\",\"position\":2,\"name\":\"Myjava n\u00e1m v\u00a0extralige vr\u00e1tila po\u017ei\u010dan\u00e9\"}]},{\"@type\":\"WebSite\",\"@id\":\"https:\/\/www.vkpbratislava.sk\/#website\",\"url\":\"https:\/\/www.vkpbratislava.sk\/\",\"name\":\"VK SLOVAN Bratislava\",\"description\":\"Volejbalov\u00fd klub\",\"publisher\":{\"@id\":\"https:\/\/www.vkpbratislava.sk\/#organization\"},\"potentialAction\":[{\"@type\":\"SearchAction\",\"target\":{\"@type\":\"EntryPoint\",\"urlTemplate\":\"https:\/\/www.vkpbratislava.sk\/?s={search_term_string}\"},\"query-input\":{\"@type\":\"PropertyValueSpecification\",\"valueRequired\":true,\"valueName\":\"search_term_string\"}}],\"inLanguage\":\"sk-SK\"},{\"@type\":\"Organization\",\"@id\":\"https:\/\/www.vkpbratislava.sk\/#organization\",\"name\":\"VKP Bratislava\",\"url\":\"https:\/\/www.vkpbratislava.sk\/\",\"logo\":{\"@type\":\"ImageObject\",\"inLanguage\":\"sk-SK\",\"@id\":\"https:\/\/www.vkpbratislava.sk\/#\/schema\/logo\/image\/\",\"url\":\"https:\/\/www.vkpbratislava.sk\/wp-content\/uploads\/2020\/10\/vkpBA.png\",\"contentUrl\":\"https:\/\/www.vkpbratislava.sk\/wp-content\/uploads\/2020\/10\/vkpBA.png\",\"width\":600,\"height\":600,\"caption\":\"VKP Bratislava\"},\"image\":{\"@id\":\"https:\/\/www.vkpbratislava.sk\/#\/schema\/logo\/image\/\"}},{\"@type\":\"Person\",\"@id\":\"https:\/\/www.vkpbratislava.sk\/#\/schema\/person\/7037e769f9515aa58493d1b5852c4c50\",\"name\":\"jenca\",\"image\":{\"@type\":\"ImageObject\",\"inLanguage\":\"sk-SK\",\"@id\":\"https:\/\/www.vkpbratislava.sk\/#\/schema\/person\/image\/\",\"url\":\"https:\/\/secure.gravatar.com\/avatar\/67aa89e9aab2911bbd0c6fbf0a891ea8d80c207c9b6a6e2c96e13fc2f16e536d?s=96&d=mm&r=g\",\"contentUrl\":\"https:\/\/secure.gravatar.com\/avatar\/67aa89e9aab2911bbd0c6fbf0a891ea8d80c207c9b6a6e2c96e13fc2f16e536d?s=96&d=mm&r=g\",\"caption\":\"jenca\"},\"url\":\"https:\/\/www.vkpbratislava.sk\/?author=3\"}]}<\/script>\n<!-- \/ Yoast SEO plugin. -->","yoast_head_json":{"title":"Myjava n\u00e1m v\u00a0extralige vr\u00e1tila po\u017ei\u010dan\u00e9 - VK SLOVAN Bratislava","description":"Mu\u017ei nenadviazali na v\u00fdhru s\u00a0Myjavou v\u00a0Stredoeur\u00f3pskej lige MEVZA a\u00a0v\u00a0dom\u00e1com prostred\u00ed si prip\u00edsali prv\u00fa prehru v\u00a0slovenskej extralige.","robots":{"index":"index","follow":"follow","max-snippet":"max-snippet:-1","max-image-preview":"max-image-preview:large","max-video-preview":"max-video-preview:-1"},"canonical":"https:\/\/www.vkpbratislava.sk\/?p=6491","og_locale":"sk_SK","og_type":"article","og_title":"Myjava n\u00e1m v\u00a0extralige vr\u00e1tila po\u017ei\u010dan\u00e9 - VK SLOVAN Bratislava","og_description":"Mu\u017ei nenadviazali na v\u00fdhru s\u00a0Myjavou v\u00a0Stredoeur\u00f3pskej lige MEVZA a\u00a0v\u00a0dom\u00e1com prostred\u00ed si prip\u00edsali prv\u00fa prehru v\u00a0slovenskej extralige.","og_url":"https:\/\/www.vkpbratislava.sk\/?p=6491","og_site_name":"VK SLOVAN Bratislava","article_published_time":"2021-10-09T20:27:34+00:00","article_modified_time":"2021-10-09T20:35:29+00:00","og_image":[{"width":1280,"height":853,"url":"https:\/\/www.vkpbratislava.sk\/wp-content\/uploads\/2021\/10\/DF1A0761-1280x853.jpg","type":"image\/jpeg"}],"author":"jenca","twitter_card":"summary_large_image","twitter_misc":{"Autor":"jenca","Predpokladan\u00fd \u010das \u010d\u00edtania":"2 min\u00faty"},"schema":{"@context":"https:\/\/schema.org","@graph":[{"@type":"Article","@id":"https:\/\/www.vkpbratislava.sk\/?p=6491#article","isPartOf":{"@id":"https:\/\/www.vkpbratislava.sk\/?p=6491"},"author":{"name":"jenca","@id":"https:\/\/www.vkpbratislava.sk\/#\/schema\/person\/7037e769f9515aa58493d1b5852c4c50"},"headline":"Myjava n\u00e1m v\u00a0extralige vr\u00e1tila po\u017ei\u010dan\u00e9","datePublished":"2021-10-09T20:27:34+00:00","dateModified":"2021-10-09T20:35:29+00:00","mainEntityOfPage":{"@id":"https:\/\/www.vkpbratislava.sk\/?p=6491"},"wordCount":446,"publisher":{"@id":"https:\/\/www.vkpbratislava.sk\/#organization"},"image":{"@id":"https:\/\/www.vkpbratislava.sk\/?p=6491#primaryimage"},"thumbnailUrl":"https:\/\/www.vkpbratislava.sk\/wp-content\/uploads\/2021\/10\/DF1A0761.jpg","articleSection":["Mu\u017ei"],"inLanguage":"sk-SK"},{"@type":"WebPage","@id":"https:\/\/www.vkpbratislava.sk\/?p=6491","url":"https:\/\/www.vkpbratislava.sk\/?p=6491","name":"Myjava n\u00e1m v\u00a0extralige vr\u00e1tila po\u017ei\u010dan\u00e9 - VK SLOVAN Bratislava","isPartOf":{"@id":"https:\/\/www.vkpbratislava.sk\/#website"},"primaryImageOfPage":{"@id":"https:\/\/www.vkpbratislava.sk\/?p=6491#primaryimage"},"image":{"@id":"https:\/\/www.vkpbratislava.sk\/?p=6491#primaryimage"},"thumbnailUrl":"https:\/\/www.vkpbratislava.sk\/wp-content\/uploads\/2021\/10\/DF1A0761.jpg","datePublished":"2021-10-09T20:27:34+00:00","dateModified":"2021-10-09T20:35:29+00:00","description":"Mu\u017ei nenadviazali na v\u00fdhru s\u00a0Myjavou v\u00a0Stredoeur\u00f3pskej lige MEVZA a\u00a0v\u00a0dom\u00e1com prostred\u00ed si prip\u00edsali prv\u00fa prehru v\u00a0slovenskej extralige.","breadcrumb":{"@id":"https:\/\/www.vkpbratislava.sk\/?p=6491#breadcrumb"},"inLanguage":"sk-SK","potentialAction":[{"@type":"ReadAction","target":["https:\/\/www.vkpbratislava.sk\/?p=6491"]}]},{"@type":"ImageObject","inLanguage":"sk-SK","@id":"https:\/\/www.vkpbratislava.sk\/?p=6491#primaryimage","url":"https:\/\/www.vkpbratislava.sk\/wp-content\/uploads\/2021\/10\/DF1A0761.jpg","contentUrl":"https:\/\/www.vkpbratislava.sk\/wp-content\/uploads\/2021\/10\/DF1A0761.jpg","width":2048,"height":1365},{"@type":"BreadcrumbList","@id":"https:\/\/www.vkpbratislava.sk\/?p=6491#breadcrumb","itemListElement":[{"@type":"ListItem","position":1,"name":"Domov","item":"https:\/\/www.vkpbratislava.sk\/"},{"@type":"ListItem","position":2,"name":"Myjava n\u00e1m v\u00a0extralige vr\u00e1tila po\u017ei\u010dan\u00e9"}]},{"@type":"WebSite","@id":"https:\/\/www.vkpbratislava.sk\/#website","url":"https:\/\/www.vkpbratislava.sk\/","name":"VK SLOVAN Bratislava","description":"Volejbalov\u00fd klub","publisher":{"@id":"https:\/\/www.vkpbratislava.sk\/#organization"},"potentialAction":[{"@type":"SearchAction","target":{"@type":"EntryPoint","urlTemplate":"https:\/\/www.vkpbratislava.sk\/?s={search_term_string}"},"query-input":{"@type":"PropertyValueSpecification","valueRequired":true,"valueName":"search_term_string"}}],"inLanguage":"sk-SK"},{"@type":"Organization","@id":"https:\/\/www.vkpbratislava.sk\/#organization","name":"VKP Bratislava","url":"https:\/\/www.vkpbratislava.sk\/","logo":{"@type":"ImageObject","inLanguage":"sk-SK","@id":"https:\/\/www.vkpbratislava.sk\/#\/schema\/logo\/image\/","url":"https:\/\/www.vkpbratislava.sk\/wp-content\/uploads\/2020\/10\/vkpBA.png","contentUrl":"https:\/\/www.vkpbratislava.sk\/wp-content\/uploads\/2020\/10\/vkpBA.png","width":600,"height":600,"caption":"VKP Bratislava"},"image":{"@id":"https:\/\/www.vkpbratislava.sk\/#\/schema\/logo\/image\/"}},{"@type":"Person","@id":"https:\/\/www.vkpbratislava.sk\/#\/schema\/person\/7037e769f9515aa58493d1b5852c4c50","name":"jenca","image":{"@type":"ImageObject","inLanguage":"sk-SK","@id":"https:\/\/www.vkpbratislava.sk\/#\/schema\/person\/image\/","url":"https:\/\/secure.gravatar.com\/avatar\/67aa89e9aab2911bbd0c6fbf0a891ea8d80c207c9b6a6e2c96e13fc2f16e536d?s=96&d=mm&r=g","contentUrl":"https:\/\/secure.gravatar.com\/avatar\/67aa89e9aab2911bbd0c6fbf0a891ea8d80c207c9b6a6e2c96e13fc2f16e536d?s=96&d=mm&r=g","caption":"jenca"},"url":"https:\/\/www.vkpbratislava.sk\/?author=3"}]}},"_links":{"self":[{"href":"https:\/\/www.vkpbratislava.sk\/index.php?rest_route=\/wp\/v2\/posts\/6491","targetHints":{"allow":["GET"]}}],"collection":[{"href":"https:\/\/www.vkpbratislava.sk\/index.php?rest_route=\/wp\/v2\/posts"}],"about":[{"href":"https:\/\/www.vkpbratislava.sk\/index.php?rest_route=\/wp\/v2\/types\/post"}],"author":[{"embeddable":true,"href":"https:\/\/www.vkpbratislava.sk\/index.php?rest_route=\/wp\/v2\/users\/3"}],"replies":[{"embeddable":true,"href":"https:\/\/www.vkpbratislava.sk\/index.php?rest_route=%2Fwp%2Fv2%2Fcomments&post=6491"}],"version-history":[{"count":4,"href":"https:\/\/www.vkpbratislava.sk\/index.php?rest_route=\/wp\/v2\/posts\/6491\/revisions"}],"predecessor-version":[{"id":6507,"href":"https:\/\/www.vkpbratislava.sk\/index.php?rest_route=\/wp\/v2\/posts\/6491\/revisions\/6507"}],"wp:featuredmedia":[{"embeddable":true,"href":"https:\/\/www.vkpbratislava.sk\/index.php?rest_route=\/wp\/v2\/media\/6503"}],"wp:attachment":[{"href":"https:\/\/www.vkpbratislava.sk\/index.php?rest_route=%2Fwp%2Fv2%2Fmedia&parent=6491"}],"wp:term":[{"taxonomy":"category","embeddable":true,"href":"https:\/\/www.vkpbratislava.sk\/index.php?rest_route=%2Fwp%2Fv2%2Fcategories&post=6491"},{"taxonomy":"post_tag","embeddable":true,"href":"https:\/\/www.vkpbratislava.sk\/index.php?rest_route=%2Fwp%2Fv2%2Ftags&post=6491"}],"curies":[{"name":"wp","href":"https:\/\/api.w.org\/{rel}","templated":true}]}}