{"id":6686,"date":"2021-10-12T20:33:02","date_gmt":"2021-10-12T18:33:02","guid":{"rendered":"https:\/\/www.vkpbratislava.sk\/?p=6686"},"modified":"2021-10-12T20:37:00","modified_gmt":"2021-10-12T18:37:00","slug":"po-sklamani-si-napravit-chut-s-pezinkom","status":"publish","type":"post","link":"https:\/\/www.vkpbratislava.sk\/?p=6686","title":{"rendered":"Po sklaman\u00ed si napravi\u0165 chu\u0165 s Pezinkom"},"content":{"rendered":"<p><strong>R\u00fdchlo zabudn\u00fa\u0165 na sobot\u0148aj\u0161iu prehru a\u00a0hor sa na Pezinok (streda, 13. okt\u00f3bra o\u00a019.00 h), s ktor\u00fdm sa stretneme v 4. kole slovenskej extraligy.\u00a0<\/strong><\/p>\n<p>Hladk\u00e1 prehra 3:0 v\u00a0Novom Meste nad V\u00e1hom sa zn\u00e1\u0161ala \u0165a\u017eko, ale u\u017e sa o\u010di cel\u00e9ho t\u00edmu s\u00fastredia na dom\u00e1ci s\u00faboj s\u00a0Pezinkom. \u201ePr\u00edprava bola ve\u013emi r\u00fdchla a\u00a0jednoduch\u00e1, ke\u010f\u017ee ve\u013ea \u010dasu nebolo. Povedali sme si nejak\u00e9 z\u00e1kladn\u00e9 veci &#8211; ako budeme s\u00fapera br\u00e1ni\u0165, \u010do by sme chceli hra\u0165. Rie\u0161ili sme aj na\u0161u hru proti Nov\u00e9mu Mestu, ktor\u00e1 nebola pod\u013ea na\u0161ich predst\u00e1v,\u201c prezradil tr\u00e9ner \u017eien Jaroslav Han\u010d\u00e1k. \u201ePo prehre bola n\u00e1lada v\u0161elijak\u00e1, ke\u010f\u017ee sme boli ve\u013emi sklaman\u00ed z\u00a0n\u00e1\u0161ho v\u00fdkonu. Ur\u010dite to tr\u00e1pilo aj diev\u010dat\u00e1, ale na tr\u00e9ningoch to u\u017e vyzeralo ove\u013ea lep\u0161ie. Mysl\u00edm si, \u017ee hr\u00e1\u010dky si vst\u00fapili do svedomia a\u00a0\u010do sme si povedali, to budeme aj praktizova\u0165. Mus\u00edme sa hlavne dr\u017ea\u0165 vec\u00ed, ktor\u00e9 tr\u00e9nujeme a\u00a0pracujeme na nich u\u017e dlh\u0161ie, nepanik\u00e1ri\u0165, nestr\u00e1ca\u0165 hlavu ako v\u00a0Novom Meste a\u00a0s\u00fastredi\u0165 sa len a\u00a0len na n\u00e1\u0161 v\u00fdkon. Ak sa toho budeme dr\u017ea\u0165, hra\u0165 agres\u00edvne, m\u00f4\u017eeme by\u0165 \u00faspe\u0161n\u00ed. Pezinok m\u00e1 nieko\u013eko sk\u00fasen\u00fdch hr\u00e1\u010dok, ur\u010dite bud\u00fa nepr\u00edjemn\u00e9 v\u00a0\u00fatoku, najm\u00e4 pri technick\u00fdch \u00faderoch,\u201c dodal Han\u010d\u00e1k.<\/p>\n","protected":false},"excerpt":{"rendered":"<p>R\u00fdchlo zabudn\u00fa\u0165 na sobot\u0148aj\u0161iu prehru a\u00a0hor sa na Pezinok (streda, 13. okt\u00f3bra o\u00a019.00 h), s ktor\u00fdm sa stretneme v 4. kole slovenskej extraligy.\u00a0<\/p>\n","protected":false},"author":3,"featured_media":6317,"comment_status":"closed","ping_status":"open","sticky":false,"template":"","format":"standard","meta":{"_monsterinsights_skip_tracking":false,"_monsterinsights_sitenote_active":false,"_monsterinsights_sitenote_note":"","_monsterinsights_sitenote_category":0,"footnotes":""},"categories":[48],"tags":[],"class_list":["post-6686","post","type-post","status-publish","format-standard","has-post-thumbnail","hentry","category-zeny"],"yoast_head":"<!-- This site is optimized with the Yoast SEO plugin v25.6 - https:\/\/yoast.com\/wordpress\/plugins\/seo\/ -->\n<title>Po sklaman\u00ed si napravi\u0165 chu\u0165 s Pezinkom - VK SLOVAN Bratislava<\/title>\n<meta name=\"description\" content=\"R\u00fdchlo zabudn\u00fa\u0165 na sobot\u0148aj\u0161iu prehru a\u00a0hor sa na Pezinok (streda, 13. okt\u00f3bra o\u00a019.00 h), s ktor\u00fdm sa stretneme v 4. kole slovenskej extraligy.\u00a0\" \/>\n<meta name=\"robots\" content=\"index, follow, max-snippet:-1, max-image-preview:large, max-video-preview:-1\" \/>\n<link rel=\"canonical\" href=\"https:\/\/www.vkpbratislava.sk\/?p=6686\" \/>\n<meta property=\"og:locale\" content=\"sk_SK\" \/>\n<meta property=\"og:type\" content=\"article\" \/>\n<meta property=\"og:title\" content=\"Po sklaman\u00ed si napravi\u0165 chu\u0165 s Pezinkom - VK SLOVAN Bratislava\" \/>\n<meta property=\"og:description\" content=\"R\u00fdchlo zabudn\u00fa\u0165 na sobot\u0148aj\u0161iu prehru a\u00a0hor sa na Pezinok (streda, 13. okt\u00f3bra o\u00a019.00 h), s ktor\u00fdm sa stretneme v 4. kole slovenskej extraligy.\u00a0\" \/>\n<meta property=\"og:url\" content=\"https:\/\/www.vkpbratislava.sk\/?p=6686\" \/>\n<meta property=\"og:site_name\" content=\"VK SLOVAN Bratislava\" \/>\n<meta property=\"article:published_time\" content=\"2021-10-12T18:33:02+00:00\" \/>\n<meta property=\"article:modified_time\" content=\"2021-10-12T18:37:00+00:00\" \/>\n<meta property=\"og:image\" content=\"https:\/\/www.vkpbratislava.sk\/wp-content\/uploads\/2021\/10\/20211002_IgorUrban_VKP-BA-Z-vs-Trnava_037_-scaled.jpg\" \/>\n\t<meta property=\"og:image:width\" content=\"2560\" \/>\n\t<meta property=\"og:image:height\" content=\"1707\" \/>\n\t<meta property=\"og:image:type\" content=\"image\/jpeg\" \/>\n<meta name=\"author\" content=\"jenca\" \/>\n<meta name=\"twitter:card\" content=\"summary_large_image\" \/>\n<meta name=\"twitter:label1\" content=\"Autor\" \/>\n\t<meta name=\"twitter:data1\" content=\"jenca\" \/>\n\t<meta name=\"twitter:label2\" content=\"Predpokladan\u00fd \u010das \u010d\u00edtania\" \/>\n\t<meta name=\"twitter:data2\" content=\"1 min\u00fata\" \/>\n<script type=\"application\/ld+json\" class=\"yoast-schema-graph\">{\"@context\":\"https:\/\/schema.org\",\"@graph\":[{\"@type\":\"Article\",\"@id\":\"https:\/\/www.vkpbratislava.sk\/?p=6686#article\",\"isPartOf\":{\"@id\":\"https:\/\/www.vkpbratislava.sk\/?p=6686\"},\"author\":{\"name\":\"jenca\",\"@id\":\"https:\/\/www.vkpbratislava.sk\/#\/schema\/person\/7037e769f9515aa58493d1b5852c4c50\"},\"headline\":\"Po sklaman\u00ed si napravi\u0165 chu\u0165 s Pezinkom\",\"datePublished\":\"2021-10-12T18:33:02+00:00\",\"dateModified\":\"2021-10-12T18:37:00+00:00\",\"mainEntityOfPage\":{\"@id\":\"https:\/\/www.vkpbratislava.sk\/?p=6686\"},\"wordCount\":258,\"publisher\":{\"@id\":\"https:\/\/www.vkpbratislava.sk\/#organization\"},\"image\":{\"@id\":\"https:\/\/www.vkpbratislava.sk\/?p=6686#primaryimage\"},\"thumbnailUrl\":\"https:\/\/www.vkpbratislava.sk\/wp-content\/uploads\/2021\/10\/20211002_IgorUrban_VKP-BA-Z-vs-Trnava_037_-scaled.jpg\",\"articleSection\":[\"\u017deny\"],\"inLanguage\":\"sk-SK\"},{\"@type\":\"WebPage\",\"@id\":\"https:\/\/www.vkpbratislava.sk\/?p=6686\",\"url\":\"https:\/\/www.vkpbratislava.sk\/?p=6686\",\"name\":\"Po sklaman\u00ed si napravi\u0165 chu\u0165 s Pezinkom - VK SLOVAN Bratislava\",\"isPartOf\":{\"@id\":\"https:\/\/www.vkpbratislava.sk\/#website\"},\"primaryImageOfPage\":{\"@id\":\"https:\/\/www.vkpbratislava.sk\/?p=6686#primaryimage\"},\"image\":{\"@id\":\"https:\/\/www.vkpbratislava.sk\/?p=6686#primaryimage\"},\"thumbnailUrl\":\"https:\/\/www.vkpbratislava.sk\/wp-content\/uploads\/2021\/10\/20211002_IgorUrban_VKP-BA-Z-vs-Trnava_037_-scaled.jpg\",\"datePublished\":\"2021-10-12T18:33:02+00:00\",\"dateModified\":\"2021-10-12T18:37:00+00:00\",\"description\":\"R\u00fdchlo zabudn\u00fa\u0165 na sobot\u0148aj\u0161iu prehru a\u00a0hor sa na Pezinok (streda, 13. okt\u00f3bra o\u00a019.00 h), s ktor\u00fdm sa stretneme v 4. kole slovenskej extraligy.\u00a0\",\"breadcrumb\":{\"@id\":\"https:\/\/www.vkpbratislava.sk\/?p=6686#breadcrumb\"},\"inLanguage\":\"sk-SK\",\"potentialAction\":[{\"@type\":\"ReadAction\",\"target\":[\"https:\/\/www.vkpbratislava.sk\/?p=6686\"]}]},{\"@type\":\"ImageObject\",\"inLanguage\":\"sk-SK\",\"@id\":\"https:\/\/www.vkpbratislava.sk\/?p=6686#primaryimage\",\"url\":\"https:\/\/www.vkpbratislava.sk\/wp-content\/uploads\/2021\/10\/20211002_IgorUrban_VKP-BA-Z-vs-Trnava_037_-scaled.jpg\",\"contentUrl\":\"https:\/\/www.vkpbratislava.sk\/wp-content\/uploads\/2021\/10\/20211002_IgorUrban_VKP-BA-Z-vs-Trnava_037_-scaled.jpg\",\"width\":2560,\"height\":1707,\"caption\":\"Photos during VKP BA Z vs Trnava at Bratislava, Slovakia onOctober-02-2021. Photo: iurban@iurban.sk\"},{\"@type\":\"BreadcrumbList\",\"@id\":\"https:\/\/www.vkpbratislava.sk\/?p=6686#breadcrumb\",\"itemListElement\":[{\"@type\":\"ListItem\",\"position\":1,\"name\":\"Domov\",\"item\":\"https:\/\/www.vkpbratislava.sk\/\"},{\"@type\":\"ListItem\",\"position\":2,\"name\":\"Po sklaman\u00ed si napravi\u0165 chu\u0165 s Pezinkom\"}]},{\"@type\":\"WebSite\",\"@id\":\"https:\/\/www.vkpbratislava.sk\/#website\",\"url\":\"https:\/\/www.vkpbratislava.sk\/\",\"name\":\"VK SLOVAN Bratislava\",\"description\":\"Volejbalov\u00fd klub\",\"publisher\":{\"@id\":\"https:\/\/www.vkpbratislava.sk\/#organization\"},\"potentialAction\":[{\"@type\":\"SearchAction\",\"target\":{\"@type\":\"EntryPoint\",\"urlTemplate\":\"https:\/\/www.vkpbratislava.sk\/?s={search_term_string}\"},\"query-input\":{\"@type\":\"PropertyValueSpecification\",\"valueRequired\":true,\"valueName\":\"search_term_string\"}}],\"inLanguage\":\"sk-SK\"},{\"@type\":\"Organization\",\"@id\":\"https:\/\/www.vkpbratislava.sk\/#organization\",\"name\":\"VKP Bratislava\",\"url\":\"https:\/\/www.vkpbratislava.sk\/\",\"logo\":{\"@type\":\"ImageObject\",\"inLanguage\":\"sk-SK\",\"@id\":\"https:\/\/www.vkpbratislava.sk\/#\/schema\/logo\/image\/\",\"url\":\"https:\/\/www.vkpbratislava.sk\/wp-content\/uploads\/2020\/10\/vkpBA.png\",\"contentUrl\":\"https:\/\/www.vkpbratislava.sk\/wp-content\/uploads\/2020\/10\/vkpBA.png\",\"width\":600,\"height\":600,\"caption\":\"VKP Bratislava\"},\"image\":{\"@id\":\"https:\/\/www.vkpbratislava.sk\/#\/schema\/logo\/image\/\"}},{\"@type\":\"Person\",\"@id\":\"https:\/\/www.vkpbratislava.sk\/#\/schema\/person\/7037e769f9515aa58493d1b5852c4c50\",\"name\":\"jenca\",\"image\":{\"@type\":\"ImageObject\",\"inLanguage\":\"sk-SK\",\"@id\":\"https:\/\/www.vkpbratislava.sk\/#\/schema\/person\/image\/\",\"url\":\"https:\/\/secure.gravatar.com\/avatar\/67aa89e9aab2911bbd0c6fbf0a891ea8d80c207c9b6a6e2c96e13fc2f16e536d?s=96&d=mm&r=g\",\"contentUrl\":\"https:\/\/secure.gravatar.com\/avatar\/67aa89e9aab2911bbd0c6fbf0a891ea8d80c207c9b6a6e2c96e13fc2f16e536d?s=96&d=mm&r=g\",\"caption\":\"jenca\"},\"url\":\"https:\/\/www.vkpbratislava.sk\/?author=3\"}]}<\/script>\n<!-- \/ Yoast SEO plugin. -->","yoast_head_json":{"title":"Po sklaman\u00ed si napravi\u0165 chu\u0165 s Pezinkom - VK SLOVAN Bratislava","description":"R\u00fdchlo zabudn\u00fa\u0165 na sobot\u0148aj\u0161iu prehru a\u00a0hor sa na Pezinok (streda, 13. okt\u00f3bra o\u00a019.00 h), s ktor\u00fdm sa stretneme v 4. kole slovenskej extraligy.\u00a0","robots":{"index":"index","follow":"follow","max-snippet":"max-snippet:-1","max-image-preview":"max-image-preview:large","max-video-preview":"max-video-preview:-1"},"canonical":"https:\/\/www.vkpbratislava.sk\/?p=6686","og_locale":"sk_SK","og_type":"article","og_title":"Po sklaman\u00ed si napravi\u0165 chu\u0165 s Pezinkom - VK SLOVAN Bratislava","og_description":"R\u00fdchlo zabudn\u00fa\u0165 na sobot\u0148aj\u0161iu prehru a\u00a0hor sa na Pezinok (streda, 13. okt\u00f3bra o\u00a019.00 h), s ktor\u00fdm sa stretneme v 4. kole slovenskej extraligy.\u00a0","og_url":"https:\/\/www.vkpbratislava.sk\/?p=6686","og_site_name":"VK SLOVAN Bratislava","article_published_time":"2021-10-12T18:33:02+00:00","article_modified_time":"2021-10-12T18:37:00+00:00","og_image":[{"width":2560,"height":1707,"url":"https:\/\/www.vkpbratislava.sk\/wp-content\/uploads\/2021\/10\/20211002_IgorUrban_VKP-BA-Z-vs-Trnava_037_-scaled.jpg","type":"image\/jpeg"}],"author":"jenca","twitter_card":"summary_large_image","twitter_misc":{"Autor":"jenca","Predpokladan\u00fd \u010das \u010d\u00edtania":"1 min\u00fata"},"schema":{"@context":"https:\/\/schema.org","@graph":[{"@type":"Article","@id":"https:\/\/www.vkpbratislava.sk\/?p=6686#article","isPartOf":{"@id":"https:\/\/www.vkpbratislava.sk\/?p=6686"},"author":{"name":"jenca","@id":"https:\/\/www.vkpbratislava.sk\/#\/schema\/person\/7037e769f9515aa58493d1b5852c4c50"},"headline":"Po sklaman\u00ed si napravi\u0165 chu\u0165 s Pezinkom","datePublished":"2021-10-12T18:33:02+00:00","dateModified":"2021-10-12T18:37:00+00:00","mainEntityOfPage":{"@id":"https:\/\/www.vkpbratislava.sk\/?p=6686"},"wordCount":258,"publisher":{"@id":"https:\/\/www.vkpbratislava.sk\/#organization"},"image":{"@id":"https:\/\/www.vkpbratislava.sk\/?p=6686#primaryimage"},"thumbnailUrl":"https:\/\/www.vkpbratislava.sk\/wp-content\/uploads\/2021\/10\/20211002_IgorUrban_VKP-BA-Z-vs-Trnava_037_-scaled.jpg","articleSection":["\u017deny"],"inLanguage":"sk-SK"},{"@type":"WebPage","@id":"https:\/\/www.vkpbratislava.sk\/?p=6686","url":"https:\/\/www.vkpbratislava.sk\/?p=6686","name":"Po sklaman\u00ed si napravi\u0165 chu\u0165 s Pezinkom - VK SLOVAN Bratislava","isPartOf":{"@id":"https:\/\/www.vkpbratislava.sk\/#website"},"primaryImageOfPage":{"@id":"https:\/\/www.vkpbratislava.sk\/?p=6686#primaryimage"},"image":{"@id":"https:\/\/www.vkpbratislava.sk\/?p=6686#primaryimage"},"thumbnailUrl":"https:\/\/www.vkpbratislava.sk\/wp-content\/uploads\/2021\/10\/20211002_IgorUrban_VKP-BA-Z-vs-Trnava_037_-scaled.jpg","datePublished":"2021-10-12T18:33:02+00:00","dateModified":"2021-10-12T18:37:00+00:00","description":"R\u00fdchlo zabudn\u00fa\u0165 na sobot\u0148aj\u0161iu prehru a\u00a0hor sa na Pezinok (streda, 13. okt\u00f3bra o\u00a019.00 h), s ktor\u00fdm sa stretneme v 4. kole slovenskej extraligy.\u00a0","breadcrumb":{"@id":"https:\/\/www.vkpbratislava.sk\/?p=6686#breadcrumb"},"inLanguage":"sk-SK","potentialAction":[{"@type":"ReadAction","target":["https:\/\/www.vkpbratislava.sk\/?p=6686"]}]},{"@type":"ImageObject","inLanguage":"sk-SK","@id":"https:\/\/www.vkpbratislava.sk\/?p=6686#primaryimage","url":"https:\/\/www.vkpbratislava.sk\/wp-content\/uploads\/2021\/10\/20211002_IgorUrban_VKP-BA-Z-vs-Trnava_037_-scaled.jpg","contentUrl":"https:\/\/www.vkpbratislava.sk\/wp-content\/uploads\/2021\/10\/20211002_IgorUrban_VKP-BA-Z-vs-Trnava_037_-scaled.jpg","width":2560,"height":1707,"caption":"Photos during VKP BA Z vs Trnava at Bratislava, Slovakia onOctober-02-2021. Photo: iurban@iurban.sk"},{"@type":"BreadcrumbList","@id":"https:\/\/www.vkpbratislava.sk\/?p=6686#breadcrumb","itemListElement":[{"@type":"ListItem","position":1,"name":"Domov","item":"https:\/\/www.vkpbratislava.sk\/"},{"@type":"ListItem","position":2,"name":"Po sklaman\u00ed si napravi\u0165 chu\u0165 s Pezinkom"}]},{"@type":"WebSite","@id":"https:\/\/www.vkpbratislava.sk\/#website","url":"https:\/\/www.vkpbratislava.sk\/","name":"VK SLOVAN Bratislava","description":"Volejbalov\u00fd klub","publisher":{"@id":"https:\/\/www.vkpbratislava.sk\/#organization"},"potentialAction":[{"@type":"SearchAction","target":{"@type":"EntryPoint","urlTemplate":"https:\/\/www.vkpbratislava.sk\/?s={search_term_string}"},"query-input":{"@type":"PropertyValueSpecification","valueRequired":true,"valueName":"search_term_string"}}],"inLanguage":"sk-SK"},{"@type":"Organization","@id":"https:\/\/www.vkpbratislava.sk\/#organization","name":"VKP Bratislava","url":"https:\/\/www.vkpbratislava.sk\/","logo":{"@type":"ImageObject","inLanguage":"sk-SK","@id":"https:\/\/www.vkpbratislava.sk\/#\/schema\/logo\/image\/","url":"https:\/\/www.vkpbratislava.sk\/wp-content\/uploads\/2020\/10\/vkpBA.png","contentUrl":"https:\/\/www.vkpbratislava.sk\/wp-content\/uploads\/2020\/10\/vkpBA.png","width":600,"height":600,"caption":"VKP Bratislava"},"image":{"@id":"https:\/\/www.vkpbratislava.sk\/#\/schema\/logo\/image\/"}},{"@type":"Person","@id":"https:\/\/www.vkpbratislava.sk\/#\/schema\/person\/7037e769f9515aa58493d1b5852c4c50","name":"jenca","image":{"@type":"ImageObject","inLanguage":"sk-SK","@id":"https:\/\/www.vkpbratislava.sk\/#\/schema\/person\/image\/","url":"https:\/\/secure.gravatar.com\/avatar\/67aa89e9aab2911bbd0c6fbf0a891ea8d80c207c9b6a6e2c96e13fc2f16e536d?s=96&d=mm&r=g","contentUrl":"https:\/\/secure.gravatar.com\/avatar\/67aa89e9aab2911bbd0c6fbf0a891ea8d80c207c9b6a6e2c96e13fc2f16e536d?s=96&d=mm&r=g","caption":"jenca"},"url":"https:\/\/www.vkpbratislava.sk\/?author=3"}]}},"_links":{"self":[{"href":"https:\/\/www.vkpbratislava.sk\/index.php?rest_route=\/wp\/v2\/posts\/6686","targetHints":{"allow":["GET"]}}],"collection":[{"href":"https:\/\/www.vkpbratislava.sk\/index.php?rest_route=\/wp\/v2\/posts"}],"about":[{"href":"https:\/\/www.vkpbratislava.sk\/index.php?rest_route=\/wp\/v2\/types\/post"}],"author":[{"embeddable":true,"href":"https:\/\/www.vkpbratislava.sk\/index.php?rest_route=\/wp\/v2\/users\/3"}],"replies":[{"embeddable":true,"href":"https:\/\/www.vkpbratislava.sk\/index.php?rest_route=%2Fwp%2Fv2%2Fcomments&post=6686"}],"version-history":[{"count":3,"href":"https:\/\/www.vkpbratislava.sk\/index.php?rest_route=\/wp\/v2\/posts\/6686\/revisions"}],"predecessor-version":[{"id":6689,"href":"https:\/\/www.vkpbratislava.sk\/index.php?rest_route=\/wp\/v2\/posts\/6686\/revisions\/6689"}],"wp:featuredmedia":[{"embeddable":true,"href":"https:\/\/www.vkpbratislava.sk\/index.php?rest_route=\/wp\/v2\/media\/6317"}],"wp:attachment":[{"href":"https:\/\/www.vkpbratislava.sk\/index.php?rest_route=%2Fwp%2Fv2%2Fmedia&parent=6686"}],"wp:term":[{"taxonomy":"category","embeddable":true,"href":"https:\/\/www.vkpbratislava.sk\/index.php?rest_route=%2Fwp%2Fv2%2Fcategories&post=6686"},{"taxonomy":"post_tag","embeddable":true,"href":"https:\/\/www.vkpbratislava.sk\/index.php?rest_route=%2Fwp%2Fv2%2Ftags&post=6686"}],"curies":[{"name":"wp","href":"https:\/\/api.w.org\/{rel}","templated":true}]}}