{"id":7097,"date":"2021-10-16T23:33:51","date_gmt":"2021-10-16T21:33:51","guid":{"rendered":"https:\/\/www.vkpbratislava.sk\/?p=7097"},"modified":"2021-10-16T23:33:51","modified_gmt":"2021-10-16T21:33:51","slug":"muzi-s-bodom-zeny-naprazdno","status":"publish","type":"post","link":"https:\/\/www.vkpbratislava.sk\/?p=7097","title":{"rendered":"Mu\u017ei s\u00a0bodom, \u017eeny napr\u00e1zdno"},"content":{"rendered":"<p><strong>Na tento v\u00edkend r\u00fdchlo zabudn\u00fa\u0165. Mu\u017ei VKP Bratislava mali na dosah obrat, no po dr\u00e1me prehrali vo Svidn\u00edku 2:3, \u017eeny v\u00a0bitke o\u00a0Bratislavu pod\u013eahli Sl\u00e1vii 0:3.<\/strong><\/p>\n<p>Zverenci Mat\u00fa\u0161a Kaln\u00e9ho mali v\u00a0lige pred s\u00fabojom vo Svidn\u00edku odohrat\u00e9 len dva extraligov\u00e9 z\u00e1pasy &#8211; v\u00fdhru s\u00a0Tren\u010d\u00ednom a\u00a0prehru s\u00a0Myjavou. Na v\u00fdchode teda pom\u00fd\u0161\u013eali na pln\u00fd bodov\u00fd zisk. \u00davodn\u00e9 dva sety v\u0161ak \u0165ahali \u201epolicajti\u201c za krat\u0161\u00ed koniec povrazu. V\u00a0tre\u0165om sete sa zlep\u0161ili, dok\u00e1zali duel zdramatizova\u0165. Vo \u0161tvrtom dejstve to bolo kto z\u00a0koho. S\u00faperi sa na\u0165ahovali o\u00a0ka\u017ed\u00fd bod, VKP odvr\u00e1til \u0161tyri me\u010dbaly a\u00a0napokon vyrovnal sk\u00f3re stretnutia na 2:2 a\u00a0o\u00a0z\u00e1pase musel rozhodn\u00fa\u0165 tajbrejk. V\u00a0\u0148om mali za v\u00fdhrou vykro\u010den\u00ed hostia, viedli 8:6, ale po zmene str\u00e1n pri\u0161lo 7 z\u00edskan\u00fdch bodov Svidn\u00ed\u010danov za sebou a\u00a0z\u00e1ver si pokojne ustr\u00e1\u017eili a\u00a0z\u00edskali dva body. My sme si z\u00a0v\u00fdchodu republiky odviezli len jeden.<\/p>\n<p><strong>TJ Sl\u00e1via Svidn\u00edk &#8211; VKP Bratislava 3:2 (21, 17, -20, -30, 11)<\/strong><\/p>\n<p><strong>Rozhodovali:<\/strong> Andrej\u010d\u00e1k a H\u00f6ger, 70 div\u00e1kov<\/p>\n<p><strong>VKP:<\/strong> Yacoubou 26, Tarabus 8, Malina 7, Za\u0165ko 4, Kostol\u00e1ni 4, Billich, libero Kurej (Truba\u010d 16, Pre\u0161insk\u00fd 9, Van\u010do 3, Jur\u00edk 1, Pavli\u010dko). Tr\u00e9ner: M. Kaln\u00fd.<\/p>\n<p><strong>Hr\u00e1\u010d z\u00e1pasu za VKP:<\/strong> Radoslav Pre\u0161insk\u00fd<\/p>\n<p><strong>Mat\u00fa\u0161 Kaln\u00fd, tr\u00e9ner VKP:<\/strong> \u201eZ na\u0161ej strany to boli ve\u013emi zl\u00e9 prv\u00e9 dva sety. Potom sme sa dostali po ur\u010dit\u00fdch zmen\u00e1ch do z\u00e1pasu. V\u00fdpadok v tajbrejku za stavu 8:6 pre n\u00e1s si neviem vysvetli\u0165.&#8220;<\/p>\n<p>Po tom, \u010do VKP zobralo pod svoje kr\u00eddla aj \u017eeny sa v\u00a0Bratislave o\u010dak\u00e1valo derby dvoch t\u00edmov z\u00a0hlavn\u00e9ho mesta. Na miesto, kde s\u00fa doma oba t\u00edmy, v\u00a0novej hale pri Dome \u0161portu si na\u0161lo cestu mno\u017estvo \u013eud\u00ed, aby sledovali s\u00faboj t\u00edmov s\u00a0t\u00fdmi najvy\u0161\u0161\u00edmi amb\u00edciami. Od za\u010diatku v\u0161ak mali prevahu \u201esl\u00e1vistky\u201c, \u010do dokres\u013eovali v\u00a0ka\u017edom zo setov. Rozdiel sk\u00f3re sa postupne navy\u0161oval, a\u00a0tak si v\u0161etky body prip\u00edsala Sl\u00e1via EU Bratislava.<\/p>\n<p><strong>Sl\u00e1via EU Bratislava &#8211; VKP Bratislava 3:0 (20, 18, 15)<\/strong><\/p>\n<p><strong>Rozhodovali:<\/strong> Svoren\u010d\u00edk a Viktor\u00edni-Lis\u00e1<\/p>\n<p><strong>VKP:<\/strong> P\u00edse\u010dn\u00e1 9, Fartelov\u00e1 7, Kasprzak 4, Sahin 4, Smie\u0161kov\u00e1 2, Koh\u00fatov\u00e1 1, libero Mattov\u00e1 (Kov\u00e1\u010dov\u00e1 3, Spev\u00e1r 2, Snopkov\u00e1 1, Boledovi\u010dov\u00e1 1, Frolov\u00e1). Tr\u00e9ner: J. Han\u010d\u00e1k.<\/p>\n<p><strong>Hr\u00e1\u010dka z\u00e1pasu za VKP: Marta<\/strong> Fartelov\u00e1<\/p>\n<p><strong>Jaroslav Han\u010d\u00e1k, tr\u00e9ner VKP:<\/strong> \u201eZ na\u0161ej strany to bol slab\u0161\u00ed priemer, mo\u017eno o trochu lep\u0161ie ako v Novom Meste nad V\u00e1hom. Niektor\u00e9 hr\u00e1\u010dky sa d\u00e1vaj\u00fa dokopy po zranen\u00ed, nem\u00f4\u017eeme od nich o\u010dak\u00e1va\u0165 stopercentn\u00fa v\u00fdkonnos\u0165. Boli sme slab\u00ed v \u00fatoku a na prihr\u00e1vke, v dohr\u00e1van\u00fdch lopt\u00e1ch po nepresnej prihr\u00e1vke a obrane sme boli v porovnan\u00ed so Sl\u00e1viou o dos\u0165 slab\u0161\u00ed.&#8220;<\/p>\n<p>mb, foto: VKP<\/p>\n<p>&nbsp;<\/p>\n<p>&nbsp;<\/p>\n<p>&nbsp;<\/p>\n<p>&nbsp;<\/p>\n<p>&nbsp;<\/p>\n<p>&nbsp;<\/p>\n","protected":false},"excerpt":{"rendered":"<p>Mu\u017ei VKP Bratislava mali na dosah obrat, no po dr\u00e1me prehrali vo Svidn\u00edku 2:3, \u017eeny v\u00a0bitke o\u00a0Bratislavu pod\u013eahli Sl\u00e1vii 0:3.<\/p>\n","protected":false},"author":3,"featured_media":7107,"comment_status":"closed","ping_status":"open","sticky":false,"template":"","format":"standard","meta":{"_monsterinsights_skip_tracking":false,"_monsterinsights_sitenote_active":false,"_monsterinsights_sitenote_note":"","_monsterinsights_sitenote_category":0,"footnotes":""},"categories":[47,48],"tags":[],"class_list":["post-7097","post","type-post","status-publish","format-standard","has-post-thumbnail","hentry","category-muzi","category-zeny"],"yoast_head":"<!-- This site is optimized with the Yoast SEO plugin v25.6 - https:\/\/yoast.com\/wordpress\/plugins\/seo\/ -->\n<title>Mu\u017ei s\u00a0bodom, \u017eeny napr\u00e1zdno - VK SLOVAN Bratislava<\/title>\n<meta name=\"description\" content=\"Mu\u017ei VKP Bratislava mali na dosah obrat, no po dr\u00e1me prehrali vo Svidn\u00edku 2:3, \u017eeny v\u00a0bitke o\u00a0Bratislavu pod\u013eahli Sl\u00e1vii 0:3.\" \/>\n<meta name=\"robots\" content=\"index, follow, max-snippet:-1, max-image-preview:large, max-video-preview:-1\" \/>\n<link rel=\"canonical\" href=\"https:\/\/www.vkpbratislava.sk\/?p=7097\" \/>\n<meta property=\"og:locale\" content=\"sk_SK\" \/>\n<meta property=\"og:type\" content=\"article\" \/>\n<meta property=\"og:title\" content=\"Mu\u017ei s\u00a0bodom, \u017eeny napr\u00e1zdno - VK SLOVAN Bratislava\" \/>\n<meta property=\"og:description\" content=\"Mu\u017ei VKP Bratislava mali na dosah obrat, no po dr\u00e1me prehrali vo Svidn\u00edku 2:3, \u017eeny v\u00a0bitke o\u00a0Bratislavu pod\u013eahli Sl\u00e1vii 0:3.\" \/>\n<meta property=\"og:url\" content=\"https:\/\/www.vkpbratislava.sk\/?p=7097\" \/>\n<meta property=\"og:site_name\" content=\"VK SLOVAN Bratislava\" \/>\n<meta property=\"article:published_time\" content=\"2021-10-16T21:33:51+00:00\" \/>\n<meta property=\"og:image\" content=\"https:\/\/www.vkpbratislava.sk\/wp-content\/uploads\/2021\/10\/IMG_9883-scaled.jpg\" \/>\n\t<meta property=\"og:image:width\" content=\"2560\" \/>\n\t<meta property=\"og:image:height\" content=\"1920\" \/>\n\t<meta property=\"og:image:type\" content=\"image\/jpeg\" \/>\n<meta name=\"author\" content=\"jenca\" \/>\n<meta name=\"twitter:card\" content=\"summary_large_image\" \/>\n<meta name=\"twitter:label1\" content=\"Autor\" \/>\n\t<meta name=\"twitter:data1\" content=\"jenca\" \/>\n\t<meta name=\"twitter:label2\" content=\"Predpokladan\u00fd \u010das \u010d\u00edtania\" \/>\n\t<meta name=\"twitter:data2\" content=\"2 min\u00faty\" \/>\n<script type=\"application\/ld+json\" class=\"yoast-schema-graph\">{\"@context\":\"https:\/\/schema.org\",\"@graph\":[{\"@type\":\"Article\",\"@id\":\"https:\/\/www.vkpbratislava.sk\/?p=7097#article\",\"isPartOf\":{\"@id\":\"https:\/\/www.vkpbratislava.sk\/?p=7097\"},\"author\":{\"name\":\"jenca\",\"@id\":\"https:\/\/www.vkpbratislava.sk\/#\/schema\/person\/7037e769f9515aa58493d1b5852c4c50\"},\"headline\":\"Mu\u017ei s\u00a0bodom, \u017eeny napr\u00e1zdno\",\"datePublished\":\"2021-10-16T21:33:51+00:00\",\"mainEntityOfPage\":{\"@id\":\"https:\/\/www.vkpbratislava.sk\/?p=7097\"},\"wordCount\":505,\"publisher\":{\"@id\":\"https:\/\/www.vkpbratislava.sk\/#organization\"},\"image\":{\"@id\":\"https:\/\/www.vkpbratislava.sk\/?p=7097#primaryimage\"},\"thumbnailUrl\":\"https:\/\/www.vkpbratislava.sk\/wp-content\/uploads\/2021\/10\/IMG_9883-scaled.jpg\",\"articleSection\":[\"Mu\u017ei\",\"\u017deny\"],\"inLanguage\":\"sk-SK\"},{\"@type\":\"WebPage\",\"@id\":\"https:\/\/www.vkpbratislava.sk\/?p=7097\",\"url\":\"https:\/\/www.vkpbratislava.sk\/?p=7097\",\"name\":\"Mu\u017ei s\u00a0bodom, \u017eeny napr\u00e1zdno - VK SLOVAN Bratislava\",\"isPartOf\":{\"@id\":\"https:\/\/www.vkpbratislava.sk\/#website\"},\"primaryImageOfPage\":{\"@id\":\"https:\/\/www.vkpbratislava.sk\/?p=7097#primaryimage\"},\"image\":{\"@id\":\"https:\/\/www.vkpbratislava.sk\/?p=7097#primaryimage\"},\"thumbnailUrl\":\"https:\/\/www.vkpbratislava.sk\/wp-content\/uploads\/2021\/10\/IMG_9883-scaled.jpg\",\"datePublished\":\"2021-10-16T21:33:51+00:00\",\"description\":\"Mu\u017ei VKP Bratislava mali na dosah obrat, no po dr\u00e1me prehrali vo Svidn\u00edku 2:3, \u017eeny v\u00a0bitke o\u00a0Bratislavu pod\u013eahli Sl\u00e1vii 0:3.\",\"breadcrumb\":{\"@id\":\"https:\/\/www.vkpbratislava.sk\/?p=7097#breadcrumb\"},\"inLanguage\":\"sk-SK\",\"potentialAction\":[{\"@type\":\"ReadAction\",\"target\":[\"https:\/\/www.vkpbratislava.sk\/?p=7097\"]}]},{\"@type\":\"ImageObject\",\"inLanguage\":\"sk-SK\",\"@id\":\"https:\/\/www.vkpbratislava.sk\/?p=7097#primaryimage\",\"url\":\"https:\/\/www.vkpbratislava.sk\/wp-content\/uploads\/2021\/10\/IMG_9883-scaled.jpg\",\"contentUrl\":\"https:\/\/www.vkpbratislava.sk\/wp-content\/uploads\/2021\/10\/IMG_9883-scaled.jpg\",\"width\":2560,\"height\":1920},{\"@type\":\"BreadcrumbList\",\"@id\":\"https:\/\/www.vkpbratislava.sk\/?p=7097#breadcrumb\",\"itemListElement\":[{\"@type\":\"ListItem\",\"position\":1,\"name\":\"Domov\",\"item\":\"https:\/\/www.vkpbratislava.sk\/\"},{\"@type\":\"ListItem\",\"position\":2,\"name\":\"Mu\u017ei s\u00a0bodom, \u017eeny napr\u00e1zdno\"}]},{\"@type\":\"WebSite\",\"@id\":\"https:\/\/www.vkpbratislava.sk\/#website\",\"url\":\"https:\/\/www.vkpbratislava.sk\/\",\"name\":\"VK SLOVAN Bratislava\",\"description\":\"Volejbalov\u00fd klub\",\"publisher\":{\"@id\":\"https:\/\/www.vkpbratislava.sk\/#organization\"},\"potentialAction\":[{\"@type\":\"SearchAction\",\"target\":{\"@type\":\"EntryPoint\",\"urlTemplate\":\"https:\/\/www.vkpbratislava.sk\/?s={search_term_string}\"},\"query-input\":{\"@type\":\"PropertyValueSpecification\",\"valueRequired\":true,\"valueName\":\"search_term_string\"}}],\"inLanguage\":\"sk-SK\"},{\"@type\":\"Organization\",\"@id\":\"https:\/\/www.vkpbratislava.sk\/#organization\",\"name\":\"VKP Bratislava\",\"url\":\"https:\/\/www.vkpbratislava.sk\/\",\"logo\":{\"@type\":\"ImageObject\",\"inLanguage\":\"sk-SK\",\"@id\":\"https:\/\/www.vkpbratislava.sk\/#\/schema\/logo\/image\/\",\"url\":\"https:\/\/www.vkpbratislava.sk\/wp-content\/uploads\/2020\/10\/vkpBA.png\",\"contentUrl\":\"https:\/\/www.vkpbratislava.sk\/wp-content\/uploads\/2020\/10\/vkpBA.png\",\"width\":600,\"height\":600,\"caption\":\"VKP Bratislava\"},\"image\":{\"@id\":\"https:\/\/www.vkpbratislava.sk\/#\/schema\/logo\/image\/\"}},{\"@type\":\"Person\",\"@id\":\"https:\/\/www.vkpbratislava.sk\/#\/schema\/person\/7037e769f9515aa58493d1b5852c4c50\",\"name\":\"jenca\",\"image\":{\"@type\":\"ImageObject\",\"inLanguage\":\"sk-SK\",\"@id\":\"https:\/\/www.vkpbratislava.sk\/#\/schema\/person\/image\/\",\"url\":\"https:\/\/secure.gravatar.com\/avatar\/67aa89e9aab2911bbd0c6fbf0a891ea8d80c207c9b6a6e2c96e13fc2f16e536d?s=96&d=mm&r=g\",\"contentUrl\":\"https:\/\/secure.gravatar.com\/avatar\/67aa89e9aab2911bbd0c6fbf0a891ea8d80c207c9b6a6e2c96e13fc2f16e536d?s=96&d=mm&r=g\",\"caption\":\"jenca\"},\"url\":\"https:\/\/www.vkpbratislava.sk\/?author=3\"}]}<\/script>\n<!-- \/ Yoast SEO plugin. -->","yoast_head_json":{"title":"Mu\u017ei s\u00a0bodom, \u017eeny napr\u00e1zdno - VK SLOVAN Bratislava","description":"Mu\u017ei VKP Bratislava mali na dosah obrat, no po dr\u00e1me prehrali vo Svidn\u00edku 2:3, \u017eeny v\u00a0bitke o\u00a0Bratislavu pod\u013eahli Sl\u00e1vii 0:3.","robots":{"index":"index","follow":"follow","max-snippet":"max-snippet:-1","max-image-preview":"max-image-preview:large","max-video-preview":"max-video-preview:-1"},"canonical":"https:\/\/www.vkpbratislava.sk\/?p=7097","og_locale":"sk_SK","og_type":"article","og_title":"Mu\u017ei s\u00a0bodom, \u017eeny napr\u00e1zdno - VK SLOVAN Bratislava","og_description":"Mu\u017ei VKP Bratislava mali na dosah obrat, no po dr\u00e1me prehrali vo Svidn\u00edku 2:3, \u017eeny v\u00a0bitke o\u00a0Bratislavu pod\u013eahli Sl\u00e1vii 0:3.","og_url":"https:\/\/www.vkpbratislava.sk\/?p=7097","og_site_name":"VK SLOVAN Bratislava","article_published_time":"2021-10-16T21:33:51+00:00","og_image":[{"width":2560,"height":1920,"url":"https:\/\/www.vkpbratislava.sk\/wp-content\/uploads\/2021\/10\/IMG_9883-scaled.jpg","type":"image\/jpeg"}],"author":"jenca","twitter_card":"summary_large_image","twitter_misc":{"Autor":"jenca","Predpokladan\u00fd \u010das \u010d\u00edtania":"2 min\u00faty"},"schema":{"@context":"https:\/\/schema.org","@graph":[{"@type":"Article","@id":"https:\/\/www.vkpbratislava.sk\/?p=7097#article","isPartOf":{"@id":"https:\/\/www.vkpbratislava.sk\/?p=7097"},"author":{"name":"jenca","@id":"https:\/\/www.vkpbratislava.sk\/#\/schema\/person\/7037e769f9515aa58493d1b5852c4c50"},"headline":"Mu\u017ei s\u00a0bodom, \u017eeny napr\u00e1zdno","datePublished":"2021-10-16T21:33:51+00:00","mainEntityOfPage":{"@id":"https:\/\/www.vkpbratislava.sk\/?p=7097"},"wordCount":505,"publisher":{"@id":"https:\/\/www.vkpbratislava.sk\/#organization"},"image":{"@id":"https:\/\/www.vkpbratislava.sk\/?p=7097#primaryimage"},"thumbnailUrl":"https:\/\/www.vkpbratislava.sk\/wp-content\/uploads\/2021\/10\/IMG_9883-scaled.jpg","articleSection":["Mu\u017ei","\u017deny"],"inLanguage":"sk-SK"},{"@type":"WebPage","@id":"https:\/\/www.vkpbratislava.sk\/?p=7097","url":"https:\/\/www.vkpbratislava.sk\/?p=7097","name":"Mu\u017ei s\u00a0bodom, \u017eeny napr\u00e1zdno - VK SLOVAN Bratislava","isPartOf":{"@id":"https:\/\/www.vkpbratislava.sk\/#website"},"primaryImageOfPage":{"@id":"https:\/\/www.vkpbratislava.sk\/?p=7097#primaryimage"},"image":{"@id":"https:\/\/www.vkpbratislava.sk\/?p=7097#primaryimage"},"thumbnailUrl":"https:\/\/www.vkpbratislava.sk\/wp-content\/uploads\/2021\/10\/IMG_9883-scaled.jpg","datePublished":"2021-10-16T21:33:51+00:00","description":"Mu\u017ei VKP Bratislava mali na dosah obrat, no po dr\u00e1me prehrali vo Svidn\u00edku 2:3, \u017eeny v\u00a0bitke o\u00a0Bratislavu pod\u013eahli Sl\u00e1vii 0:3.","breadcrumb":{"@id":"https:\/\/www.vkpbratislava.sk\/?p=7097#breadcrumb"},"inLanguage":"sk-SK","potentialAction":[{"@type":"ReadAction","target":["https:\/\/www.vkpbratislava.sk\/?p=7097"]}]},{"@type":"ImageObject","inLanguage":"sk-SK","@id":"https:\/\/www.vkpbratislava.sk\/?p=7097#primaryimage","url":"https:\/\/www.vkpbratislava.sk\/wp-content\/uploads\/2021\/10\/IMG_9883-scaled.jpg","contentUrl":"https:\/\/www.vkpbratislava.sk\/wp-content\/uploads\/2021\/10\/IMG_9883-scaled.jpg","width":2560,"height":1920},{"@type":"BreadcrumbList","@id":"https:\/\/www.vkpbratislava.sk\/?p=7097#breadcrumb","itemListElement":[{"@type":"ListItem","position":1,"name":"Domov","item":"https:\/\/www.vkpbratislava.sk\/"},{"@type":"ListItem","position":2,"name":"Mu\u017ei s\u00a0bodom, \u017eeny napr\u00e1zdno"}]},{"@type":"WebSite","@id":"https:\/\/www.vkpbratislava.sk\/#website","url":"https:\/\/www.vkpbratislava.sk\/","name":"VK SLOVAN Bratislava","description":"Volejbalov\u00fd klub","publisher":{"@id":"https:\/\/www.vkpbratislava.sk\/#organization"},"potentialAction":[{"@type":"SearchAction","target":{"@type":"EntryPoint","urlTemplate":"https:\/\/www.vkpbratislava.sk\/?s={search_term_string}"},"query-input":{"@type":"PropertyValueSpecification","valueRequired":true,"valueName":"search_term_string"}}],"inLanguage":"sk-SK"},{"@type":"Organization","@id":"https:\/\/www.vkpbratislava.sk\/#organization","name":"VKP Bratislava","url":"https:\/\/www.vkpbratislava.sk\/","logo":{"@type":"ImageObject","inLanguage":"sk-SK","@id":"https:\/\/www.vkpbratislava.sk\/#\/schema\/logo\/image\/","url":"https:\/\/www.vkpbratislava.sk\/wp-content\/uploads\/2020\/10\/vkpBA.png","contentUrl":"https:\/\/www.vkpbratislava.sk\/wp-content\/uploads\/2020\/10\/vkpBA.png","width":600,"height":600,"caption":"VKP Bratislava"},"image":{"@id":"https:\/\/www.vkpbratislava.sk\/#\/schema\/logo\/image\/"}},{"@type":"Person","@id":"https:\/\/www.vkpbratislava.sk\/#\/schema\/person\/7037e769f9515aa58493d1b5852c4c50","name":"jenca","image":{"@type":"ImageObject","inLanguage":"sk-SK","@id":"https:\/\/www.vkpbratislava.sk\/#\/schema\/person\/image\/","url":"https:\/\/secure.gravatar.com\/avatar\/67aa89e9aab2911bbd0c6fbf0a891ea8d80c207c9b6a6e2c96e13fc2f16e536d?s=96&d=mm&r=g","contentUrl":"https:\/\/secure.gravatar.com\/avatar\/67aa89e9aab2911bbd0c6fbf0a891ea8d80c207c9b6a6e2c96e13fc2f16e536d?s=96&d=mm&r=g","caption":"jenca"},"url":"https:\/\/www.vkpbratislava.sk\/?author=3"}]}},"_links":{"self":[{"href":"https:\/\/www.vkpbratislava.sk\/index.php?rest_route=\/wp\/v2\/posts\/7097","targetHints":{"allow":["GET"]}}],"collection":[{"href":"https:\/\/www.vkpbratislava.sk\/index.php?rest_route=\/wp\/v2\/posts"}],"about":[{"href":"https:\/\/www.vkpbratislava.sk\/index.php?rest_route=\/wp\/v2\/types\/post"}],"author":[{"embeddable":true,"href":"https:\/\/www.vkpbratislava.sk\/index.php?rest_route=\/wp\/v2\/users\/3"}],"replies":[{"embeddable":true,"href":"https:\/\/www.vkpbratislava.sk\/index.php?rest_route=%2Fwp%2Fv2%2Fcomments&post=7097"}],"version-history":[{"count":1,"href":"https:\/\/www.vkpbratislava.sk\/index.php?rest_route=\/wp\/v2\/posts\/7097\/revisions"}],"predecessor-version":[{"id":7109,"href":"https:\/\/www.vkpbratislava.sk\/index.php?rest_route=\/wp\/v2\/posts\/7097\/revisions\/7109"}],"wp:featuredmedia":[{"embeddable":true,"href":"https:\/\/www.vkpbratislava.sk\/index.php?rest_route=\/wp\/v2\/media\/7107"}],"wp:attachment":[{"href":"https:\/\/www.vkpbratislava.sk\/index.php?rest_route=%2Fwp%2Fv2%2Fmedia&parent=7097"}],"wp:term":[{"taxonomy":"category","embeddable":true,"href":"https:\/\/www.vkpbratislava.sk\/index.php?rest_route=%2Fwp%2Fv2%2Fcategories&post=7097"},{"taxonomy":"post_tag","embeddable":true,"href":"https:\/\/www.vkpbratislava.sk\/index.php?rest_route=%2Fwp%2Fv2%2Ftags&post=7097"}],"curies":[{"name":"wp","href":"https:\/\/api.w.org\/{rel}","templated":true}]}}