{"id":7203,"date":"2021-10-19T21:52:28","date_gmt":"2021-10-19T19:52:28","guid":{"rendered":"https:\/\/www.vkpbratislava.sk\/?p=7203"},"modified":"2021-10-19T21:52:28","modified_gmt":"2021-10-19T19:52:28","slug":"domaca-prehra-so-silnym-superom","status":"publish","type":"post","link":"https:\/\/www.vkpbratislava.sk\/?p=7203","title":{"rendered":"Dom\u00e1ca prehra so siln\u00fdm s\u00faperom"},"content":{"rendered":"<p><strong>Prekvapenie sa nekonalo. Volejbalisti VKP Bratislava v\u00a0predkole 13. Kola Stredoeur\u00f3pskej ligy MEVZA nesta\u010dili na dom\u00e1cej palubovke na favorizuj\u00faci ACH Volley \u013dub\u013eana a\u00a0prehrali 0:3.<\/strong><\/p>\n<p>\u013dub\u013eana pricestovala do Bratislavy v\u00a0plnej sile, aj s\u00a0aktu\u00e1lnymi vicemajstrami Eur\u00f3py \u0160ketom a\u00a0Kova\u010di\u010dom. \u201ePolicajti\u201c naopak nast\u00fapili bez op\u00f4r Kostol\u00e1niho a\u00a0kapit\u00e1na Za\u0165ka, ktor\u00e9ho v\u00a0l\u00edderskej poz\u00edcii nahradil Marek Malina. Od \u00favodu mal z\u00e1pas jasn\u00e9ho p\u00e1na, hostia ho mali plne pod kontrolou, ale aj hr\u00e1\u010di VKP v\u00a0niektor\u00fdch pas\u00e1\u017each uk\u00e1zali, \u017ee dok\u00e1\u017eu hra\u0165 aj s\u00a0tak\u00fdm n\u00e1ro\u010dn\u00fdm s\u00faperom ako je \u013dub\u013eana. V\u00a0tre\u0165om sete sa zverenci Mat\u00fa\u0161a kaln\u00e9ho dostali do mierneho n\u00e1skoku, ale Slovinci uk\u00e1zali svoju enormn\u00fa kvalitu. Najbli\u017e\u0161ie sa mu\u017ei VKP predstavia na dom\u00e1cej palubovke v\u00a0sobotu, ke\u010f priv\u00edtaj\u00fa aktu\u00e1lneho slovensk\u00e9ho majstra a\u00a0\u00fa\u010dastn\u00edka Ligy majstrov VK Spartak UJS Kom\u00e1rno.<\/p>\n<p><strong>VKP Bratislava &#8211; ACH Volley \u013dub\u013eana 0:3 (-18, -20, -16)<\/strong><\/p>\n<p><strong>Rozhodovali<\/strong>: Ujh\u00e1ziov\u00e1 a Tillmann (Ma\u010f.), 80 div\u00e1kov.<\/p>\n<p><strong>VKP:<\/strong> Yacoubou 12, Van\u010do 9, Malina 4, Pre\u0161insk\u00fd 3, Pavli\u010dko 2, Tarabus, libero Kurej (Truba\u010d 3, Jur\u00edk, Kri\u0161\u00e1k). Tr\u00e9ner: M. Kaln\u00fd.<\/p>\n<p><strong>Mat\u00fa\u0161 Kaln\u00fd, tr\u00e9ner VKP:<\/strong> \u201eNast\u00fapili sme asi proti najlep\u0161iemu t\u00edmu v\u00a0tejto s\u00fa\u0165a\u017ei. Bolo vidie\u0165 ve\u013ek\u00fd rozdiel medzi oboma t\u00edma, sk\u00fasenos\u0165ami i\u00a0kvalitou. Je to v\u0161ak pre n\u00e1s dobr\u00e1 \u0161kola.\u201c<\/p>\n<p>mb, foto: VKP\/Michal \u0160p\u00e1nik<\/p>\n","protected":false},"excerpt":{"rendered":"<p>Prekvapenie sa nekonalo. Volejbalisti VKP Bratislava v\u00a0predkole 13. Kola Stredoeur\u00f3pskej ligy MEVZA nesta\u010dili na dom\u00e1cej palubovke na favorizuj\u00faci ACH Volley \u013dub\u013eana a\u00a0prehrali 0:3.<\/p>\n","protected":false},"author":3,"featured_media":7189,"comment_status":"closed","ping_status":"open","sticky":false,"template":"","format":"standard","meta":{"_monsterinsights_skip_tracking":false,"_monsterinsights_sitenote_active":false,"_monsterinsights_sitenote_note":"","_monsterinsights_sitenote_category":0,"footnotes":""},"categories":[47],"tags":[],"class_list":["post-7203","post","type-post","status-publish","format-standard","has-post-thumbnail","hentry","category-muzi"],"yoast_head":"<!-- This site is optimized with the Yoast SEO plugin v25.6 - https:\/\/yoast.com\/wordpress\/plugins\/seo\/ -->\n<title>Dom\u00e1ca prehra so siln\u00fdm s\u00faperom - VK SLOVAN Bratislava<\/title>\n<meta name=\"description\" content=\"Prekvapenie sa nekonalo. Volejbalisti VKP Bratislava v\u00a0predkole 13. Kola Stredoeur\u00f3pskej ligy MEVZA nesta\u010dili na dom\u00e1cej palubovke na favorizuj\u00faci ACH Volley \u013dub\u013eana a\u00a0prehrali 0:3.\" \/>\n<meta name=\"robots\" content=\"index, follow, max-snippet:-1, max-image-preview:large, max-video-preview:-1\" \/>\n<link rel=\"canonical\" href=\"https:\/\/www.vkpbratislava.sk\/?p=7203\" \/>\n<meta property=\"og:locale\" content=\"sk_SK\" \/>\n<meta property=\"og:type\" content=\"article\" \/>\n<meta property=\"og:title\" content=\"Dom\u00e1ca prehra so siln\u00fdm s\u00faperom - VK SLOVAN Bratislava\" \/>\n<meta property=\"og:description\" content=\"Prekvapenie sa nekonalo. Volejbalisti VKP Bratislava v\u00a0predkole 13. Kola Stredoeur\u00f3pskej ligy MEVZA nesta\u010dili na dom\u00e1cej palubovke na favorizuj\u00faci ACH Volley \u013dub\u013eana a\u00a0prehrali 0:3.\" \/>\n<meta property=\"og:url\" content=\"https:\/\/www.vkpbratislava.sk\/?p=7203\" \/>\n<meta property=\"og:site_name\" content=\"VK SLOVAN Bratislava\" \/>\n<meta property=\"article:published_time\" content=\"2021-10-19T19:52:28+00:00\" \/>\n<meta property=\"og:image\" content=\"https:\/\/www.vkpbratislava.sk\/wp-content\/uploads\/2021\/10\/DF1A6889.jpg\" \/>\n\t<meta property=\"og:image:width\" content=\"2048\" \/>\n\t<meta property=\"og:image:height\" content=\"1365\" \/>\n\t<meta property=\"og:image:type\" content=\"image\/jpeg\" \/>\n<meta name=\"author\" content=\"jenca\" \/>\n<meta name=\"twitter:card\" content=\"summary_large_image\" \/>\n<meta name=\"twitter:label1\" content=\"Autor\" \/>\n\t<meta name=\"twitter:data1\" content=\"jenca\" \/>\n\t<meta name=\"twitter:label2\" content=\"Predpokladan\u00fd \u010das \u010d\u00edtania\" \/>\n\t<meta name=\"twitter:data2\" content=\"1 min\u00fata\" \/>\n<script type=\"application\/ld+json\" class=\"yoast-schema-graph\">{\"@context\":\"https:\/\/schema.org\",\"@graph\":[{\"@type\":\"Article\",\"@id\":\"https:\/\/www.vkpbratislava.sk\/?p=7203#article\",\"isPartOf\":{\"@id\":\"https:\/\/www.vkpbratislava.sk\/?p=7203\"},\"author\":{\"name\":\"jenca\",\"@id\":\"https:\/\/www.vkpbratislava.sk\/#\/schema\/person\/7037e769f9515aa58493d1b5852c4c50\"},\"headline\":\"Dom\u00e1ca prehra so siln\u00fdm s\u00faperom\",\"datePublished\":\"2021-10-19T19:52:28+00:00\",\"mainEntityOfPage\":{\"@id\":\"https:\/\/www.vkpbratislava.sk\/?p=7203\"},\"wordCount\":265,\"publisher\":{\"@id\":\"https:\/\/www.vkpbratislava.sk\/#organization\"},\"image\":{\"@id\":\"https:\/\/www.vkpbratislava.sk\/?p=7203#primaryimage\"},\"thumbnailUrl\":\"https:\/\/www.vkpbratislava.sk\/wp-content\/uploads\/2021\/10\/DF1A6889.jpg\",\"articleSection\":[\"Mu\u017ei\"],\"inLanguage\":\"sk-SK\"},{\"@type\":\"WebPage\",\"@id\":\"https:\/\/www.vkpbratislava.sk\/?p=7203\",\"url\":\"https:\/\/www.vkpbratislava.sk\/?p=7203\",\"name\":\"Dom\u00e1ca prehra so siln\u00fdm s\u00faperom - VK SLOVAN Bratislava\",\"isPartOf\":{\"@id\":\"https:\/\/www.vkpbratislava.sk\/#website\"},\"primaryImageOfPage\":{\"@id\":\"https:\/\/www.vkpbratislava.sk\/?p=7203#primaryimage\"},\"image\":{\"@id\":\"https:\/\/www.vkpbratislava.sk\/?p=7203#primaryimage\"},\"thumbnailUrl\":\"https:\/\/www.vkpbratislava.sk\/wp-content\/uploads\/2021\/10\/DF1A6889.jpg\",\"datePublished\":\"2021-10-19T19:52:28+00:00\",\"description\":\"Prekvapenie sa nekonalo. Volejbalisti VKP Bratislava v\u00a0predkole 13. Kola Stredoeur\u00f3pskej ligy MEVZA nesta\u010dili na dom\u00e1cej palubovke na favorizuj\u00faci ACH Volley \u013dub\u013eana a\u00a0prehrali 0:3.\",\"breadcrumb\":{\"@id\":\"https:\/\/www.vkpbratislava.sk\/?p=7203#breadcrumb\"},\"inLanguage\":\"sk-SK\",\"potentialAction\":[{\"@type\":\"ReadAction\",\"target\":[\"https:\/\/www.vkpbratislava.sk\/?p=7203\"]}]},{\"@type\":\"ImageObject\",\"inLanguage\":\"sk-SK\",\"@id\":\"https:\/\/www.vkpbratislava.sk\/?p=7203#primaryimage\",\"url\":\"https:\/\/www.vkpbratislava.sk\/wp-content\/uploads\/2021\/10\/DF1A6889.jpg\",\"contentUrl\":\"https:\/\/www.vkpbratislava.sk\/wp-content\/uploads\/2021\/10\/DF1A6889.jpg\",\"width\":2048,\"height\":1365},{\"@type\":\"BreadcrumbList\",\"@id\":\"https:\/\/www.vkpbratislava.sk\/?p=7203#breadcrumb\",\"itemListElement\":[{\"@type\":\"ListItem\",\"position\":1,\"name\":\"Domov\",\"item\":\"https:\/\/www.vkpbratislava.sk\/\"},{\"@type\":\"ListItem\",\"position\":2,\"name\":\"Dom\u00e1ca prehra so siln\u00fdm s\u00faperom\"}]},{\"@type\":\"WebSite\",\"@id\":\"https:\/\/www.vkpbratislava.sk\/#website\",\"url\":\"https:\/\/www.vkpbratislava.sk\/\",\"name\":\"VK SLOVAN Bratislava\",\"description\":\"Volejbalov\u00fd klub\",\"publisher\":{\"@id\":\"https:\/\/www.vkpbratislava.sk\/#organization\"},\"potentialAction\":[{\"@type\":\"SearchAction\",\"target\":{\"@type\":\"EntryPoint\",\"urlTemplate\":\"https:\/\/www.vkpbratislava.sk\/?s={search_term_string}\"},\"query-input\":{\"@type\":\"PropertyValueSpecification\",\"valueRequired\":true,\"valueName\":\"search_term_string\"}}],\"inLanguage\":\"sk-SK\"},{\"@type\":\"Organization\",\"@id\":\"https:\/\/www.vkpbratislava.sk\/#organization\",\"name\":\"VKP Bratislava\",\"url\":\"https:\/\/www.vkpbratislava.sk\/\",\"logo\":{\"@type\":\"ImageObject\",\"inLanguage\":\"sk-SK\",\"@id\":\"https:\/\/www.vkpbratislava.sk\/#\/schema\/logo\/image\/\",\"url\":\"https:\/\/www.vkpbratislava.sk\/wp-content\/uploads\/2020\/10\/vkpBA.png\",\"contentUrl\":\"https:\/\/www.vkpbratislava.sk\/wp-content\/uploads\/2020\/10\/vkpBA.png\",\"width\":600,\"height\":600,\"caption\":\"VKP Bratislava\"},\"image\":{\"@id\":\"https:\/\/www.vkpbratislava.sk\/#\/schema\/logo\/image\/\"}},{\"@type\":\"Person\",\"@id\":\"https:\/\/www.vkpbratislava.sk\/#\/schema\/person\/7037e769f9515aa58493d1b5852c4c50\",\"name\":\"jenca\",\"image\":{\"@type\":\"ImageObject\",\"inLanguage\":\"sk-SK\",\"@id\":\"https:\/\/www.vkpbratislava.sk\/#\/schema\/person\/image\/\",\"url\":\"https:\/\/secure.gravatar.com\/avatar\/67aa89e9aab2911bbd0c6fbf0a891ea8d80c207c9b6a6e2c96e13fc2f16e536d?s=96&d=mm&r=g\",\"contentUrl\":\"https:\/\/secure.gravatar.com\/avatar\/67aa89e9aab2911bbd0c6fbf0a891ea8d80c207c9b6a6e2c96e13fc2f16e536d?s=96&d=mm&r=g\",\"caption\":\"jenca\"},\"url\":\"https:\/\/www.vkpbratislava.sk\/?author=3\"}]}<\/script>\n<!-- \/ Yoast SEO plugin. -->","yoast_head_json":{"title":"Dom\u00e1ca prehra so siln\u00fdm s\u00faperom - VK SLOVAN Bratislava","description":"Prekvapenie sa nekonalo. Volejbalisti VKP Bratislava v\u00a0predkole 13. Kola Stredoeur\u00f3pskej ligy MEVZA nesta\u010dili na dom\u00e1cej palubovke na favorizuj\u00faci ACH Volley \u013dub\u013eana a\u00a0prehrali 0:3.","robots":{"index":"index","follow":"follow","max-snippet":"max-snippet:-1","max-image-preview":"max-image-preview:large","max-video-preview":"max-video-preview:-1"},"canonical":"https:\/\/www.vkpbratislava.sk\/?p=7203","og_locale":"sk_SK","og_type":"article","og_title":"Dom\u00e1ca prehra so siln\u00fdm s\u00faperom - VK SLOVAN Bratislava","og_description":"Prekvapenie sa nekonalo. Volejbalisti VKP Bratislava v\u00a0predkole 13. Kola Stredoeur\u00f3pskej ligy MEVZA nesta\u010dili na dom\u00e1cej palubovke na favorizuj\u00faci ACH Volley \u013dub\u013eana a\u00a0prehrali 0:3.","og_url":"https:\/\/www.vkpbratislava.sk\/?p=7203","og_site_name":"VK SLOVAN Bratislava","article_published_time":"2021-10-19T19:52:28+00:00","og_image":[{"width":2048,"height":1365,"url":"https:\/\/www.vkpbratislava.sk\/wp-content\/uploads\/2021\/10\/DF1A6889.jpg","type":"image\/jpeg"}],"author":"jenca","twitter_card":"summary_large_image","twitter_misc":{"Autor":"jenca","Predpokladan\u00fd \u010das \u010d\u00edtania":"1 min\u00fata"},"schema":{"@context":"https:\/\/schema.org","@graph":[{"@type":"Article","@id":"https:\/\/www.vkpbratislava.sk\/?p=7203#article","isPartOf":{"@id":"https:\/\/www.vkpbratislava.sk\/?p=7203"},"author":{"name":"jenca","@id":"https:\/\/www.vkpbratislava.sk\/#\/schema\/person\/7037e769f9515aa58493d1b5852c4c50"},"headline":"Dom\u00e1ca prehra so siln\u00fdm s\u00faperom","datePublished":"2021-10-19T19:52:28+00:00","mainEntityOfPage":{"@id":"https:\/\/www.vkpbratislava.sk\/?p=7203"},"wordCount":265,"publisher":{"@id":"https:\/\/www.vkpbratislava.sk\/#organization"},"image":{"@id":"https:\/\/www.vkpbratislava.sk\/?p=7203#primaryimage"},"thumbnailUrl":"https:\/\/www.vkpbratislava.sk\/wp-content\/uploads\/2021\/10\/DF1A6889.jpg","articleSection":["Mu\u017ei"],"inLanguage":"sk-SK"},{"@type":"WebPage","@id":"https:\/\/www.vkpbratislava.sk\/?p=7203","url":"https:\/\/www.vkpbratislava.sk\/?p=7203","name":"Dom\u00e1ca prehra so siln\u00fdm s\u00faperom - VK SLOVAN Bratislava","isPartOf":{"@id":"https:\/\/www.vkpbratislava.sk\/#website"},"primaryImageOfPage":{"@id":"https:\/\/www.vkpbratislava.sk\/?p=7203#primaryimage"},"image":{"@id":"https:\/\/www.vkpbratislava.sk\/?p=7203#primaryimage"},"thumbnailUrl":"https:\/\/www.vkpbratislava.sk\/wp-content\/uploads\/2021\/10\/DF1A6889.jpg","datePublished":"2021-10-19T19:52:28+00:00","description":"Prekvapenie sa nekonalo. Volejbalisti VKP Bratislava v\u00a0predkole 13. Kola Stredoeur\u00f3pskej ligy MEVZA nesta\u010dili na dom\u00e1cej palubovke na favorizuj\u00faci ACH Volley \u013dub\u013eana a\u00a0prehrali 0:3.","breadcrumb":{"@id":"https:\/\/www.vkpbratislava.sk\/?p=7203#breadcrumb"},"inLanguage":"sk-SK","potentialAction":[{"@type":"ReadAction","target":["https:\/\/www.vkpbratislava.sk\/?p=7203"]}]},{"@type":"ImageObject","inLanguage":"sk-SK","@id":"https:\/\/www.vkpbratislava.sk\/?p=7203#primaryimage","url":"https:\/\/www.vkpbratislava.sk\/wp-content\/uploads\/2021\/10\/DF1A6889.jpg","contentUrl":"https:\/\/www.vkpbratislava.sk\/wp-content\/uploads\/2021\/10\/DF1A6889.jpg","width":2048,"height":1365},{"@type":"BreadcrumbList","@id":"https:\/\/www.vkpbratislava.sk\/?p=7203#breadcrumb","itemListElement":[{"@type":"ListItem","position":1,"name":"Domov","item":"https:\/\/www.vkpbratislava.sk\/"},{"@type":"ListItem","position":2,"name":"Dom\u00e1ca prehra so siln\u00fdm s\u00faperom"}]},{"@type":"WebSite","@id":"https:\/\/www.vkpbratislava.sk\/#website","url":"https:\/\/www.vkpbratislava.sk\/","name":"VK SLOVAN Bratislava","description":"Volejbalov\u00fd klub","publisher":{"@id":"https:\/\/www.vkpbratislava.sk\/#organization"},"potentialAction":[{"@type":"SearchAction","target":{"@type":"EntryPoint","urlTemplate":"https:\/\/www.vkpbratislava.sk\/?s={search_term_string}"},"query-input":{"@type":"PropertyValueSpecification","valueRequired":true,"valueName":"search_term_string"}}],"inLanguage":"sk-SK"},{"@type":"Organization","@id":"https:\/\/www.vkpbratislava.sk\/#organization","name":"VKP Bratislava","url":"https:\/\/www.vkpbratislava.sk\/","logo":{"@type":"ImageObject","inLanguage":"sk-SK","@id":"https:\/\/www.vkpbratislava.sk\/#\/schema\/logo\/image\/","url":"https:\/\/www.vkpbratislava.sk\/wp-content\/uploads\/2020\/10\/vkpBA.png","contentUrl":"https:\/\/www.vkpbratislava.sk\/wp-content\/uploads\/2020\/10\/vkpBA.png","width":600,"height":600,"caption":"VKP Bratislava"},"image":{"@id":"https:\/\/www.vkpbratislava.sk\/#\/schema\/logo\/image\/"}},{"@type":"Person","@id":"https:\/\/www.vkpbratislava.sk\/#\/schema\/person\/7037e769f9515aa58493d1b5852c4c50","name":"jenca","image":{"@type":"ImageObject","inLanguage":"sk-SK","@id":"https:\/\/www.vkpbratislava.sk\/#\/schema\/person\/image\/","url":"https:\/\/secure.gravatar.com\/avatar\/67aa89e9aab2911bbd0c6fbf0a891ea8d80c207c9b6a6e2c96e13fc2f16e536d?s=96&d=mm&r=g","contentUrl":"https:\/\/secure.gravatar.com\/avatar\/67aa89e9aab2911bbd0c6fbf0a891ea8d80c207c9b6a6e2c96e13fc2f16e536d?s=96&d=mm&r=g","caption":"jenca"},"url":"https:\/\/www.vkpbratislava.sk\/?author=3"}]}},"_links":{"self":[{"href":"https:\/\/www.vkpbratislava.sk\/index.php?rest_route=\/wp\/v2\/posts\/7203","targetHints":{"allow":["GET"]}}],"collection":[{"href":"https:\/\/www.vkpbratislava.sk\/index.php?rest_route=\/wp\/v2\/posts"}],"about":[{"href":"https:\/\/www.vkpbratislava.sk\/index.php?rest_route=\/wp\/v2\/types\/post"}],"author":[{"embeddable":true,"href":"https:\/\/www.vkpbratislava.sk\/index.php?rest_route=\/wp\/v2\/users\/3"}],"replies":[{"embeddable":true,"href":"https:\/\/www.vkpbratislava.sk\/index.php?rest_route=%2Fwp%2Fv2%2Fcomments&post=7203"}],"version-history":[{"count":1,"href":"https:\/\/www.vkpbratislava.sk\/index.php?rest_route=\/wp\/v2\/posts\/7203\/revisions"}],"predecessor-version":[{"id":7204,"href":"https:\/\/www.vkpbratislava.sk\/index.php?rest_route=\/wp\/v2\/posts\/7203\/revisions\/7204"}],"wp:featuredmedia":[{"embeddable":true,"href":"https:\/\/www.vkpbratislava.sk\/index.php?rest_route=\/wp\/v2\/media\/7189"}],"wp:attachment":[{"href":"https:\/\/www.vkpbratislava.sk\/index.php?rest_route=%2Fwp%2Fv2%2Fmedia&parent=7203"}],"wp:term":[{"taxonomy":"category","embeddable":true,"href":"https:\/\/www.vkpbratislava.sk\/index.php?rest_route=%2Fwp%2Fv2%2Fcategories&post=7203"},{"taxonomy":"post_tag","embeddable":true,"href":"https:\/\/www.vkpbratislava.sk\/index.php?rest_route=%2Fwp%2Fv2%2Ftags&post=7203"}],"curies":[{"name":"wp","href":"https:\/\/api.w.org\/{rel}","templated":true}]}}