{"id":7299,"date":"2021-10-25T22:20:46","date_gmt":"2021-10-25T20:20:46","guid":{"rendered":"https:\/\/www.vkpbratislava.sk\/?p=7299"},"modified":"2021-10-25T22:20:46","modified_gmt":"2021-10-25T20:20:46","slug":"alex-vajdova-zhanala-informacie-aj-priamo-z-grecka","status":"publish","type":"post","link":"https:\/\/www.vkpbratislava.sk\/?p=7299","title":{"rendered":"Alex Vajdov\u00e1 zh\u00e1\u0148ala inform\u00e1cie aj priamo z Gr\u00e9cka"},"content":{"rendered":"<p><strong>Pred pr\u00edchodom do VKP Bratislava p\u00f4sobila sk\u00fasen\u00e1 Alexandra Vajdov\u00e1 v\u00a0gr\u00e9ckom t\u00edme AON Amazones. Teraz sa v\u00a0\u00favodnom z\u00e1pase Challenge Cupu predstav\u00ed v\u00a0dom\u00e1com s\u00faboji proti dru\u017estvu spod Akropoly ASP Thetis Voula (streda, 27. okt\u00f3bra o 17.00 hod.).<\/strong><\/p>\n<p>Sk\u00fasen\u00e1 volejbalistka sa po rokoch v\u00a0zahrani\u010d\u00ed vr\u00e1tila domov na Slovensko. V\u00a0minulej sez\u00f3ne p\u00f4sobila pr\u00e1ve na juhu Eur\u00f3py v\u00a0t\u00edme AON Amazones, kde utrpela v\u00e1\u017ene zranenie kolena a\u00a0postupne sa d\u00e1va do poriadku. \u010ci nast\u00fapi proti Thetisu Voula je zatia\u013e ot\u00e1zne. \u201eTe\u0161\u00edm sa na konfront\u00e1ciu s\u00a0gr\u00e9ckym t\u00edmom. Ich dom\u00e1ca liga je ve\u013emi kvalitn\u00e1, kluby v Gr\u00e9cku dostali tento rok \u0161peci\u00e1lnu dot\u00e1ciu od gr\u00e9ckej vl\u00e1dy. Pod\u013ea mojich inform\u00e1ci\u00ed e\u0161te dvihli level kvality na vy\u0161\u0161iu \u00farove\u0148. Konkr\u00e9tne proti tomuto t\u00edmu som v\u00a0minulej sez\u00f3ne nehrala. Ur\u010dite pr\u00eddu s\u00a0cie\u013eom vyhra\u0165. Nie sme favoritom, nebudeme pod tlakom, m\u00f4\u017eeme hra\u0165 uvo\u013enene a\u00a0u\u017ei\u0165 si z\u00e1pas. Ver\u00edm, \u017ee im ko\u017eu lacno nepred\u00e1me, budeme bojova\u0165, aby div\u00e1ci videli dobr\u00fd z\u00e1pas,\u201c povedala 31-ro\u010dn\u00e1 Alexandra Vajdov\u00e1. \u201eKedysi som hrala proti \u201a\u00fa\u010dku\u2018 Thetisu Marthe Evdokie Anthouliu, ktor\u00e1 bude najzauj\u00edmavej\u0161ou hr\u00e1\u010dkou s\u00fapera, ke\u010f\u017ee m\u00e1 vy\u0161e dvoch metrov. Je to zauj\u00edmav\u00e9 nast\u00fapi\u0165 proti takej vysokej s\u00faperke. Nie je to \u0161tandard a\u00a0minul\u00fd rok som sa na to ve\u013emi te\u0161ila. Je to ve\u013ek\u00e1 v\u00fdzva a\u00a0tie m\u00e1m rada. Uvid\u00edm, \u010di sa mi podar\u00ed nast\u00fapi\u0165 na ihrisko, ale ur\u010dite budem povzbudzova\u0165 baby k\u00a0tomu, aby si aj t\u00fato ne\u0161tandardn\u00fa situ\u00e1ciu u\u017eili,\u201c prezradila rod\u00e1\u010dka z\u00a0P\u00fachova.<\/p>\n<p>Hoci v\u00a0Gr\u00e9cku p\u00f4sobila kr\u00e1tko, tamoj\u0161\u00ed volejbal pozn\u00e1 a\u00a0svoje kontakty vyu\u017eila aj na z\u00edskanie cenn\u00fdch inform\u00e1ci\u00ed pre tr\u00e9nerov. \u201eSna\u017eila som sa pom\u00f4c\u0165 tr\u00e9nerovi, hoci ich osobne ve\u013emi nepozn\u00e1m. M\u00e1me v\u0161ak info\u0161ky priamo z\u00a0Gr\u00e9cka od jedn\u00e9ho tr\u00e9nera, ktor\u00e9ho pozn\u00e1m. Trochu som teda prispela aj k\u00a0pr\u00edprave na z\u00e1pas. \u010co sa t\u00fdka taktiky a\u00a0na\u0161ej hry, to je v\u00fdlu\u010dne na na\u0161ich tr\u00e9neroch. Oni spravia pl\u00e1n a\u00a0my sa ho budeme sna\u017ei\u0165 \u010do najlep\u0161ie splni\u0165,\u201c uviedla Vajdov\u00e1.<\/p>\n<p>Od pr\u00edchodu do VKP Bratislava sa pripravuje s\u00a0t\u00edmom, hoci sa zotavuje po zranen\u00ed kolena a\u00a0e\u0161te nie je \u00faplne fit, aby mohla plnohodnotne pom\u00f4c\u0165 diev\u010dat\u00e1m na palubovke. \u201eC\u00edtim sa ka\u017ed\u00fdm d\u0148om lep\u0161ie. Pomali\u010dky sa u\u017e dost\u00e1vam do plnej z\u00e1\u0165a\u017ee. Mus\u00edm to v\u0161ak robi\u0165 postupne, ni\u010d neupon\u00e1h\u013ea\u0165. E\u0161te st\u00e1le je priskoro k\u00a0n\u00e1vratu. Lek\u00e1r mi po oper\u00e1cii povedal, \u017ee to bude 8 &#8211; 9 mesiacoch a\u00a0to je pr\u00e1ve teraz. Do tr\u00e9ningu aj in\u00fdch aktiv\u00edt na ihrisku sa zap\u00e1jam a\u00a0ver\u00edm, \u017ee \u010doskoro nasko\u010d\u00edm naplno aj do z\u00e1pasov. Koleno vyzer\u00e1 by\u0165 v\u00a0poriadku, ale nejak\u00fd \u010das e\u0161te potrv\u00e1 k\u00fdm sa vr\u00e1tim do stopercentnej v\u00fdkonnosti a\u00a0vr\u00e1tia sa tie reakcie ako v\u00fdskok \u010di r\u00fdchlos\u0165. K\u00fdm toto sa nebude da\u0165 robi\u0165 naplno, budem sa sna\u017ei\u0165 pom\u00f4c\u0165 t\u00edmu v\u00a0in\u00fdch \u010dinnostiach ako je hra v\u00a0poli, na podan\u00ed \u010di prihr\u00e1vke,\u201c doplnila.<\/p>\n","protected":false},"excerpt":{"rendered":"<p>Pred pr\u00edchodom do VKP Bratislava p\u00f4sobila sk\u00fasen\u00e1 Alexandra Vajdov\u00e1 v\u00a0gr\u00e9ckom t\u00edme AON Amazones. Teraz sa v\u00a0\u00favodnom z\u00e1pase Challenge Cupu predstav\u00ed v\u00a0dom\u00e1com s\u00faboji proti dru\u017estvu spod Akropoly ASP Thetis Voula (streda, 27. okt\u00f3bra o 17.00 hod.).<\/p>\n","protected":false},"author":3,"featured_media":6952,"comment_status":"closed","ping_status":"open","sticky":false,"template":"","format":"standard","meta":{"_monsterinsights_skip_tracking":false,"_monsterinsights_sitenote_active":false,"_monsterinsights_sitenote_note":"","_monsterinsights_sitenote_category":0,"footnotes":""},"categories":[48],"tags":[],"class_list":["post-7299","post","type-post","status-publish","format-standard","has-post-thumbnail","hentry","category-zeny"],"yoast_head":"<!-- This site is optimized with the Yoast SEO plugin v25.6 - https:\/\/yoast.com\/wordpress\/plugins\/seo\/ -->\n<title>Alex Vajdov\u00e1 zh\u00e1\u0148ala inform\u00e1cie aj priamo z Gr\u00e9cka - VK SLOVAN Bratislava<\/title>\n<meta name=\"description\" content=\"Pred pr\u00edchodom do VKP Bratislava p\u00f4sobila sk\u00fasen\u00e1 Alexandra Vajdov\u00e1 v\u00a0gr\u00e9ckom t\u00edme AON Amazones. Teraz sa v\u00a0\u00favodnom z\u00e1pase Challenge Cupu predstav\u00ed v\u00a0dom\u00e1com s\u00faboji proti dru\u017estvu spod Akropoly ASP Thetis Voula (streda, 27. okt\u00f3bra o 17.00 hod.).\" \/>\n<meta name=\"robots\" content=\"index, follow, max-snippet:-1, max-image-preview:large, max-video-preview:-1\" \/>\n<link rel=\"canonical\" href=\"https:\/\/www.vkpbratislava.sk\/?p=7299\" \/>\n<meta property=\"og:locale\" content=\"sk_SK\" \/>\n<meta property=\"og:type\" content=\"article\" \/>\n<meta property=\"og:title\" content=\"Alex Vajdov\u00e1 zh\u00e1\u0148ala inform\u00e1cie aj priamo z Gr\u00e9cka - VK SLOVAN Bratislava\" \/>\n<meta property=\"og:description\" content=\"Pred pr\u00edchodom do VKP Bratislava p\u00f4sobila sk\u00fasen\u00e1 Alexandra Vajdov\u00e1 v\u00a0gr\u00e9ckom t\u00edme AON Amazones. Teraz sa v\u00a0\u00favodnom z\u00e1pase Challenge Cupu predstav\u00ed v\u00a0dom\u00e1com s\u00faboji proti dru\u017estvu spod Akropoly ASP Thetis Voula (streda, 27. okt\u00f3bra o 17.00 hod.).\" \/>\n<meta property=\"og:url\" content=\"https:\/\/www.vkpbratislava.sk\/?p=7299\" \/>\n<meta property=\"og:site_name\" content=\"VK SLOVAN Bratislava\" \/>\n<meta property=\"article:published_time\" content=\"2021-10-25T20:20:46+00:00\" \/>\n<meta property=\"og:image\" content=\"https:\/\/www.vkpbratislava.sk\/wp-content\/uploads\/2021\/10\/20211013_IgorUrban_VKP-BA-Z-vs-Pezinok_DSC00241-scaled-e1635192993795.jpg\" \/>\n\t<meta property=\"og:image:width\" content=\"1708\" \/>\n\t<meta property=\"og:image:height\" content=\"1248\" \/>\n\t<meta property=\"og:image:type\" content=\"image\/jpeg\" \/>\n<meta name=\"author\" content=\"jenca\" \/>\n<meta name=\"twitter:card\" content=\"summary_large_image\" \/>\n<meta name=\"twitter:label1\" content=\"Autor\" \/>\n\t<meta name=\"twitter:data1\" content=\"jenca\" \/>\n\t<meta name=\"twitter:label2\" content=\"Predpokladan\u00fd \u010das \u010d\u00edtania\" \/>\n\t<meta name=\"twitter:data2\" content=\"2 min\u00faty\" \/>\n<script type=\"application\/ld+json\" class=\"yoast-schema-graph\">{\"@context\":\"https:\/\/schema.org\",\"@graph\":[{\"@type\":\"Article\",\"@id\":\"https:\/\/www.vkpbratislava.sk\/?p=7299#article\",\"isPartOf\":{\"@id\":\"https:\/\/www.vkpbratislava.sk\/?p=7299\"},\"author\":{\"name\":\"jenca\",\"@id\":\"https:\/\/www.vkpbratislava.sk\/#\/schema\/person\/7037e769f9515aa58493d1b5852c4c50\"},\"headline\":\"Alex Vajdov\u00e1 zh\u00e1\u0148ala inform\u00e1cie aj priamo z Gr\u00e9cka\",\"datePublished\":\"2021-10-25T20:20:46+00:00\",\"mainEntityOfPage\":{\"@id\":\"https:\/\/www.vkpbratislava.sk\/?p=7299\"},\"wordCount\":605,\"publisher\":{\"@id\":\"https:\/\/www.vkpbratislava.sk\/#organization\"},\"image\":{\"@id\":\"https:\/\/www.vkpbratislava.sk\/?p=7299#primaryimage\"},\"thumbnailUrl\":\"https:\/\/www.vkpbratislava.sk\/wp-content\/uploads\/2021\/10\/20211013_IgorUrban_VKP-BA-Z-vs-Pezinok_DSC00241-scaled-e1635192993795.jpg\",\"articleSection\":[\"\u017deny\"],\"inLanguage\":\"sk-SK\"},{\"@type\":\"WebPage\",\"@id\":\"https:\/\/www.vkpbratislava.sk\/?p=7299\",\"url\":\"https:\/\/www.vkpbratislava.sk\/?p=7299\",\"name\":\"Alex Vajdov\u00e1 zh\u00e1\u0148ala inform\u00e1cie aj priamo z Gr\u00e9cka - VK SLOVAN Bratislava\",\"isPartOf\":{\"@id\":\"https:\/\/www.vkpbratislava.sk\/#website\"},\"primaryImageOfPage\":{\"@id\":\"https:\/\/www.vkpbratislava.sk\/?p=7299#primaryimage\"},\"image\":{\"@id\":\"https:\/\/www.vkpbratislava.sk\/?p=7299#primaryimage\"},\"thumbnailUrl\":\"https:\/\/www.vkpbratislava.sk\/wp-content\/uploads\/2021\/10\/20211013_IgorUrban_VKP-BA-Z-vs-Pezinok_DSC00241-scaled-e1635192993795.jpg\",\"datePublished\":\"2021-10-25T20:20:46+00:00\",\"description\":\"Pred pr\u00edchodom do VKP Bratislava p\u00f4sobila sk\u00fasen\u00e1 Alexandra Vajdov\u00e1 v\u00a0gr\u00e9ckom t\u00edme AON Amazones. Teraz sa v\u00a0\u00favodnom z\u00e1pase Challenge Cupu predstav\u00ed v\u00a0dom\u00e1com s\u00faboji proti dru\u017estvu spod Akropoly ASP Thetis Voula (streda, 27. okt\u00f3bra o 17.00 hod.).\",\"breadcrumb\":{\"@id\":\"https:\/\/www.vkpbratislava.sk\/?p=7299#breadcrumb\"},\"inLanguage\":\"sk-SK\",\"potentialAction\":[{\"@type\":\"ReadAction\",\"target\":[\"https:\/\/www.vkpbratislava.sk\/?p=7299\"]}]},{\"@type\":\"ImageObject\",\"inLanguage\":\"sk-SK\",\"@id\":\"https:\/\/www.vkpbratislava.sk\/?p=7299#primaryimage\",\"url\":\"https:\/\/www.vkpbratislava.sk\/wp-content\/uploads\/2021\/10\/20211013_IgorUrban_VKP-BA-Z-vs-Pezinok_DSC00241-scaled-e1635192993795.jpg\",\"contentUrl\":\"https:\/\/www.vkpbratislava.sk\/wp-content\/uploads\/2021\/10\/20211013_IgorUrban_VKP-BA-Z-vs-Pezinok_DSC00241-scaled-e1635192993795.jpg\",\"width\":1708,\"height\":1248,\"caption\":\"Photos during VKP BA Z vs Pezinok at Bratislava, Slovakia onOctober-13-2021. Photo: iurban@iurban.sk\"},{\"@type\":\"BreadcrumbList\",\"@id\":\"https:\/\/www.vkpbratislava.sk\/?p=7299#breadcrumb\",\"itemListElement\":[{\"@type\":\"ListItem\",\"position\":1,\"name\":\"Domov\",\"item\":\"https:\/\/www.vkpbratislava.sk\/\"},{\"@type\":\"ListItem\",\"position\":2,\"name\":\"Alex Vajdov\u00e1 zh\u00e1\u0148ala inform\u00e1cie aj priamo z Gr\u00e9cka\"}]},{\"@type\":\"WebSite\",\"@id\":\"https:\/\/www.vkpbratislava.sk\/#website\",\"url\":\"https:\/\/www.vkpbratislava.sk\/\",\"name\":\"VK SLOVAN Bratislava\",\"description\":\"Volejbalov\u00fd klub\",\"publisher\":{\"@id\":\"https:\/\/www.vkpbratislava.sk\/#organization\"},\"potentialAction\":[{\"@type\":\"SearchAction\",\"target\":{\"@type\":\"EntryPoint\",\"urlTemplate\":\"https:\/\/www.vkpbratislava.sk\/?s={search_term_string}\"},\"query-input\":{\"@type\":\"PropertyValueSpecification\",\"valueRequired\":true,\"valueName\":\"search_term_string\"}}],\"inLanguage\":\"sk-SK\"},{\"@type\":\"Organization\",\"@id\":\"https:\/\/www.vkpbratislava.sk\/#organization\",\"name\":\"VKP Bratislava\",\"url\":\"https:\/\/www.vkpbratislava.sk\/\",\"logo\":{\"@type\":\"ImageObject\",\"inLanguage\":\"sk-SK\",\"@id\":\"https:\/\/www.vkpbratislava.sk\/#\/schema\/logo\/image\/\",\"url\":\"https:\/\/www.vkpbratislava.sk\/wp-content\/uploads\/2020\/10\/vkpBA.png\",\"contentUrl\":\"https:\/\/www.vkpbratislava.sk\/wp-content\/uploads\/2020\/10\/vkpBA.png\",\"width\":600,\"height\":600,\"caption\":\"VKP Bratislava\"},\"image\":{\"@id\":\"https:\/\/www.vkpbratislava.sk\/#\/schema\/logo\/image\/\"}},{\"@type\":\"Person\",\"@id\":\"https:\/\/www.vkpbratislava.sk\/#\/schema\/person\/7037e769f9515aa58493d1b5852c4c50\",\"name\":\"jenca\",\"image\":{\"@type\":\"ImageObject\",\"inLanguage\":\"sk-SK\",\"@id\":\"https:\/\/www.vkpbratislava.sk\/#\/schema\/person\/image\/\",\"url\":\"https:\/\/secure.gravatar.com\/avatar\/67aa89e9aab2911bbd0c6fbf0a891ea8d80c207c9b6a6e2c96e13fc2f16e536d?s=96&d=mm&r=g\",\"contentUrl\":\"https:\/\/secure.gravatar.com\/avatar\/67aa89e9aab2911bbd0c6fbf0a891ea8d80c207c9b6a6e2c96e13fc2f16e536d?s=96&d=mm&r=g\",\"caption\":\"jenca\"},\"url\":\"https:\/\/www.vkpbratislava.sk\/?author=3\"}]}<\/script>\n<!-- \/ Yoast SEO plugin. -->","yoast_head_json":{"title":"Alex Vajdov\u00e1 zh\u00e1\u0148ala inform\u00e1cie aj priamo z Gr\u00e9cka - VK SLOVAN Bratislava","description":"Pred pr\u00edchodom do VKP Bratislava p\u00f4sobila sk\u00fasen\u00e1 Alexandra Vajdov\u00e1 v\u00a0gr\u00e9ckom t\u00edme AON Amazones. Teraz sa v\u00a0\u00favodnom z\u00e1pase Challenge Cupu predstav\u00ed v\u00a0dom\u00e1com s\u00faboji proti dru\u017estvu spod Akropoly ASP Thetis Voula (streda, 27. okt\u00f3bra o 17.00 hod.).","robots":{"index":"index","follow":"follow","max-snippet":"max-snippet:-1","max-image-preview":"max-image-preview:large","max-video-preview":"max-video-preview:-1"},"canonical":"https:\/\/www.vkpbratislava.sk\/?p=7299","og_locale":"sk_SK","og_type":"article","og_title":"Alex Vajdov\u00e1 zh\u00e1\u0148ala inform\u00e1cie aj priamo z Gr\u00e9cka - VK SLOVAN Bratislava","og_description":"Pred pr\u00edchodom do VKP Bratislava p\u00f4sobila sk\u00fasen\u00e1 Alexandra Vajdov\u00e1 v\u00a0gr\u00e9ckom t\u00edme AON Amazones. Teraz sa v\u00a0\u00favodnom z\u00e1pase Challenge Cupu predstav\u00ed v\u00a0dom\u00e1com s\u00faboji proti dru\u017estvu spod Akropoly ASP Thetis Voula (streda, 27. okt\u00f3bra o 17.00 hod.).","og_url":"https:\/\/www.vkpbratislava.sk\/?p=7299","og_site_name":"VK SLOVAN Bratislava","article_published_time":"2021-10-25T20:20:46+00:00","og_image":[{"width":1708,"height":1248,"url":"https:\/\/www.vkpbratislava.sk\/wp-content\/uploads\/2021\/10\/20211013_IgorUrban_VKP-BA-Z-vs-Pezinok_DSC00241-scaled-e1635192993795.jpg","type":"image\/jpeg"}],"author":"jenca","twitter_card":"summary_large_image","twitter_misc":{"Autor":"jenca","Predpokladan\u00fd \u010das \u010d\u00edtania":"2 min\u00faty"},"schema":{"@context":"https:\/\/schema.org","@graph":[{"@type":"Article","@id":"https:\/\/www.vkpbratislava.sk\/?p=7299#article","isPartOf":{"@id":"https:\/\/www.vkpbratislava.sk\/?p=7299"},"author":{"name":"jenca","@id":"https:\/\/www.vkpbratislava.sk\/#\/schema\/person\/7037e769f9515aa58493d1b5852c4c50"},"headline":"Alex Vajdov\u00e1 zh\u00e1\u0148ala inform\u00e1cie aj priamo z Gr\u00e9cka","datePublished":"2021-10-25T20:20:46+00:00","mainEntityOfPage":{"@id":"https:\/\/www.vkpbratislava.sk\/?p=7299"},"wordCount":605,"publisher":{"@id":"https:\/\/www.vkpbratislava.sk\/#organization"},"image":{"@id":"https:\/\/www.vkpbratislava.sk\/?p=7299#primaryimage"},"thumbnailUrl":"https:\/\/www.vkpbratislava.sk\/wp-content\/uploads\/2021\/10\/20211013_IgorUrban_VKP-BA-Z-vs-Pezinok_DSC00241-scaled-e1635192993795.jpg","articleSection":["\u017deny"],"inLanguage":"sk-SK"},{"@type":"WebPage","@id":"https:\/\/www.vkpbratislava.sk\/?p=7299","url":"https:\/\/www.vkpbratislava.sk\/?p=7299","name":"Alex Vajdov\u00e1 zh\u00e1\u0148ala inform\u00e1cie aj priamo z Gr\u00e9cka - VK SLOVAN Bratislava","isPartOf":{"@id":"https:\/\/www.vkpbratislava.sk\/#website"},"primaryImageOfPage":{"@id":"https:\/\/www.vkpbratislava.sk\/?p=7299#primaryimage"},"image":{"@id":"https:\/\/www.vkpbratislava.sk\/?p=7299#primaryimage"},"thumbnailUrl":"https:\/\/www.vkpbratislava.sk\/wp-content\/uploads\/2021\/10\/20211013_IgorUrban_VKP-BA-Z-vs-Pezinok_DSC00241-scaled-e1635192993795.jpg","datePublished":"2021-10-25T20:20:46+00:00","description":"Pred pr\u00edchodom do VKP Bratislava p\u00f4sobila sk\u00fasen\u00e1 Alexandra Vajdov\u00e1 v\u00a0gr\u00e9ckom t\u00edme AON Amazones. Teraz sa v\u00a0\u00favodnom z\u00e1pase Challenge Cupu predstav\u00ed v\u00a0dom\u00e1com s\u00faboji proti dru\u017estvu spod Akropoly ASP Thetis Voula (streda, 27. okt\u00f3bra o 17.00 hod.).","breadcrumb":{"@id":"https:\/\/www.vkpbratislava.sk\/?p=7299#breadcrumb"},"inLanguage":"sk-SK","potentialAction":[{"@type":"ReadAction","target":["https:\/\/www.vkpbratislava.sk\/?p=7299"]}]},{"@type":"ImageObject","inLanguage":"sk-SK","@id":"https:\/\/www.vkpbratislava.sk\/?p=7299#primaryimage","url":"https:\/\/www.vkpbratislava.sk\/wp-content\/uploads\/2021\/10\/20211013_IgorUrban_VKP-BA-Z-vs-Pezinok_DSC00241-scaled-e1635192993795.jpg","contentUrl":"https:\/\/www.vkpbratislava.sk\/wp-content\/uploads\/2021\/10\/20211013_IgorUrban_VKP-BA-Z-vs-Pezinok_DSC00241-scaled-e1635192993795.jpg","width":1708,"height":1248,"caption":"Photos during VKP BA Z vs Pezinok at Bratislava, Slovakia onOctober-13-2021. Photo: iurban@iurban.sk"},{"@type":"BreadcrumbList","@id":"https:\/\/www.vkpbratislava.sk\/?p=7299#breadcrumb","itemListElement":[{"@type":"ListItem","position":1,"name":"Domov","item":"https:\/\/www.vkpbratislava.sk\/"},{"@type":"ListItem","position":2,"name":"Alex Vajdov\u00e1 zh\u00e1\u0148ala inform\u00e1cie aj priamo z Gr\u00e9cka"}]},{"@type":"WebSite","@id":"https:\/\/www.vkpbratislava.sk\/#website","url":"https:\/\/www.vkpbratislava.sk\/","name":"VK SLOVAN Bratislava","description":"Volejbalov\u00fd klub","publisher":{"@id":"https:\/\/www.vkpbratislava.sk\/#organization"},"potentialAction":[{"@type":"SearchAction","target":{"@type":"EntryPoint","urlTemplate":"https:\/\/www.vkpbratislava.sk\/?s={search_term_string}"},"query-input":{"@type":"PropertyValueSpecification","valueRequired":true,"valueName":"search_term_string"}}],"inLanguage":"sk-SK"},{"@type":"Organization","@id":"https:\/\/www.vkpbratislava.sk\/#organization","name":"VKP Bratislava","url":"https:\/\/www.vkpbratislava.sk\/","logo":{"@type":"ImageObject","inLanguage":"sk-SK","@id":"https:\/\/www.vkpbratislava.sk\/#\/schema\/logo\/image\/","url":"https:\/\/www.vkpbratislava.sk\/wp-content\/uploads\/2020\/10\/vkpBA.png","contentUrl":"https:\/\/www.vkpbratislava.sk\/wp-content\/uploads\/2020\/10\/vkpBA.png","width":600,"height":600,"caption":"VKP Bratislava"},"image":{"@id":"https:\/\/www.vkpbratislava.sk\/#\/schema\/logo\/image\/"}},{"@type":"Person","@id":"https:\/\/www.vkpbratislava.sk\/#\/schema\/person\/7037e769f9515aa58493d1b5852c4c50","name":"jenca","image":{"@type":"ImageObject","inLanguage":"sk-SK","@id":"https:\/\/www.vkpbratislava.sk\/#\/schema\/person\/image\/","url":"https:\/\/secure.gravatar.com\/avatar\/67aa89e9aab2911bbd0c6fbf0a891ea8d80c207c9b6a6e2c96e13fc2f16e536d?s=96&d=mm&r=g","contentUrl":"https:\/\/secure.gravatar.com\/avatar\/67aa89e9aab2911bbd0c6fbf0a891ea8d80c207c9b6a6e2c96e13fc2f16e536d?s=96&d=mm&r=g","caption":"jenca"},"url":"https:\/\/www.vkpbratislava.sk\/?author=3"}]}},"_links":{"self":[{"href":"https:\/\/www.vkpbratislava.sk\/index.php?rest_route=\/wp\/v2\/posts\/7299","targetHints":{"allow":["GET"]}}],"collection":[{"href":"https:\/\/www.vkpbratislava.sk\/index.php?rest_route=\/wp\/v2\/posts"}],"about":[{"href":"https:\/\/www.vkpbratislava.sk\/index.php?rest_route=\/wp\/v2\/types\/post"}],"author":[{"embeddable":true,"href":"https:\/\/www.vkpbratislava.sk\/index.php?rest_route=\/wp\/v2\/users\/3"}],"replies":[{"embeddable":true,"href":"https:\/\/www.vkpbratislava.sk\/index.php?rest_route=%2Fwp%2Fv2%2Fcomments&post=7299"}],"version-history":[{"count":1,"href":"https:\/\/www.vkpbratislava.sk\/index.php?rest_route=\/wp\/v2\/posts\/7299\/revisions"}],"predecessor-version":[{"id":7300,"href":"https:\/\/www.vkpbratislava.sk\/index.php?rest_route=\/wp\/v2\/posts\/7299\/revisions\/7300"}],"wp:featuredmedia":[{"embeddable":true,"href":"https:\/\/www.vkpbratislava.sk\/index.php?rest_route=\/wp\/v2\/media\/6952"}],"wp:attachment":[{"href":"https:\/\/www.vkpbratislava.sk\/index.php?rest_route=%2Fwp%2Fv2%2Fmedia&parent=7299"}],"wp:term":[{"taxonomy":"category","embeddable":true,"href":"https:\/\/www.vkpbratislava.sk\/index.php?rest_route=%2Fwp%2Fv2%2Fcategories&post=7299"},{"taxonomy":"post_tag","embeddable":true,"href":"https:\/\/www.vkpbratislava.sk\/index.php?rest_route=%2Fwp%2Fv2%2Ftags&post=7299"}],"curies":[{"name":"wp","href":"https:\/\/api.w.org\/{rel}","templated":true}]}}