{"id":7557,"date":"2021-10-30T02:17:32","date_gmt":"2021-10-30T00:17:32","guid":{"rendered":"https:\/\/www.vkpbratislava.sk\/?p=7557"},"modified":"2021-10-30T02:17:32","modified_gmt":"2021-10-30T00:17:32","slug":"yacoubou-z-prehier-sme-uz-unaveni-ideme-vyhrat","status":"publish","type":"post","link":"https:\/\/www.vkpbratislava.sk\/?p=7557","title":{"rendered":"Yacoubou: Z\u00a0prehier sme u\u017e unaven\u00ed, ideme vyhra\u0165"},"content":{"rendered":"<p><strong>Sme\u010diar Daouda Yacoubou posilnil v\u00a0lete VKP Bratislava. Po anga\u017em\u00e1ne v\u00a0Turecku si pri\u0161iel vysk\u00fa\u0161a\u0165 nov\u00e9 p\u00f4sobisko v\u00a0hlavnom meste Slovenska s\u00a0cie\u013eom posilni\u0165 t\u00edm. Svoju v\u00ed\u0165azn\u00fa mentalitu chce uk\u00e1za\u0165 u\u017e v\u00a0najbli\u017e\u0161om stretnut\u00ed na palubovke Pre\u0161ova (sobota, 30. okt\u00f3bra o 17.00 h).<\/strong><\/p>\n<p>Od za\u010diatku sa zaradil medzi pilierov mu\u017estva, zvykol si aj na nov\u00e9 prostredie a\u00a0je obohaten\u00fdm celej extraligy. \u201eM\u00f4\u017eem poveda\u0165, \u017ee Slovensko je m\u00f4j nov\u00fd domov. Som tu \u0161\u0165astn\u00fd ka\u017ed\u00fdm d\u0148om viac a\u00a0viac. U\u017e\u00edvam si chv\u00edle, ktor\u00e9 tu m\u00f4\u017eem str\u00e1bi\u0165. Sna\u017e\u00edm sa by\u0165 pozit\u00edvne naladen\u00fd a\u00a0ma\u0165 dobr\u00fa n\u00e1ladu v\u017edy a\u00a0v\u0161ade,\u201c povedal Daouda Yacoubou.<\/p>\n<p>\u00dasmev na tv\u00e1ri sa mu mra\u010d\u00ed len pri poh\u013eade na niektor\u00e9 v\u00fdsledky v\u00a0na\u0161ej najvy\u0161\u0161ej s\u00fa\u0165a\u017ei. \u201eSlovensk\u00e1 extraliga je naozaj ve\u013emi dobr\u00e1 v\u00fdzva, v\u0161etky t\u00edmy maj\u00fa vysok\u00fa kvalitu. O\u00a0v\u00fdhre \u010di prehre rozhoduj\u00fa fakt len detaily. Mali by sme by\u0165 koncentrovan\u00ed v\u00a0ka\u017edej situ\u00e1cii, s\u00fastredi\u0165 sa od \u00favodu do konca z\u00e1pasu, bojova\u0165 do posledn\u00e9ho bodu. Spr\u00e1vna cesta k\u00a0v\u00ed\u0165azstvu je robi\u0165 menej ch\u00fdb ako s\u00faper. Pred s\u00fabojom v\u00a0Pre\u0161ove m\u00e1me jedin\u00fd cie\u013e: vyhra\u0165. U\u017e sme z\u00a0prehier unaven\u00ed. Zabojujeme, aby sme vyhrali,\u201c vyhl\u00e1sil rod\u00e1k z\u00a0africk\u00e9ho Beninu. Postupne sa zdokona\u013euje aj v\u00a0nie \u013eahkej sloven\u010dine. \u201eU\u010d\u00edm sa ako len viem, chalani z\u00a0t\u00edmu mi ve\u013emi pom\u00e1haj\u00fa,\u201c dodal \u201eDao\u201c a\u00a0rozl\u00fa\u010dil sa vetou v\u00a0na\u0161om \u013e\u00fabozvu\u010dnom jazyku: \u201eBude lep\u0161ie, br\u00e1\u0161ko.\u201c Sloven\u010dina v\u00a0jeho podan\u00ed znie fakt dobre.<\/p>\n<p><img loading=\"lazy\" decoding=\"async\" class=\"alignnone size-medium wp-image-7291\" src=\"https:\/\/www.vkpbratislava.sk\/wp-content\/uploads\/2021\/10\/DF1A7831-640x427.jpg\" alt=\"\" width=\"640\" height=\"427\" srcset=\"https:\/\/www.vkpbratislava.sk\/wp-content\/uploads\/2021\/10\/DF1A7831-640x427.jpg 640w, https:\/\/www.vkpbratislava.sk\/wp-content\/uploads\/2021\/10\/DF1A7831-1280x853.jpg 1280w, https:\/\/www.vkpbratislava.sk\/wp-content\/uploads\/2021\/10\/DF1A7831-768x512.jpg 768w, https:\/\/www.vkpbratislava.sk\/wp-content\/uploads\/2021\/10\/DF1A7831-1536x1024.jpg 1536w, https:\/\/www.vkpbratislava.sk\/wp-content\/uploads\/2021\/10\/DF1A7831-320x213.jpg 320w, https:\/\/www.vkpbratislava.sk\/wp-content\/uploads\/2021\/10\/DF1A7831-600x400.jpg 600w, https:\/\/www.vkpbratislava.sk\/wp-content\/uploads\/2021\/10\/DF1A7831.jpg 2048w\" sizes=\"auto, (max-width: 640px) 100vw, 640px\" \/><\/p>\n","protected":false},"excerpt":{"rendered":"<p>Sme\u010diar Daouda Yacoubou chce uk\u00e1za\u0165 svoju v\u00ed\u0165azn\u00fa mentalitu u\u017e v\u00a0najbli\u017e\u0161om stretnut\u00ed na palubovke Pre\u0161ova (sobota, 30. okt\u00f3bra o 17.00 h).<\/p>\n","protected":false},"author":3,"featured_media":7286,"comment_status":"closed","ping_status":"open","sticky":false,"template":"","format":"standard","meta":{"_monsterinsights_skip_tracking":false,"_monsterinsights_sitenote_active":false,"_monsterinsights_sitenote_note":"","_monsterinsights_sitenote_category":0,"footnotes":""},"categories":[47],"tags":[],"class_list":["post-7557","post","type-post","status-publish","format-standard","has-post-thumbnail","hentry","category-muzi"],"yoast_head":"<!-- This site is optimized with the Yoast SEO plugin v25.6 - https:\/\/yoast.com\/wordpress\/plugins\/seo\/ -->\n<title>Yacoubou: Z\u00a0prehier sme u\u017e unaven\u00ed, ideme vyhra\u0165 - VK SLOVAN Bratislava<\/title>\n<meta name=\"description\" content=\"Sme\u010diar Daouda Yacoubou chce uk\u00e1za\u0165 svoju v\u00ed\u0165azn\u00fa mentalitu u\u017e v\u00a0najbli\u017e\u0161om stretnut\u00ed na palubovke Pre\u0161ova (sobota, 30. okt\u00f3bra o 17.00 h).\" \/>\n<meta name=\"robots\" content=\"index, follow, max-snippet:-1, max-image-preview:large, max-video-preview:-1\" \/>\n<link rel=\"canonical\" href=\"https:\/\/www.vkpbratislava.sk\/?p=7557\" \/>\n<meta property=\"og:locale\" content=\"sk_SK\" \/>\n<meta property=\"og:type\" content=\"article\" \/>\n<meta property=\"og:title\" content=\"Yacoubou: Z\u00a0prehier sme u\u017e unaven\u00ed, ideme vyhra\u0165 - VK SLOVAN Bratislava\" \/>\n<meta property=\"og:description\" content=\"Sme\u010diar Daouda Yacoubou chce uk\u00e1za\u0165 svoju v\u00ed\u0165azn\u00fa mentalitu u\u017e v\u00a0najbli\u017e\u0161om stretnut\u00ed na palubovke Pre\u0161ova (sobota, 30. okt\u00f3bra o 17.00 h).\" \/>\n<meta property=\"og:url\" content=\"https:\/\/www.vkpbratislava.sk\/?p=7557\" \/>\n<meta property=\"og:site_name\" content=\"VK SLOVAN Bratislava\" \/>\n<meta property=\"article:published_time\" content=\"2021-10-30T00:17:32+00:00\" \/>\n<meta property=\"og:image\" content=\"https:\/\/www.vkpbratislava.sk\/wp-content\/uploads\/2021\/10\/DF1A7360.jpg\" \/>\n\t<meta property=\"og:image:width\" content=\"2048\" \/>\n\t<meta property=\"og:image:height\" content=\"1365\" \/>\n\t<meta property=\"og:image:type\" content=\"image\/jpeg\" \/>\n<meta name=\"author\" content=\"jenca\" \/>\n<meta name=\"twitter:card\" content=\"summary_large_image\" \/>\n<meta name=\"twitter:label1\" content=\"Autor\" \/>\n\t<meta name=\"twitter:data1\" content=\"jenca\" \/>\n\t<meta name=\"twitter:label2\" content=\"Predpokladan\u00fd \u010das \u010d\u00edtania\" \/>\n\t<meta name=\"twitter:data2\" content=\"2 min\u00faty\" \/>\n<script type=\"application\/ld+json\" class=\"yoast-schema-graph\">{\"@context\":\"https:\/\/schema.org\",\"@graph\":[{\"@type\":\"Article\",\"@id\":\"https:\/\/www.vkpbratislava.sk\/?p=7557#article\",\"isPartOf\":{\"@id\":\"https:\/\/www.vkpbratislava.sk\/?p=7557\"},\"author\":{\"name\":\"jenca\",\"@id\":\"https:\/\/www.vkpbratislava.sk\/#\/schema\/person\/7037e769f9515aa58493d1b5852c4c50\"},\"headline\":\"Yacoubou: Z\u00a0prehier sme u\u017e unaven\u00ed, ideme vyhra\u0165\",\"datePublished\":\"2021-10-30T00:17:32+00:00\",\"mainEntityOfPage\":{\"@id\":\"https:\/\/www.vkpbratislava.sk\/?p=7557\"},\"wordCount\":300,\"publisher\":{\"@id\":\"https:\/\/www.vkpbratislava.sk\/#organization\"},\"image\":{\"@id\":\"https:\/\/www.vkpbratislava.sk\/?p=7557#primaryimage\"},\"thumbnailUrl\":\"https:\/\/www.vkpbratislava.sk\/wp-content\/uploads\/2021\/10\/DF1A7360.jpg\",\"articleSection\":[\"Mu\u017ei\"],\"inLanguage\":\"sk-SK\"},{\"@type\":\"WebPage\",\"@id\":\"https:\/\/www.vkpbratislava.sk\/?p=7557\",\"url\":\"https:\/\/www.vkpbratislava.sk\/?p=7557\",\"name\":\"Yacoubou: Z\u00a0prehier sme u\u017e unaven\u00ed, ideme vyhra\u0165 - VK SLOVAN Bratislava\",\"isPartOf\":{\"@id\":\"https:\/\/www.vkpbratislava.sk\/#website\"},\"primaryImageOfPage\":{\"@id\":\"https:\/\/www.vkpbratislava.sk\/?p=7557#primaryimage\"},\"image\":{\"@id\":\"https:\/\/www.vkpbratislava.sk\/?p=7557#primaryimage\"},\"thumbnailUrl\":\"https:\/\/www.vkpbratislava.sk\/wp-content\/uploads\/2021\/10\/DF1A7360.jpg\",\"datePublished\":\"2021-10-30T00:17:32+00:00\",\"description\":\"Sme\u010diar Daouda Yacoubou chce uk\u00e1za\u0165 svoju v\u00ed\u0165azn\u00fa mentalitu u\u017e v\u00a0najbli\u017e\u0161om stretnut\u00ed na palubovke Pre\u0161ova (sobota, 30. okt\u00f3bra o 17.00 h).\",\"breadcrumb\":{\"@id\":\"https:\/\/www.vkpbratislava.sk\/?p=7557#breadcrumb\"},\"inLanguage\":\"sk-SK\",\"potentialAction\":[{\"@type\":\"ReadAction\",\"target\":[\"https:\/\/www.vkpbratislava.sk\/?p=7557\"]}]},{\"@type\":\"ImageObject\",\"inLanguage\":\"sk-SK\",\"@id\":\"https:\/\/www.vkpbratislava.sk\/?p=7557#primaryimage\",\"url\":\"https:\/\/www.vkpbratislava.sk\/wp-content\/uploads\/2021\/10\/DF1A7360.jpg\",\"contentUrl\":\"https:\/\/www.vkpbratislava.sk\/wp-content\/uploads\/2021\/10\/DF1A7360.jpg\",\"width\":2048,\"height\":1365},{\"@type\":\"BreadcrumbList\",\"@id\":\"https:\/\/www.vkpbratislava.sk\/?p=7557#breadcrumb\",\"itemListElement\":[{\"@type\":\"ListItem\",\"position\":1,\"name\":\"Domov\",\"item\":\"https:\/\/www.vkpbratislava.sk\/\"},{\"@type\":\"ListItem\",\"position\":2,\"name\":\"Yacoubou: Z\u00a0prehier sme u\u017e unaven\u00ed, ideme vyhra\u0165\"}]},{\"@type\":\"WebSite\",\"@id\":\"https:\/\/www.vkpbratislava.sk\/#website\",\"url\":\"https:\/\/www.vkpbratislava.sk\/\",\"name\":\"VK SLOVAN Bratislava\",\"description\":\"Volejbalov\u00fd klub\",\"publisher\":{\"@id\":\"https:\/\/www.vkpbratislava.sk\/#organization\"},\"potentialAction\":[{\"@type\":\"SearchAction\",\"target\":{\"@type\":\"EntryPoint\",\"urlTemplate\":\"https:\/\/www.vkpbratislava.sk\/?s={search_term_string}\"},\"query-input\":{\"@type\":\"PropertyValueSpecification\",\"valueRequired\":true,\"valueName\":\"search_term_string\"}}],\"inLanguage\":\"sk-SK\"},{\"@type\":\"Organization\",\"@id\":\"https:\/\/www.vkpbratislava.sk\/#organization\",\"name\":\"VKP Bratislava\",\"url\":\"https:\/\/www.vkpbratislava.sk\/\",\"logo\":{\"@type\":\"ImageObject\",\"inLanguage\":\"sk-SK\",\"@id\":\"https:\/\/www.vkpbratislava.sk\/#\/schema\/logo\/image\/\",\"url\":\"https:\/\/www.vkpbratislava.sk\/wp-content\/uploads\/2020\/10\/vkpBA.png\",\"contentUrl\":\"https:\/\/www.vkpbratislava.sk\/wp-content\/uploads\/2020\/10\/vkpBA.png\",\"width\":600,\"height\":600,\"caption\":\"VKP Bratislava\"},\"image\":{\"@id\":\"https:\/\/www.vkpbratislava.sk\/#\/schema\/logo\/image\/\"}},{\"@type\":\"Person\",\"@id\":\"https:\/\/www.vkpbratislava.sk\/#\/schema\/person\/7037e769f9515aa58493d1b5852c4c50\",\"name\":\"jenca\",\"image\":{\"@type\":\"ImageObject\",\"inLanguage\":\"sk-SK\",\"@id\":\"https:\/\/www.vkpbratislava.sk\/#\/schema\/person\/image\/\",\"url\":\"https:\/\/secure.gravatar.com\/avatar\/67aa89e9aab2911bbd0c6fbf0a891ea8d80c207c9b6a6e2c96e13fc2f16e536d?s=96&d=mm&r=g\",\"contentUrl\":\"https:\/\/secure.gravatar.com\/avatar\/67aa89e9aab2911bbd0c6fbf0a891ea8d80c207c9b6a6e2c96e13fc2f16e536d?s=96&d=mm&r=g\",\"caption\":\"jenca\"},\"url\":\"https:\/\/www.vkpbratislava.sk\/?author=3\"}]}<\/script>\n<!-- \/ Yoast SEO plugin. -->","yoast_head_json":{"title":"Yacoubou: Z\u00a0prehier sme u\u017e unaven\u00ed, ideme vyhra\u0165 - VK SLOVAN Bratislava","description":"Sme\u010diar Daouda Yacoubou chce uk\u00e1za\u0165 svoju v\u00ed\u0165azn\u00fa mentalitu u\u017e v\u00a0najbli\u017e\u0161om stretnut\u00ed na palubovke Pre\u0161ova (sobota, 30. okt\u00f3bra o 17.00 h).","robots":{"index":"index","follow":"follow","max-snippet":"max-snippet:-1","max-image-preview":"max-image-preview:large","max-video-preview":"max-video-preview:-1"},"canonical":"https:\/\/www.vkpbratislava.sk\/?p=7557","og_locale":"sk_SK","og_type":"article","og_title":"Yacoubou: Z\u00a0prehier sme u\u017e unaven\u00ed, ideme vyhra\u0165 - VK SLOVAN Bratislava","og_description":"Sme\u010diar Daouda Yacoubou chce uk\u00e1za\u0165 svoju v\u00ed\u0165azn\u00fa mentalitu u\u017e v\u00a0najbli\u017e\u0161om stretnut\u00ed na palubovke Pre\u0161ova (sobota, 30. okt\u00f3bra o 17.00 h).","og_url":"https:\/\/www.vkpbratislava.sk\/?p=7557","og_site_name":"VK SLOVAN Bratislava","article_published_time":"2021-10-30T00:17:32+00:00","og_image":[{"width":2048,"height":1365,"url":"https:\/\/www.vkpbratislava.sk\/wp-content\/uploads\/2021\/10\/DF1A7360.jpg","type":"image\/jpeg"}],"author":"jenca","twitter_card":"summary_large_image","twitter_misc":{"Autor":"jenca","Predpokladan\u00fd \u010das \u010d\u00edtania":"2 min\u00faty"},"schema":{"@context":"https:\/\/schema.org","@graph":[{"@type":"Article","@id":"https:\/\/www.vkpbratislava.sk\/?p=7557#article","isPartOf":{"@id":"https:\/\/www.vkpbratislava.sk\/?p=7557"},"author":{"name":"jenca","@id":"https:\/\/www.vkpbratislava.sk\/#\/schema\/person\/7037e769f9515aa58493d1b5852c4c50"},"headline":"Yacoubou: Z\u00a0prehier sme u\u017e unaven\u00ed, ideme vyhra\u0165","datePublished":"2021-10-30T00:17:32+00:00","mainEntityOfPage":{"@id":"https:\/\/www.vkpbratislava.sk\/?p=7557"},"wordCount":300,"publisher":{"@id":"https:\/\/www.vkpbratislava.sk\/#organization"},"image":{"@id":"https:\/\/www.vkpbratislava.sk\/?p=7557#primaryimage"},"thumbnailUrl":"https:\/\/www.vkpbratislava.sk\/wp-content\/uploads\/2021\/10\/DF1A7360.jpg","articleSection":["Mu\u017ei"],"inLanguage":"sk-SK"},{"@type":"WebPage","@id":"https:\/\/www.vkpbratislava.sk\/?p=7557","url":"https:\/\/www.vkpbratislava.sk\/?p=7557","name":"Yacoubou: Z\u00a0prehier sme u\u017e unaven\u00ed, ideme vyhra\u0165 - VK SLOVAN Bratislava","isPartOf":{"@id":"https:\/\/www.vkpbratislava.sk\/#website"},"primaryImageOfPage":{"@id":"https:\/\/www.vkpbratislava.sk\/?p=7557#primaryimage"},"image":{"@id":"https:\/\/www.vkpbratislava.sk\/?p=7557#primaryimage"},"thumbnailUrl":"https:\/\/www.vkpbratislava.sk\/wp-content\/uploads\/2021\/10\/DF1A7360.jpg","datePublished":"2021-10-30T00:17:32+00:00","description":"Sme\u010diar Daouda Yacoubou chce uk\u00e1za\u0165 svoju v\u00ed\u0165azn\u00fa mentalitu u\u017e v\u00a0najbli\u017e\u0161om stretnut\u00ed na palubovke Pre\u0161ova (sobota, 30. okt\u00f3bra o 17.00 h).","breadcrumb":{"@id":"https:\/\/www.vkpbratislava.sk\/?p=7557#breadcrumb"},"inLanguage":"sk-SK","potentialAction":[{"@type":"ReadAction","target":["https:\/\/www.vkpbratislava.sk\/?p=7557"]}]},{"@type":"ImageObject","inLanguage":"sk-SK","@id":"https:\/\/www.vkpbratislava.sk\/?p=7557#primaryimage","url":"https:\/\/www.vkpbratislava.sk\/wp-content\/uploads\/2021\/10\/DF1A7360.jpg","contentUrl":"https:\/\/www.vkpbratislava.sk\/wp-content\/uploads\/2021\/10\/DF1A7360.jpg","width":2048,"height":1365},{"@type":"BreadcrumbList","@id":"https:\/\/www.vkpbratislava.sk\/?p=7557#breadcrumb","itemListElement":[{"@type":"ListItem","position":1,"name":"Domov","item":"https:\/\/www.vkpbratislava.sk\/"},{"@type":"ListItem","position":2,"name":"Yacoubou: Z\u00a0prehier sme u\u017e unaven\u00ed, ideme vyhra\u0165"}]},{"@type":"WebSite","@id":"https:\/\/www.vkpbratislava.sk\/#website","url":"https:\/\/www.vkpbratislava.sk\/","name":"VK SLOVAN Bratislava","description":"Volejbalov\u00fd klub","publisher":{"@id":"https:\/\/www.vkpbratislava.sk\/#organization"},"potentialAction":[{"@type":"SearchAction","target":{"@type":"EntryPoint","urlTemplate":"https:\/\/www.vkpbratislava.sk\/?s={search_term_string}"},"query-input":{"@type":"PropertyValueSpecification","valueRequired":true,"valueName":"search_term_string"}}],"inLanguage":"sk-SK"},{"@type":"Organization","@id":"https:\/\/www.vkpbratislava.sk\/#organization","name":"VKP Bratislava","url":"https:\/\/www.vkpbratislava.sk\/","logo":{"@type":"ImageObject","inLanguage":"sk-SK","@id":"https:\/\/www.vkpbratislava.sk\/#\/schema\/logo\/image\/","url":"https:\/\/www.vkpbratislava.sk\/wp-content\/uploads\/2020\/10\/vkpBA.png","contentUrl":"https:\/\/www.vkpbratislava.sk\/wp-content\/uploads\/2020\/10\/vkpBA.png","width":600,"height":600,"caption":"VKP Bratislava"},"image":{"@id":"https:\/\/www.vkpbratislava.sk\/#\/schema\/logo\/image\/"}},{"@type":"Person","@id":"https:\/\/www.vkpbratislava.sk\/#\/schema\/person\/7037e769f9515aa58493d1b5852c4c50","name":"jenca","image":{"@type":"ImageObject","inLanguage":"sk-SK","@id":"https:\/\/www.vkpbratislava.sk\/#\/schema\/person\/image\/","url":"https:\/\/secure.gravatar.com\/avatar\/67aa89e9aab2911bbd0c6fbf0a891ea8d80c207c9b6a6e2c96e13fc2f16e536d?s=96&d=mm&r=g","contentUrl":"https:\/\/secure.gravatar.com\/avatar\/67aa89e9aab2911bbd0c6fbf0a891ea8d80c207c9b6a6e2c96e13fc2f16e536d?s=96&d=mm&r=g","caption":"jenca"},"url":"https:\/\/www.vkpbratislava.sk\/?author=3"}]}},"_links":{"self":[{"href":"https:\/\/www.vkpbratislava.sk\/index.php?rest_route=\/wp\/v2\/posts\/7557","targetHints":{"allow":["GET"]}}],"collection":[{"href":"https:\/\/www.vkpbratislava.sk\/index.php?rest_route=\/wp\/v2\/posts"}],"about":[{"href":"https:\/\/www.vkpbratislava.sk\/index.php?rest_route=\/wp\/v2\/types\/post"}],"author":[{"embeddable":true,"href":"https:\/\/www.vkpbratislava.sk\/index.php?rest_route=\/wp\/v2\/users\/3"}],"replies":[{"embeddable":true,"href":"https:\/\/www.vkpbratislava.sk\/index.php?rest_route=%2Fwp%2Fv2%2Fcomments&post=7557"}],"version-history":[{"count":1,"href":"https:\/\/www.vkpbratislava.sk\/index.php?rest_route=\/wp\/v2\/posts\/7557\/revisions"}],"predecessor-version":[{"id":7558,"href":"https:\/\/www.vkpbratislava.sk\/index.php?rest_route=\/wp\/v2\/posts\/7557\/revisions\/7558"}],"wp:featuredmedia":[{"embeddable":true,"href":"https:\/\/www.vkpbratislava.sk\/index.php?rest_route=\/wp\/v2\/media\/7286"}],"wp:attachment":[{"href":"https:\/\/www.vkpbratislava.sk\/index.php?rest_route=%2Fwp%2Fv2%2Fmedia&parent=7557"}],"wp:term":[{"taxonomy":"category","embeddable":true,"href":"https:\/\/www.vkpbratislava.sk\/index.php?rest_route=%2Fwp%2Fv2%2Fcategories&post=7557"},{"taxonomy":"post_tag","embeddable":true,"href":"https:\/\/www.vkpbratislava.sk\/index.php?rest_route=%2Fwp%2Fv2%2Ftags&post=7557"}],"curies":[{"name":"wp","href":"https:\/\/api.w.org\/{rel}","templated":true}]}}