{"id":7566,"date":"2021-10-31T10:15:30","date_gmt":"2021-10-31T09:15:30","guid":{"rendered":"https:\/\/www.vkpbratislava.sk\/?p=7566"},"modified":"2021-10-31T10:15:30","modified_gmt":"2021-10-31T09:15:30","slug":"zeny-po-tajbrejku-s-dvoma-bodmi-muzi-naprazdno","status":"publish","type":"post","link":"https:\/\/www.vkpbratislava.sk\/?p=7566","title":{"rendered":"\u017deny po tajbrejku s\u00a0dvoma bodmi, mu\u017ei napr\u00e1zdno"},"content":{"rendered":"<p><strong>Po sobot\u0148aj\u0161\u00edch z\u00e1pasoch extraligy m\u00f4\u017eu by\u0165 \u017eeny VKP Bratislava spokojnej\u0161ie ako mu\u017ei. Na dom\u00e1cej palubovke porazili Projekt RD SVF 3:2, k\u00fdm zverenci Mat\u00fa\u0161a kaln\u00e9ho prehrali v\u00a0Pre\u0161ove 1:3.<\/strong><\/p>\n<p><span style=\"text-decoration: underline;\">7.kolo extraligy \u017eien:<\/span><\/p>\n<p><strong>VKP BRATISLAVA &#8211; PROJEKT RD SVF 3:2 (-21, 21, -21, 25, 9)<\/strong><\/p>\n<p><strong>Rozhodovali:<\/strong> Pivar\u010dek a Kov\u00e1\u010d, <strong>120<\/strong> div\u00e1kov<\/p>\n<p><strong>VKP:<\/strong> P\u00edse\u010dn\u00e1 24, Kasprzak 15, Kov\u00e1\u010dov\u00e1 11, Smie\u0161kov\u00e1 11, Sahin 1, Koh\u00fatov\u00e1, liber\u00e1 Mattov\u00e1 a A. Vajdov\u00e1 (Snopkov\u00e1 6, L. Spev\u00e1r 4, Fartelov\u00e1 2, Frolov\u00e1). Tr\u00e9ner: J. Han\u010d\u00e1k.<\/p>\n<p><strong>Hr\u00e1\u010dka z\u00e1pasu za VKP:<\/strong> Andrea Snopkov\u00e1<\/p>\n<p><strong>Jaroslav Han\u010d\u00e1k, tr\u00e9ner VKP:<\/strong> \u201eV prvom rade gratulujem diev\u010dat\u00e1m. Som r\u00e1d, \u017ee sme kone\u010dne vyhrali, mali sme \u0161n\u00faru prehier, \u010do nie je pr\u00edjemn\u00e9 pre \u017eiadne dru\u017estvo. Vedeli sme, \u017ee Projekt je \u0165a\u017ek\u00fd s\u00faper, poctivo sme sa pripravili a mysl\u00edm si, \u017ee to bolo vidie\u0165. Kone\u010dne sme hrali ako dru\u017estvo, celkom slu\u0161ne v \u00fatoku, dobre sme br\u00e1nili na sieti. St\u00e1le v\u0161ak rob\u00edme zbyto\u010dn\u00e9 nevyn\u00faten\u00e9 chyby v obrane pri \u013eahk\u00fdch situ\u00e1ci\u00e1ch, \u010do n\u00e1s pod\u013ea m\u0148a st\u00e1lo pln\u00fd bodov\u00fd zisk, mohli sme ur\u010dite odohra\u0165 e\u0161te lep\u0161\u00ed z\u00e1pas. \u010casto sa dost\u00e1vame do pas\u00e1\u017e\u00ed, v ktor\u00fdch si nie sme schopn\u00ed prihra\u0165 p\u00e4\u0165 \u010di \u0161es\u0165 l\u00f4pt a vtedy sa s\u00faper dotiahne alebo odsko\u010d\u00ed, to mus\u00edme odstr\u00e1ni\u0165. Bol to pekn\u00fd z\u00e1pas, bojovn\u00fd na oboch stran\u00e1ch, som spokojn\u00fd.&#8220;<\/p>\n<p><img loading=\"lazy\" decoding=\"async\" class=\"alignnone size-medium wp-image-7587\" src=\"https:\/\/www.vkpbratislava.sk\/wp-content\/uploads\/2021\/10\/DSC_9474-640x427.jpg\" alt=\"\" width=\"640\" height=\"427\" srcset=\"https:\/\/www.vkpbratislava.sk\/wp-content\/uploads\/2021\/10\/DSC_9474-640x427.jpg 640w, https:\/\/www.vkpbratislava.sk\/wp-content\/uploads\/2021\/10\/DSC_9474-1280x853.jpg 1280w, https:\/\/www.vkpbratislava.sk\/wp-content\/uploads\/2021\/10\/DSC_9474-768x512.jpg 768w, https:\/\/www.vkpbratislava.sk\/wp-content\/uploads\/2021\/10\/DSC_9474-1536x1024.jpg 1536w, https:\/\/www.vkpbratislava.sk\/wp-content\/uploads\/2021\/10\/DSC_9474-2048x1365.jpg 2048w, https:\/\/www.vkpbratislava.sk\/wp-content\/uploads\/2021\/10\/DSC_9474-320x213.jpg 320w, https:\/\/www.vkpbratislava.sk\/wp-content\/uploads\/2021\/10\/DSC_9474-600x400.jpg 600w\" sizes=\"auto, (max-width: 640px) 100vw, 640px\" \/><\/p>\n<p><span style=\"text-decoration: underline;\">6.kolo extraligy mu\u017eov:<\/span><\/p>\n<p><strong>VK MIRAD UNIPO PRE\u0160OV &#8211; VKP BRATISLAVA 3:1 (23, 17, -20, 24)<\/strong><\/p>\n<p><strong>Rozhodovali:<\/strong> Porvazn\u00edk a H\u00f6ger, <strong>106<\/strong> div\u00e1kov<\/p>\n<p><strong>VKP:<\/strong> Kostol\u00e1ni 27, Yacoubou 17, Tarabus 6, Za\u0165ko 3, Pre\u0161insk\u00fd 2, Malina 2, libero Jakub\u00edk (Truba\u010d 11, Billich 3, Jur\u00edk, Van\u010do). Tr\u00e9ner: M. Kaln\u00fd.<\/p>\n<p><strong>Hr\u00e1\u010d z\u00e1pasu za VKP:<\/strong> \u013dubo\u0161 Kostol\u00e1ni<\/p>\n<p><strong>Mat\u00fa\u0161 Kaln\u00fd, tr\u00e9ner VKP Bratislava:<\/strong> \u201eRozhodovalo sa v koncovk\u00e1ch. S\u00faper zvl\u00e1dol dve koncovky. My sme v koncovk\u00e1ch mali aj smolu. Dvakr\u00e1t lopta, ktor\u00e1 ide tri-\u0161tyri metre do autu n\u00e1s traf\u00ed do hlavy. Bohu\u017eia\u013e, tak skon\u010dili koncovky. S\u00faper ich lep\u0161ie odohral a vyhral.\u201c<\/p>\n","protected":false},"excerpt":{"rendered":"<p>Po sobot\u0148aj\u0161\u00edch z\u00e1pasoch extraligy m\u00f4\u017eu by\u0165 \u017eeny VKP Bratislava spokojnej\u0161ie ako mu\u017ei. Na dom\u00e1cej palubovke porazili Projekt RD SVF 3:2, k\u00fdm zverenci Mat\u00fa\u0161a kaln\u00e9ho prehrali v\u00a0Pre\u0161ove 1:3.<\/p>\n","protected":false},"author":3,"featured_media":7611,"comment_status":"closed","ping_status":"open","sticky":false,"template":"","format":"standard","meta":{"_monsterinsights_skip_tracking":false,"_monsterinsights_sitenote_active":false,"_monsterinsights_sitenote_note":"","_monsterinsights_sitenote_category":0,"footnotes":""},"categories":[47,48],"tags":[],"class_list":["post-7566","post","type-post","status-publish","format-standard","has-post-thumbnail","hentry","category-muzi","category-zeny"],"yoast_head":"<!-- This site is optimized with the Yoast SEO plugin v25.6 - https:\/\/yoast.com\/wordpress\/plugins\/seo\/ -->\n<title>\u017deny po tajbrejku s\u00a0dvoma bodmi, mu\u017ei napr\u00e1zdno - VK SLOVAN Bratislava<\/title>\n<meta name=\"description\" content=\"Po sobot\u0148aj\u0161\u00edch z\u00e1pasoch extraligy m\u00f4\u017eu by\u0165 \u017eeny VKP Bratislava spokojnej\u0161ie ako mu\u017ei. Na dom\u00e1cej palubovke porazili Projekt RD SVF 3:2, k\u00fdm zverenci Mat\u00fa\u0161a kaln\u00e9ho prehrali v\u00a0Pre\u0161ove 1:3.\" \/>\n<meta name=\"robots\" content=\"index, follow, max-snippet:-1, max-image-preview:large, max-video-preview:-1\" \/>\n<link rel=\"canonical\" href=\"https:\/\/www.vkpbratislava.sk\/?p=7566\" \/>\n<meta property=\"og:locale\" content=\"sk_SK\" \/>\n<meta property=\"og:type\" content=\"article\" \/>\n<meta property=\"og:title\" content=\"\u017deny po tajbrejku s\u00a0dvoma bodmi, mu\u017ei napr\u00e1zdno - VK SLOVAN Bratislava\" \/>\n<meta property=\"og:description\" content=\"Po sobot\u0148aj\u0161\u00edch z\u00e1pasoch extraligy m\u00f4\u017eu by\u0165 \u017eeny VKP Bratislava spokojnej\u0161ie ako mu\u017ei. Na dom\u00e1cej palubovke porazili Projekt RD SVF 3:2, k\u00fdm zverenci Mat\u00fa\u0161a kaln\u00e9ho prehrali v\u00a0Pre\u0161ove 1:3.\" \/>\n<meta property=\"og:url\" content=\"https:\/\/www.vkpbratislava.sk\/?p=7566\" \/>\n<meta property=\"og:site_name\" content=\"VK SLOVAN Bratislava\" \/>\n<meta property=\"article:published_time\" content=\"2021-10-31T09:15:30+00:00\" \/>\n<meta property=\"og:image\" content=\"https:\/\/www.vkpbratislava.sk\/wp-content\/uploads\/2021\/10\/DSC_9495-scaled.jpg\" \/>\n\t<meta property=\"og:image:width\" content=\"2560\" \/>\n\t<meta property=\"og:image:height\" content=\"1707\" \/>\n\t<meta property=\"og:image:type\" content=\"image\/jpeg\" \/>\n<meta name=\"author\" content=\"jenca\" \/>\n<meta name=\"twitter:card\" content=\"summary_large_image\" \/>\n<meta name=\"twitter:label1\" content=\"Autor\" \/>\n\t<meta name=\"twitter:data1\" content=\"jenca\" \/>\n\t<meta name=\"twitter:label2\" content=\"Predpokladan\u00fd \u010das \u010d\u00edtania\" \/>\n\t<meta name=\"twitter:data2\" content=\"2 min\u00faty\" \/>\n<script type=\"application\/ld+json\" class=\"yoast-schema-graph\">{\"@context\":\"https:\/\/schema.org\",\"@graph\":[{\"@type\":\"Article\",\"@id\":\"https:\/\/www.vkpbratislava.sk\/?p=7566#article\",\"isPartOf\":{\"@id\":\"https:\/\/www.vkpbratislava.sk\/?p=7566\"},\"author\":{\"name\":\"jenca\",\"@id\":\"https:\/\/www.vkpbratislava.sk\/#\/schema\/person\/7037e769f9515aa58493d1b5852c4c50\"},\"headline\":\"\u017deny po tajbrejku s\u00a0dvoma bodmi, mu\u017ei napr\u00e1zdno\",\"datePublished\":\"2021-10-31T09:15:30+00:00\",\"mainEntityOfPage\":{\"@id\":\"https:\/\/www.vkpbratislava.sk\/?p=7566\"},\"wordCount\":366,\"publisher\":{\"@id\":\"https:\/\/www.vkpbratislava.sk\/#organization\"},\"image\":{\"@id\":\"https:\/\/www.vkpbratislava.sk\/?p=7566#primaryimage\"},\"thumbnailUrl\":\"https:\/\/www.vkpbratislava.sk\/wp-content\/uploads\/2021\/10\/DSC_9495-scaled.jpg\",\"articleSection\":[\"Mu\u017ei\",\"\u017deny\"],\"inLanguage\":\"sk-SK\"},{\"@type\":\"WebPage\",\"@id\":\"https:\/\/www.vkpbratislava.sk\/?p=7566\",\"url\":\"https:\/\/www.vkpbratislava.sk\/?p=7566\",\"name\":\"\u017deny po tajbrejku s\u00a0dvoma bodmi, mu\u017ei napr\u00e1zdno - VK SLOVAN Bratislava\",\"isPartOf\":{\"@id\":\"https:\/\/www.vkpbratislava.sk\/#website\"},\"primaryImageOfPage\":{\"@id\":\"https:\/\/www.vkpbratislava.sk\/?p=7566#primaryimage\"},\"image\":{\"@id\":\"https:\/\/www.vkpbratislava.sk\/?p=7566#primaryimage\"},\"thumbnailUrl\":\"https:\/\/www.vkpbratislava.sk\/wp-content\/uploads\/2021\/10\/DSC_9495-scaled.jpg\",\"datePublished\":\"2021-10-31T09:15:30+00:00\",\"description\":\"Po sobot\u0148aj\u0161\u00edch z\u00e1pasoch extraligy m\u00f4\u017eu by\u0165 \u017eeny VKP Bratislava spokojnej\u0161ie ako mu\u017ei. Na dom\u00e1cej palubovke porazili Projekt RD SVF 3:2, k\u00fdm zverenci Mat\u00fa\u0161a kaln\u00e9ho prehrali v\u00a0Pre\u0161ove 1:3.\",\"breadcrumb\":{\"@id\":\"https:\/\/www.vkpbratislava.sk\/?p=7566#breadcrumb\"},\"inLanguage\":\"sk-SK\",\"potentialAction\":[{\"@type\":\"ReadAction\",\"target\":[\"https:\/\/www.vkpbratislava.sk\/?p=7566\"]}]},{\"@type\":\"ImageObject\",\"inLanguage\":\"sk-SK\",\"@id\":\"https:\/\/www.vkpbratislava.sk\/?p=7566#primaryimage\",\"url\":\"https:\/\/www.vkpbratislava.sk\/wp-content\/uploads\/2021\/10\/DSC_9495-scaled.jpg\",\"contentUrl\":\"https:\/\/www.vkpbratislava.sk\/wp-content\/uploads\/2021\/10\/DSC_9495-scaled.jpg\",\"width\":2560,\"height\":1707},{\"@type\":\"BreadcrumbList\",\"@id\":\"https:\/\/www.vkpbratislava.sk\/?p=7566#breadcrumb\",\"itemListElement\":[{\"@type\":\"ListItem\",\"position\":1,\"name\":\"Domov\",\"item\":\"https:\/\/www.vkpbratislava.sk\/\"},{\"@type\":\"ListItem\",\"position\":2,\"name\":\"\u017deny po tajbrejku s\u00a0dvoma bodmi, mu\u017ei napr\u00e1zdno\"}]},{\"@type\":\"WebSite\",\"@id\":\"https:\/\/www.vkpbratislava.sk\/#website\",\"url\":\"https:\/\/www.vkpbratislava.sk\/\",\"name\":\"VK SLOVAN Bratislava\",\"description\":\"Volejbalov\u00fd klub\",\"publisher\":{\"@id\":\"https:\/\/www.vkpbratislava.sk\/#organization\"},\"potentialAction\":[{\"@type\":\"SearchAction\",\"target\":{\"@type\":\"EntryPoint\",\"urlTemplate\":\"https:\/\/www.vkpbratislava.sk\/?s={search_term_string}\"},\"query-input\":{\"@type\":\"PropertyValueSpecification\",\"valueRequired\":true,\"valueName\":\"search_term_string\"}}],\"inLanguage\":\"sk-SK\"},{\"@type\":\"Organization\",\"@id\":\"https:\/\/www.vkpbratislava.sk\/#organization\",\"name\":\"VKP Bratislava\",\"url\":\"https:\/\/www.vkpbratislava.sk\/\",\"logo\":{\"@type\":\"ImageObject\",\"inLanguage\":\"sk-SK\",\"@id\":\"https:\/\/www.vkpbratislava.sk\/#\/schema\/logo\/image\/\",\"url\":\"https:\/\/www.vkpbratislava.sk\/wp-content\/uploads\/2020\/10\/vkpBA.png\",\"contentUrl\":\"https:\/\/www.vkpbratislava.sk\/wp-content\/uploads\/2020\/10\/vkpBA.png\",\"width\":600,\"height\":600,\"caption\":\"VKP Bratislava\"},\"image\":{\"@id\":\"https:\/\/www.vkpbratislava.sk\/#\/schema\/logo\/image\/\"}},{\"@type\":\"Person\",\"@id\":\"https:\/\/www.vkpbratislava.sk\/#\/schema\/person\/7037e769f9515aa58493d1b5852c4c50\",\"name\":\"jenca\",\"image\":{\"@type\":\"ImageObject\",\"inLanguage\":\"sk-SK\",\"@id\":\"https:\/\/www.vkpbratislava.sk\/#\/schema\/person\/image\/\",\"url\":\"https:\/\/secure.gravatar.com\/avatar\/67aa89e9aab2911bbd0c6fbf0a891ea8d80c207c9b6a6e2c96e13fc2f16e536d?s=96&d=mm&r=g\",\"contentUrl\":\"https:\/\/secure.gravatar.com\/avatar\/67aa89e9aab2911bbd0c6fbf0a891ea8d80c207c9b6a6e2c96e13fc2f16e536d?s=96&d=mm&r=g\",\"caption\":\"jenca\"},\"url\":\"https:\/\/www.vkpbratislava.sk\/?author=3\"}]}<\/script>\n<!-- \/ Yoast SEO plugin. -->","yoast_head_json":{"title":"\u017deny po tajbrejku s\u00a0dvoma bodmi, mu\u017ei napr\u00e1zdno - VK SLOVAN Bratislava","description":"Po sobot\u0148aj\u0161\u00edch z\u00e1pasoch extraligy m\u00f4\u017eu by\u0165 \u017eeny VKP Bratislava spokojnej\u0161ie ako mu\u017ei. Na dom\u00e1cej palubovke porazili Projekt RD SVF 3:2, k\u00fdm zverenci Mat\u00fa\u0161a kaln\u00e9ho prehrali v\u00a0Pre\u0161ove 1:3.","robots":{"index":"index","follow":"follow","max-snippet":"max-snippet:-1","max-image-preview":"max-image-preview:large","max-video-preview":"max-video-preview:-1"},"canonical":"https:\/\/www.vkpbratislava.sk\/?p=7566","og_locale":"sk_SK","og_type":"article","og_title":"\u017deny po tajbrejku s\u00a0dvoma bodmi, mu\u017ei napr\u00e1zdno - VK SLOVAN Bratislava","og_description":"Po sobot\u0148aj\u0161\u00edch z\u00e1pasoch extraligy m\u00f4\u017eu by\u0165 \u017eeny VKP Bratislava spokojnej\u0161ie ako mu\u017ei. Na dom\u00e1cej palubovke porazili Projekt RD SVF 3:2, k\u00fdm zverenci Mat\u00fa\u0161a kaln\u00e9ho prehrali v\u00a0Pre\u0161ove 1:3.","og_url":"https:\/\/www.vkpbratislava.sk\/?p=7566","og_site_name":"VK SLOVAN Bratislava","article_published_time":"2021-10-31T09:15:30+00:00","og_image":[{"width":2560,"height":1707,"url":"https:\/\/www.vkpbratislava.sk\/wp-content\/uploads\/2021\/10\/DSC_9495-scaled.jpg","type":"image\/jpeg"}],"author":"jenca","twitter_card":"summary_large_image","twitter_misc":{"Autor":"jenca","Predpokladan\u00fd \u010das \u010d\u00edtania":"2 min\u00faty"},"schema":{"@context":"https:\/\/schema.org","@graph":[{"@type":"Article","@id":"https:\/\/www.vkpbratislava.sk\/?p=7566#article","isPartOf":{"@id":"https:\/\/www.vkpbratislava.sk\/?p=7566"},"author":{"name":"jenca","@id":"https:\/\/www.vkpbratislava.sk\/#\/schema\/person\/7037e769f9515aa58493d1b5852c4c50"},"headline":"\u017deny po tajbrejku s\u00a0dvoma bodmi, mu\u017ei napr\u00e1zdno","datePublished":"2021-10-31T09:15:30+00:00","mainEntityOfPage":{"@id":"https:\/\/www.vkpbratislava.sk\/?p=7566"},"wordCount":366,"publisher":{"@id":"https:\/\/www.vkpbratislava.sk\/#organization"},"image":{"@id":"https:\/\/www.vkpbratislava.sk\/?p=7566#primaryimage"},"thumbnailUrl":"https:\/\/www.vkpbratislava.sk\/wp-content\/uploads\/2021\/10\/DSC_9495-scaled.jpg","articleSection":["Mu\u017ei","\u017deny"],"inLanguage":"sk-SK"},{"@type":"WebPage","@id":"https:\/\/www.vkpbratislava.sk\/?p=7566","url":"https:\/\/www.vkpbratislava.sk\/?p=7566","name":"\u017deny po tajbrejku s\u00a0dvoma bodmi, mu\u017ei napr\u00e1zdno - VK SLOVAN Bratislava","isPartOf":{"@id":"https:\/\/www.vkpbratislava.sk\/#website"},"primaryImageOfPage":{"@id":"https:\/\/www.vkpbratislava.sk\/?p=7566#primaryimage"},"image":{"@id":"https:\/\/www.vkpbratislava.sk\/?p=7566#primaryimage"},"thumbnailUrl":"https:\/\/www.vkpbratislava.sk\/wp-content\/uploads\/2021\/10\/DSC_9495-scaled.jpg","datePublished":"2021-10-31T09:15:30+00:00","description":"Po sobot\u0148aj\u0161\u00edch z\u00e1pasoch extraligy m\u00f4\u017eu by\u0165 \u017eeny VKP Bratislava spokojnej\u0161ie ako mu\u017ei. Na dom\u00e1cej palubovke porazili Projekt RD SVF 3:2, k\u00fdm zverenci Mat\u00fa\u0161a kaln\u00e9ho prehrali v\u00a0Pre\u0161ove 1:3.","breadcrumb":{"@id":"https:\/\/www.vkpbratislava.sk\/?p=7566#breadcrumb"},"inLanguage":"sk-SK","potentialAction":[{"@type":"ReadAction","target":["https:\/\/www.vkpbratislava.sk\/?p=7566"]}]},{"@type":"ImageObject","inLanguage":"sk-SK","@id":"https:\/\/www.vkpbratislava.sk\/?p=7566#primaryimage","url":"https:\/\/www.vkpbratislava.sk\/wp-content\/uploads\/2021\/10\/DSC_9495-scaled.jpg","contentUrl":"https:\/\/www.vkpbratislava.sk\/wp-content\/uploads\/2021\/10\/DSC_9495-scaled.jpg","width":2560,"height":1707},{"@type":"BreadcrumbList","@id":"https:\/\/www.vkpbratislava.sk\/?p=7566#breadcrumb","itemListElement":[{"@type":"ListItem","position":1,"name":"Domov","item":"https:\/\/www.vkpbratislava.sk\/"},{"@type":"ListItem","position":2,"name":"\u017deny po tajbrejku s\u00a0dvoma bodmi, mu\u017ei napr\u00e1zdno"}]},{"@type":"WebSite","@id":"https:\/\/www.vkpbratislava.sk\/#website","url":"https:\/\/www.vkpbratislava.sk\/","name":"VK SLOVAN Bratislava","description":"Volejbalov\u00fd klub","publisher":{"@id":"https:\/\/www.vkpbratislava.sk\/#organization"},"potentialAction":[{"@type":"SearchAction","target":{"@type":"EntryPoint","urlTemplate":"https:\/\/www.vkpbratislava.sk\/?s={search_term_string}"},"query-input":{"@type":"PropertyValueSpecification","valueRequired":true,"valueName":"search_term_string"}}],"inLanguage":"sk-SK"},{"@type":"Organization","@id":"https:\/\/www.vkpbratislava.sk\/#organization","name":"VKP Bratislava","url":"https:\/\/www.vkpbratislava.sk\/","logo":{"@type":"ImageObject","inLanguage":"sk-SK","@id":"https:\/\/www.vkpbratislava.sk\/#\/schema\/logo\/image\/","url":"https:\/\/www.vkpbratislava.sk\/wp-content\/uploads\/2020\/10\/vkpBA.png","contentUrl":"https:\/\/www.vkpbratislava.sk\/wp-content\/uploads\/2020\/10\/vkpBA.png","width":600,"height":600,"caption":"VKP Bratislava"},"image":{"@id":"https:\/\/www.vkpbratislava.sk\/#\/schema\/logo\/image\/"}},{"@type":"Person","@id":"https:\/\/www.vkpbratislava.sk\/#\/schema\/person\/7037e769f9515aa58493d1b5852c4c50","name":"jenca","image":{"@type":"ImageObject","inLanguage":"sk-SK","@id":"https:\/\/www.vkpbratislava.sk\/#\/schema\/person\/image\/","url":"https:\/\/secure.gravatar.com\/avatar\/67aa89e9aab2911bbd0c6fbf0a891ea8d80c207c9b6a6e2c96e13fc2f16e536d?s=96&d=mm&r=g","contentUrl":"https:\/\/secure.gravatar.com\/avatar\/67aa89e9aab2911bbd0c6fbf0a891ea8d80c207c9b6a6e2c96e13fc2f16e536d?s=96&d=mm&r=g","caption":"jenca"},"url":"https:\/\/www.vkpbratislava.sk\/?author=3"}]}},"_links":{"self":[{"href":"https:\/\/www.vkpbratislava.sk\/index.php?rest_route=\/wp\/v2\/posts\/7566","targetHints":{"allow":["GET"]}}],"collection":[{"href":"https:\/\/www.vkpbratislava.sk\/index.php?rest_route=\/wp\/v2\/posts"}],"about":[{"href":"https:\/\/www.vkpbratislava.sk\/index.php?rest_route=\/wp\/v2\/types\/post"}],"author":[{"embeddable":true,"href":"https:\/\/www.vkpbratislava.sk\/index.php?rest_route=\/wp\/v2\/users\/3"}],"replies":[{"embeddable":true,"href":"https:\/\/www.vkpbratislava.sk\/index.php?rest_route=%2Fwp%2Fv2%2Fcomments&post=7566"}],"version-history":[{"count":1,"href":"https:\/\/www.vkpbratislava.sk\/index.php?rest_route=\/wp\/v2\/posts\/7566\/revisions"}],"predecessor-version":[{"id":7623,"href":"https:\/\/www.vkpbratislava.sk\/index.php?rest_route=\/wp\/v2\/posts\/7566\/revisions\/7623"}],"wp:featuredmedia":[{"embeddable":true,"href":"https:\/\/www.vkpbratislava.sk\/index.php?rest_route=\/wp\/v2\/media\/7611"}],"wp:attachment":[{"href":"https:\/\/www.vkpbratislava.sk\/index.php?rest_route=%2Fwp%2Fv2%2Fmedia&parent=7566"}],"wp:term":[{"taxonomy":"category","embeddable":true,"href":"https:\/\/www.vkpbratislava.sk\/index.php?rest_route=%2Fwp%2Fv2%2Fcategories&post=7566"},{"taxonomy":"post_tag","embeddable":true,"href":"https:\/\/www.vkpbratislava.sk\/index.php?rest_route=%2Fwp%2Fv2%2Ftags&post=7566"}],"curies":[{"name":"wp","href":"https:\/\/api.w.org\/{rel}","templated":true}]}}