{"id":7628,"date":"2021-11-01T16:10:25","date_gmt":"2021-11-01T15:10:25","guid":{"rendered":"https:\/\/www.vkpbratislava.sk\/?p=7628"},"modified":"2021-11-01T16:10:25","modified_gmt":"2021-11-01T15:10:25","slug":"dievcata-uz-su-v-atenach-ubytovali-sa-pri-mori","status":"publish","type":"post","link":"https:\/\/www.vkpbratislava.sk\/?p=7628","title":{"rendered":"Diev\u010dat\u00e1 u\u017e s\u00fa v\u00a0At\u00e9nach, ubytovali sa pri mori"},"content":{"rendered":"<p><strong>Na volejbalistky VKP Bratislava \u010dak\u00e1 odvetn\u00fd z\u00e1pas 1. kola Challenge Cupu proti at\u00e9nskemu t\u00edmu ASP Thetis Voula (utorok, 2. novembra o\u00a020.00 h).<\/strong><\/p>\n<p>V\u00fdprava sa v\u00a0pondelok r\u00e1no presunula z\u00a0Bratislavy autobusom na viedensk\u00e9 letisko Schwechat odkia\u013e sa Airbusom gr\u00e9ckych aerol\u00edni\u00ed presunula do At\u00e9n, kde prist\u00e1li o\u00a014-tej hodine miestneho \u010dasu. Oproti Slovensku je v\u00a0Gr\u00e9cku o\u00a0hodinu viac. \u201eLietanie milujem a\u00a0Gr\u00e9cko tie\u017e,\u201c vyhl\u00e1sila pred odletom opora t\u00edmu Zuzana P\u00edse\u010dn\u00e1. \u201eNav\u0161t\u00edvila som viacer\u00e9 gr\u00e9cke ostrovy. Ka\u017ed\u00fd z\u00a0nich je nie\u010d\u00edm \u0161pecifick\u00fd. Zbo\u017e\u0148ujem architekt\u00faru bielo-modr\u00fdch dom\u010dekov a\u00a0more, ktor\u00e9 je v\u017edy kr\u00e1sne. Kombin\u00e1cia toho je fakt \u00fa\u017easn\u00e1,\u201c dodala. \u201ePolicajtky\u201c priv\u00edtalo pod Akropolou kraj\u0161ie po\u010dasie ako u n\u00e1s, ru\u010di\u010dka teplomera ukazovala 19 stup\u0148ov Celzia, ale bolo pod mrakom. Na parkovisku letiska n\u00e1s u\u017e \u010dakal klubov\u00fd autobus n\u00e1\u0161ho s\u00fapera, ktor\u00fd odviezol v\u00fdpravu do \u0161tvorhviezdi\u010dkov\u00e9ho hotela Coral, ktor\u00fd sa nach\u00e1dza priamo pri mori v\u00a0at\u00e9nskej \u0161tvrti Paleo Faliro.<\/p>\n<h6>Potr\u00e1pi\u0165 Thetis<\/h6>\n<p>V\u00a0dvadsa\u0165\u010dlennej v\u00fdprave VKP sa nach\u00e1dza 12 hr\u00e1\u010dok, ktor\u00e9 pod tr\u00e9nersk\u00fdm tandemom Jaroslav Han\u010d\u00e1k a\u00a0R\u00f3bert Rodzi\u0148\u00e1k dnes ve\u010der o\u00a020-tej hodine absolvuj\u00fa predz\u00e1pasov\u00fd tr\u00e9ning, v\u00a0utorok dopoludnia si dopraj\u00fa men\u0161iu rozcvi\u010dku e ve\u010der o\u00a020.00 hod. tunaj\u0161ieho \u010dasu (o 19.00 h slovensk\u00e9ho \u010dasu) nast\u00fapia do odvety. V\u00a0prvom z\u00e1pase v\u00a0Bratislave zv\u00ed\u0165azil ASP Thetis 3:0, tak\u017ee VKP m\u00e1 svojmu s\u00faperovi v\u00a0Challenge Cupe \u010do vraca\u0165. \u201eTe\u0161\u00edme sa na v\u00fdlet, ale aj na s\u00fapera, aby sme im dopriali poriadnu odvetu,\u201c povedala sk\u00fasen\u00e1 Alexandra Vajdov\u00e1, ktor\u00e1 zav\u00edtala do krajiny, kde v\u00a0minulosti p\u00f4sobila. \u201ePosna\u017e\u00edme sa odohra\u0165 dobr\u00fd z\u00e1pas. Ur\u010dite chceme hra\u0165 lep\u0161ie v\u00a0\u00fatoku ako sme hrali doma, to mus\u00edme zlep\u0161i\u0165. Ak sa podar\u00ed uchmatn\u00fa\u0165 set, mo\u017eno viac, budeme radi,\u201c doplnil tr\u00e9ner Jaroslav Han\u010d\u00e1k.<\/p>\n<div id='gallery-1' class='gallery galleryid-7628 gallery-columns-3 gallery-size-thumbnail'><figure class='gallery-item'>\n\t\t\t<div class='gallery-icon landscape'>\n\t\t\t\t<a href='https:\/\/www.vkpbratislava.sk\/?attachment_id=7652'><img loading=\"lazy\" decoding=\"async\" width=\"160\" height=\"160\" src=\"https:\/\/www.vkpbratislava.sk\/wp-content\/uploads\/2021\/11\/DF1A8645-160x160.jpg\" class=\"attachment-thumbnail size-thumbnail\" alt=\"\" srcset=\"https:\/\/www.vkpbratislava.sk\/wp-content\/uploads\/2021\/11\/DF1A8645-160x160.jpg 160w, https:\/\/www.vkpbratislava.sk\/wp-content\/uploads\/2021\/11\/DF1A8645-320x320.jpg 320w, https:\/\/www.vkpbratislava.sk\/wp-content\/uploads\/2021\/11\/DF1A8645-640x640.jpg 640w, https:\/\/www.vkpbratislava.sk\/wp-content\/uploads\/2021\/11\/DF1A8645-1280x1280.jpg 1280w, https:\/\/www.vkpbratislava.sk\/wp-content\/uploads\/2021\/11\/DF1A8645-600x600.jpg 600w, https:\/\/www.vkpbratislava.sk\/wp-content\/uploads\/2021\/11\/DF1A8645-100x100.jpg 100w\" sizes=\"auto, (max-width: 160px) 100vw, 160px\" \/><\/a>\n\t\t\t<\/div><\/figure><figure class='gallery-item'>\n\t\t\t<div class='gallery-icon landscape'>\n\t\t\t\t<a href='https:\/\/www.vkpbratislava.sk\/?attachment_id=7651'><img loading=\"lazy\" decoding=\"async\" width=\"160\" height=\"160\" src=\"https:\/\/www.vkpbratislava.sk\/wp-content\/uploads\/2021\/11\/DF1A8650-160x160.jpg\" class=\"attachment-thumbnail size-thumbnail\" alt=\"\" srcset=\"https:\/\/www.vkpbratislava.sk\/wp-content\/uploads\/2021\/11\/DF1A8650-160x160.jpg 160w, https:\/\/www.vkpbratislava.sk\/wp-content\/uploads\/2021\/11\/DF1A8650-320x320.jpg 320w, https:\/\/www.vkpbratislava.sk\/wp-content\/uploads\/2021\/11\/DF1A8650-640x640.jpg 640w, https:\/\/www.vkpbratislava.sk\/wp-content\/uploads\/2021\/11\/DF1A8650-1280x1280.jpg 1280w, https:\/\/www.vkpbratislava.sk\/wp-content\/uploads\/2021\/11\/DF1A8650-600x600.jpg 600w, https:\/\/www.vkpbratislava.sk\/wp-content\/uploads\/2021\/11\/DF1A8650-100x100.jpg 100w\" sizes=\"auto, (max-width: 160px) 100vw, 160px\" \/><\/a>\n\t\t\t<\/div><\/figure><figure class='gallery-item'>\n\t\t\t<div class='gallery-icon landscape'>\n\t\t\t\t<a href='https:\/\/www.vkpbratislava.sk\/?attachment_id=7650'><img loading=\"lazy\" decoding=\"async\" width=\"160\" height=\"160\" src=\"https:\/\/www.vkpbratislava.sk\/wp-content\/uploads\/2021\/11\/DF1A8647-160x160.jpg\" class=\"attachment-thumbnail size-thumbnail\" alt=\"\" srcset=\"https:\/\/www.vkpbratislava.sk\/wp-content\/uploads\/2021\/11\/DF1A8647-160x160.jpg 160w, https:\/\/www.vkpbratislava.sk\/wp-content\/uploads\/2021\/11\/DF1A8647-320x320.jpg 320w, https:\/\/www.vkpbratislava.sk\/wp-content\/uploads\/2021\/11\/DF1A8647-640x640.jpg 640w, https:\/\/www.vkpbratislava.sk\/wp-content\/uploads\/2021\/11\/DF1A8647-1280x1280.jpg 1280w, https:\/\/www.vkpbratislava.sk\/wp-content\/uploads\/2021\/11\/DF1A8647-600x600.jpg 600w, https:\/\/www.vkpbratislava.sk\/wp-content\/uploads\/2021\/11\/DF1A8647-100x100.jpg 100w\" sizes=\"auto, (max-width: 160px) 100vw, 160px\" \/><\/a>\n\t\t\t<\/div><\/figure><figure class='gallery-item'>\n\t\t\t<div class='gallery-icon landscape'>\n\t\t\t\t<a href='https:\/\/www.vkpbratislava.sk\/?attachment_id=7649'><img loading=\"lazy\" decoding=\"async\" width=\"160\" height=\"160\" src=\"https:\/\/www.vkpbratislava.sk\/wp-content\/uploads\/2021\/11\/DF1A8656-160x160.jpg\" class=\"attachment-thumbnail size-thumbnail\" alt=\"\" srcset=\"https:\/\/www.vkpbratislava.sk\/wp-content\/uploads\/2021\/11\/DF1A8656-160x160.jpg 160w, https:\/\/www.vkpbratislava.sk\/wp-content\/uploads\/2021\/11\/DF1A8656-320x320.jpg 320w, https:\/\/www.vkpbratislava.sk\/wp-content\/uploads\/2021\/11\/DF1A8656-640x640.jpg 640w, https:\/\/www.vkpbratislava.sk\/wp-content\/uploads\/2021\/11\/DF1A8656-1280x1280.jpg 1280w, https:\/\/www.vkpbratislava.sk\/wp-content\/uploads\/2021\/11\/DF1A8656-600x600.jpg 600w, https:\/\/www.vkpbratislava.sk\/wp-content\/uploads\/2021\/11\/DF1A8656-100x100.jpg 100w\" sizes=\"auto, (max-width: 160px) 100vw, 160px\" \/><\/a>\n\t\t\t<\/div><\/figure><figure class='gallery-item'>\n\t\t\t<div class='gallery-icon landscape'>\n\t\t\t\t<a href='https:\/\/www.vkpbratislava.sk\/?attachment_id=7648'><img loading=\"lazy\" decoding=\"async\" width=\"160\" height=\"160\" src=\"https:\/\/www.vkpbratislava.sk\/wp-content\/uploads\/2021\/11\/DF1A8640-160x160.jpg\" class=\"attachment-thumbnail size-thumbnail\" alt=\"\" srcset=\"https:\/\/www.vkpbratislava.sk\/wp-content\/uploads\/2021\/11\/DF1A8640-160x160.jpg 160w, https:\/\/www.vkpbratislava.sk\/wp-content\/uploads\/2021\/11\/DF1A8640-320x320.jpg 320w, https:\/\/www.vkpbratislava.sk\/wp-content\/uploads\/2021\/11\/DF1A8640-640x640.jpg 640w, https:\/\/www.vkpbratislava.sk\/wp-content\/uploads\/2021\/11\/DF1A8640-1280x1280.jpg 1280w, https:\/\/www.vkpbratislava.sk\/wp-content\/uploads\/2021\/11\/DF1A8640-600x600.jpg 600w, https:\/\/www.vkpbratislava.sk\/wp-content\/uploads\/2021\/11\/DF1A8640-100x100.jpg 100w\" sizes=\"auto, (max-width: 160px) 100vw, 160px\" \/><\/a>\n\t\t\t<\/div><\/figure><figure class='gallery-item'>\n\t\t\t<div class='gallery-icon landscape'>\n\t\t\t\t<a href='https:\/\/www.vkpbratislava.sk\/?attachment_id=7643'><img loading=\"lazy\" decoding=\"async\" width=\"160\" height=\"160\" src=\"https:\/\/www.vkpbratislava.sk\/wp-content\/uploads\/2021\/11\/DF1A8620-160x160.jpg\" class=\"attachment-thumbnail size-thumbnail\" alt=\"\" srcset=\"https:\/\/www.vkpbratislava.sk\/wp-content\/uploads\/2021\/11\/DF1A8620-160x160.jpg 160w, https:\/\/www.vkpbratislava.sk\/wp-content\/uploads\/2021\/11\/DF1A8620-320x320.jpg 320w, https:\/\/www.vkpbratislava.sk\/wp-content\/uploads\/2021\/11\/DF1A8620-640x640.jpg 640w, https:\/\/www.vkpbratislava.sk\/wp-content\/uploads\/2021\/11\/DF1A8620-1280x1280.jpg 1280w, https:\/\/www.vkpbratislava.sk\/wp-content\/uploads\/2021\/11\/DF1A8620-600x600.jpg 600w, https:\/\/www.vkpbratislava.sk\/wp-content\/uploads\/2021\/11\/DF1A8620-100x100.jpg 100w\" sizes=\"auto, (max-width: 160px) 100vw, 160px\" \/><\/a>\n\t\t\t<\/div><\/figure><figure class='gallery-item'>\n\t\t\t<div class='gallery-icon landscape'>\n\t\t\t\t<a href='https:\/\/www.vkpbratislava.sk\/?attachment_id=7644'><img loading=\"lazy\" decoding=\"async\" width=\"160\" height=\"160\" src=\"https:\/\/www.vkpbratislava.sk\/wp-content\/uploads\/2021\/11\/DF1A8608-160x160.jpg\" class=\"attachment-thumbnail size-thumbnail\" alt=\"\" srcset=\"https:\/\/www.vkpbratislava.sk\/wp-content\/uploads\/2021\/11\/DF1A8608-160x160.jpg 160w, https:\/\/www.vkpbratislava.sk\/wp-content\/uploads\/2021\/11\/DF1A8608-320x320.jpg 320w, https:\/\/www.vkpbratislava.sk\/wp-content\/uploads\/2021\/11\/DF1A8608-640x640.jpg 640w, https:\/\/www.vkpbratislava.sk\/wp-content\/uploads\/2021\/11\/DF1A8608-1280x1280.jpg 1280w, https:\/\/www.vkpbratislava.sk\/wp-content\/uploads\/2021\/11\/DF1A8608-600x600.jpg 600w, https:\/\/www.vkpbratislava.sk\/wp-content\/uploads\/2021\/11\/DF1A8608-100x100.jpg 100w\" sizes=\"auto, (max-width: 160px) 100vw, 160px\" \/><\/a>\n\t\t\t<\/div><\/figure><figure class='gallery-item'>\n\t\t\t<div class='gallery-icon landscape'>\n\t\t\t\t<a href='https:\/\/www.vkpbratislava.sk\/?attachment_id=7645'><img loading=\"lazy\" decoding=\"async\" width=\"160\" height=\"160\" src=\"https:\/\/www.vkpbratislava.sk\/wp-content\/uploads\/2021\/11\/DF1A8631-160x160.jpg\" class=\"attachment-thumbnail size-thumbnail\" alt=\"\" srcset=\"https:\/\/www.vkpbratislava.sk\/wp-content\/uploads\/2021\/11\/DF1A8631-160x160.jpg 160w, https:\/\/www.vkpbratislava.sk\/wp-content\/uploads\/2021\/11\/DF1A8631-320x320.jpg 320w, https:\/\/www.vkpbratislava.sk\/wp-content\/uploads\/2021\/11\/DF1A8631-640x640.jpg 640w, https:\/\/www.vkpbratislava.sk\/wp-content\/uploads\/2021\/11\/DF1A8631-1280x1280.jpg 1280w, https:\/\/www.vkpbratislava.sk\/wp-content\/uploads\/2021\/11\/DF1A8631-600x600.jpg 600w, https:\/\/www.vkpbratislava.sk\/wp-content\/uploads\/2021\/11\/DF1A8631-100x100.jpg 100w\" sizes=\"auto, (max-width: 160px) 100vw, 160px\" \/><\/a>\n\t\t\t<\/div><\/figure><figure class='gallery-item'>\n\t\t\t<div class='gallery-icon landscape'>\n\t\t\t\t<a href='https:\/\/www.vkpbratislava.sk\/?attachment_id=7646'><img loading=\"lazy\" decoding=\"async\" width=\"160\" height=\"160\" src=\"https:\/\/www.vkpbratislava.sk\/wp-content\/uploads\/2021\/11\/DF1A8625-160x160.jpg\" class=\"attachment-thumbnail size-thumbnail\" alt=\"\" srcset=\"https:\/\/www.vkpbratislava.sk\/wp-content\/uploads\/2021\/11\/DF1A8625-160x160.jpg 160w, https:\/\/www.vkpbratislava.sk\/wp-content\/uploads\/2021\/11\/DF1A8625-320x320.jpg 320w, https:\/\/www.vkpbratislava.sk\/wp-content\/uploads\/2021\/11\/DF1A8625-640x640.jpg 640w, https:\/\/www.vkpbratislava.sk\/wp-content\/uploads\/2021\/11\/DF1A8625-1280x1280.jpg 1280w, https:\/\/www.vkpbratislava.sk\/wp-content\/uploads\/2021\/11\/DF1A8625-600x600.jpg 600w, https:\/\/www.vkpbratislava.sk\/wp-content\/uploads\/2021\/11\/DF1A8625-100x100.jpg 100w\" sizes=\"auto, (max-width: 160px) 100vw, 160px\" \/><\/a>\n\t\t\t<\/div><\/figure><figure class='gallery-item'>\n\t\t\t<div class='gallery-icon landscape'>\n\t\t\t\t<a href='https:\/\/www.vkpbratislava.sk\/?attachment_id=7642'><img loading=\"lazy\" decoding=\"async\" width=\"160\" height=\"160\" src=\"https:\/\/www.vkpbratislava.sk\/wp-content\/uploads\/2021\/11\/DF1A8635-160x160.jpg\" class=\"attachment-thumbnail size-thumbnail\" alt=\"\" srcset=\"https:\/\/www.vkpbratislava.sk\/wp-content\/uploads\/2021\/11\/DF1A8635-160x160.jpg 160w, https:\/\/www.vkpbratislava.sk\/wp-content\/uploads\/2021\/11\/DF1A8635-320x320.jpg 320w, https:\/\/www.vkpbratislava.sk\/wp-content\/uploads\/2021\/11\/DF1A8635-640x640.jpg 640w, https:\/\/www.vkpbratislava.sk\/wp-content\/uploads\/2021\/11\/DF1A8635-1280x1280.jpg 1280w, https:\/\/www.vkpbratislava.sk\/wp-content\/uploads\/2021\/11\/DF1A8635-600x600.jpg 600w, https:\/\/www.vkpbratislava.sk\/wp-content\/uploads\/2021\/11\/DF1A8635-100x100.jpg 100w\" sizes=\"auto, (max-width: 160px) 100vw, 160px\" \/><\/a>\n\t\t\t<\/div><\/figure><figure class='gallery-item'>\n\t\t\t<div class='gallery-icon landscape'>\n\t\t\t\t<a href='https:\/\/www.vkpbratislava.sk\/?attachment_id=7641'><img loading=\"lazy\" decoding=\"async\" width=\"160\" height=\"160\" src=\"https:\/\/www.vkpbratislava.sk\/wp-content\/uploads\/2021\/11\/DF1A8636-160x160.jpg\" class=\"attachment-thumbnail size-thumbnail\" alt=\"\" srcset=\"https:\/\/www.vkpbratislava.sk\/wp-content\/uploads\/2021\/11\/DF1A8636-160x160.jpg 160w, https:\/\/www.vkpbratislava.sk\/wp-content\/uploads\/2021\/11\/DF1A8636-320x320.jpg 320w, https:\/\/www.vkpbratislava.sk\/wp-content\/uploads\/2021\/11\/DF1A8636-640x640.jpg 640w, https:\/\/www.vkpbratislava.sk\/wp-content\/uploads\/2021\/11\/DF1A8636-1280x1280.jpg 1280w, https:\/\/www.vkpbratislava.sk\/wp-content\/uploads\/2021\/11\/DF1A8636-600x600.jpg 600w, https:\/\/www.vkpbratislava.sk\/wp-content\/uploads\/2021\/11\/DF1A8636-100x100.jpg 100w\" sizes=\"auto, (max-width: 160px) 100vw, 160px\" \/><\/a>\n\t\t\t<\/div><\/figure><figure class='gallery-item'>\n\t\t\t<div class='gallery-icon landscape'>\n\t\t\t\t<a href='https:\/\/www.vkpbratislava.sk\/?attachment_id=7640'><img loading=\"lazy\" decoding=\"async\" width=\"160\" height=\"160\" src=\"https:\/\/www.vkpbratislava.sk\/wp-content\/uploads\/2021\/11\/DF1A8607-160x160.jpg\" class=\"attachment-thumbnail size-thumbnail\" alt=\"\" srcset=\"https:\/\/www.vkpbratislava.sk\/wp-content\/uploads\/2021\/11\/DF1A8607-160x160.jpg 160w, https:\/\/www.vkpbratislava.sk\/wp-content\/uploads\/2021\/11\/DF1A8607-320x320.jpg 320w, https:\/\/www.vkpbratislava.sk\/wp-content\/uploads\/2021\/11\/DF1A8607-640x640.jpg 640w, https:\/\/www.vkpbratislava.sk\/wp-content\/uploads\/2021\/11\/DF1A8607-1280x1280.jpg 1280w, https:\/\/www.vkpbratislava.sk\/wp-content\/uploads\/2021\/11\/DF1A8607-600x600.jpg 600w, https:\/\/www.vkpbratislava.sk\/wp-content\/uploads\/2021\/11\/DF1A8607-100x100.jpg 100w\" sizes=\"auto, (max-width: 160px) 100vw, 160px\" \/><\/a>\n\t\t\t<\/div><\/figure><figure class='gallery-item'>\n\t\t\t<div class='gallery-icon landscape'>\n\t\t\t\t<a href='https:\/\/www.vkpbratislava.sk\/?attachment_id=7639'><img loading=\"lazy\" decoding=\"async\" width=\"160\" height=\"160\" src=\"https:\/\/www.vkpbratislava.sk\/wp-content\/uploads\/2021\/11\/DF1A8606-160x160.jpg\" class=\"attachment-thumbnail size-thumbnail\" alt=\"\" srcset=\"https:\/\/www.vkpbratislava.sk\/wp-content\/uploads\/2021\/11\/DF1A8606-160x160.jpg 160w, https:\/\/www.vkpbratislava.sk\/wp-content\/uploads\/2021\/11\/DF1A8606-320x320.jpg 320w, https:\/\/www.vkpbratislava.sk\/wp-content\/uploads\/2021\/11\/DF1A8606-640x640.jpg 640w, https:\/\/www.vkpbratislava.sk\/wp-content\/uploads\/2021\/11\/DF1A8606-1280x1280.jpg 1280w, https:\/\/www.vkpbratislava.sk\/wp-content\/uploads\/2021\/11\/DF1A8606-600x600.jpg 600w, https:\/\/www.vkpbratislava.sk\/wp-content\/uploads\/2021\/11\/DF1A8606-100x100.jpg 100w\" sizes=\"auto, (max-width: 160px) 100vw, 160px\" \/><\/a>\n\t\t\t<\/div><\/figure><figure class='gallery-item'>\n\t\t\t<div class='gallery-icon landscape'>\n\t\t\t\t<a href='https:\/\/www.vkpbratislava.sk\/?attachment_id=7638'><img loading=\"lazy\" decoding=\"async\" width=\"160\" height=\"160\" src=\"https:\/\/www.vkpbratislava.sk\/wp-content\/uploads\/2021\/11\/DF1A8612-160x160.jpg\" class=\"attachment-thumbnail size-thumbnail\" alt=\"\" srcset=\"https:\/\/www.vkpbratislava.sk\/wp-content\/uploads\/2021\/11\/DF1A8612-160x160.jpg 160w, https:\/\/www.vkpbratislava.sk\/wp-content\/uploads\/2021\/11\/DF1A8612-320x320.jpg 320w, https:\/\/www.vkpbratislava.sk\/wp-content\/uploads\/2021\/11\/DF1A8612-640x640.jpg 640w, https:\/\/www.vkpbratislava.sk\/wp-content\/uploads\/2021\/11\/DF1A8612-1280x1280.jpg 1280w, https:\/\/www.vkpbratislava.sk\/wp-content\/uploads\/2021\/11\/DF1A8612-600x600.jpg 600w, https:\/\/www.vkpbratislava.sk\/wp-content\/uploads\/2021\/11\/DF1A8612-100x100.jpg 100w\" sizes=\"auto, (max-width: 160px) 100vw, 160px\" \/><\/a>\n\t\t\t<\/div><\/figure><figure class='gallery-item'>\n\t\t\t<div class='gallery-icon landscape'>\n\t\t\t\t<a href='https:\/\/www.vkpbratislava.sk\/?attachment_id=7637'><img loading=\"lazy\" decoding=\"async\" width=\"160\" height=\"160\" src=\"https:\/\/www.vkpbratislava.sk\/wp-content\/uploads\/2021\/11\/DF1A8604-160x160.jpg\" class=\"attachment-thumbnail size-thumbnail\" alt=\"\" srcset=\"https:\/\/www.vkpbratislava.sk\/wp-content\/uploads\/2021\/11\/DF1A8604-160x160.jpg 160w, https:\/\/www.vkpbratislava.sk\/wp-content\/uploads\/2021\/11\/DF1A8604-320x320.jpg 320w, https:\/\/www.vkpbratislava.sk\/wp-content\/uploads\/2021\/11\/DF1A8604-640x640.jpg 640w, https:\/\/www.vkpbratislava.sk\/wp-content\/uploads\/2021\/11\/DF1A8604-1280x1280.jpg 1280w, https:\/\/www.vkpbratislava.sk\/wp-content\/uploads\/2021\/11\/DF1A8604-600x600.jpg 600w, https:\/\/www.vkpbratislava.sk\/wp-content\/uploads\/2021\/11\/DF1A8604-100x100.jpg 100w\" sizes=\"auto, (max-width: 160px) 100vw, 160px\" \/><\/a>\n\t\t\t<\/div><\/figure><figure class='gallery-item'>\n\t\t\t<div class='gallery-icon landscape'>\n\t\t\t\t<a href='https:\/\/www.vkpbratislava.sk\/?attachment_id=7635'><img loading=\"lazy\" decoding=\"async\" width=\"160\" height=\"160\" src=\"https:\/\/www.vkpbratislava.sk\/wp-content\/uploads\/2021\/11\/DF1A8611-160x160.jpg\" class=\"attachment-thumbnail size-thumbnail\" alt=\"\" srcset=\"https:\/\/www.vkpbratislava.sk\/wp-content\/uploads\/2021\/11\/DF1A8611-160x160.jpg 160w, https:\/\/www.vkpbratislava.sk\/wp-content\/uploads\/2021\/11\/DF1A8611-320x320.jpg 320w, https:\/\/www.vkpbratislava.sk\/wp-content\/uploads\/2021\/11\/DF1A8611-640x640.jpg 640w, https:\/\/www.vkpbratislava.sk\/wp-content\/uploads\/2021\/11\/DF1A8611-1280x1280.jpg 1280w, https:\/\/www.vkpbratislava.sk\/wp-content\/uploads\/2021\/11\/DF1A8611-600x600.jpg 600w, https:\/\/www.vkpbratislava.sk\/wp-content\/uploads\/2021\/11\/DF1A8611-100x100.jpg 100w\" sizes=\"auto, (max-width: 160px) 100vw, 160px\" \/><\/a>\n\t\t\t<\/div><\/figure><figure class='gallery-item'>\n\t\t\t<div class='gallery-icon landscape'>\n\t\t\t\t<a href='https:\/\/www.vkpbratislava.sk\/?attachment_id=7634'><img loading=\"lazy\" decoding=\"async\" width=\"160\" height=\"160\" src=\"https:\/\/www.vkpbratislava.sk\/wp-content\/uploads\/2021\/11\/DF1A8629-160x160.jpg\" class=\"attachment-thumbnail size-thumbnail\" alt=\"\" srcset=\"https:\/\/www.vkpbratislava.sk\/wp-content\/uploads\/2021\/11\/DF1A8629-160x160.jpg 160w, https:\/\/www.vkpbratislava.sk\/wp-content\/uploads\/2021\/11\/DF1A8629-320x320.jpg 320w, https:\/\/www.vkpbratislava.sk\/wp-content\/uploads\/2021\/11\/DF1A8629-640x640.jpg 640w, https:\/\/www.vkpbratislava.sk\/wp-content\/uploads\/2021\/11\/DF1A8629-1280x1280.jpg 1280w, https:\/\/www.vkpbratislava.sk\/wp-content\/uploads\/2021\/11\/DF1A8629-600x600.jpg 600w, https:\/\/www.vkpbratislava.sk\/wp-content\/uploads\/2021\/11\/DF1A8629-100x100.jpg 100w\" sizes=\"auto, (max-width: 160px) 100vw, 160px\" \/><\/a>\n\t\t\t<\/div><\/figure><figure class='gallery-item'>\n\t\t\t<div class='gallery-icon landscape'>\n\t\t\t\t<a href='https:\/\/www.vkpbratislava.sk\/?attachment_id=7633'><img loading=\"lazy\" decoding=\"async\" width=\"160\" height=\"160\" src=\"https:\/\/www.vkpbratislava.sk\/wp-content\/uploads\/2021\/11\/DF1A8614-160x160.jpg\" class=\"attachment-thumbnail size-thumbnail\" alt=\"\" srcset=\"https:\/\/www.vkpbratislava.sk\/wp-content\/uploads\/2021\/11\/DF1A8614-160x160.jpg 160w, https:\/\/www.vkpbratislava.sk\/wp-content\/uploads\/2021\/11\/DF1A8614-320x320.jpg 320w, https:\/\/www.vkpbratislava.sk\/wp-content\/uploads\/2021\/11\/DF1A8614-640x640.jpg 640w, https:\/\/www.vkpbratislava.sk\/wp-content\/uploads\/2021\/11\/DF1A8614-1280x1280.jpg 1280w, https:\/\/www.vkpbratislava.sk\/wp-content\/uploads\/2021\/11\/DF1A8614-600x600.jpg 600w, https:\/\/www.vkpbratislava.sk\/wp-content\/uploads\/2021\/11\/DF1A8614-100x100.jpg 100w\" sizes=\"auto, (max-width: 160px) 100vw, 160px\" \/><\/a>\n\t\t\t<\/div><\/figure><figure class='gallery-item'>\n\t\t\t<div class='gallery-icon landscape'>\n\t\t\t\t<a href='https:\/\/www.vkpbratislava.sk\/?attachment_id=7632'><img loading=\"lazy\" decoding=\"async\" width=\"160\" height=\"160\" src=\"https:\/\/www.vkpbratislava.sk\/wp-content\/uploads\/2021\/11\/DF1A8600-160x160.jpg\" class=\"attachment-thumbnail size-thumbnail\" alt=\"\" srcset=\"https:\/\/www.vkpbratislava.sk\/wp-content\/uploads\/2021\/11\/DF1A8600-160x160.jpg 160w, https:\/\/www.vkpbratislava.sk\/wp-content\/uploads\/2021\/11\/DF1A8600-320x320.jpg 320w, https:\/\/www.vkpbratislava.sk\/wp-content\/uploads\/2021\/11\/DF1A8600-640x640.jpg 640w, https:\/\/www.vkpbratislava.sk\/wp-content\/uploads\/2021\/11\/DF1A8600-1280x1280.jpg 1280w, https:\/\/www.vkpbratislava.sk\/wp-content\/uploads\/2021\/11\/DF1A8600-600x600.jpg 600w, https:\/\/www.vkpbratislava.sk\/wp-content\/uploads\/2021\/11\/DF1A8600-100x100.jpg 100w\" sizes=\"auto, (max-width: 160px) 100vw, 160px\" \/><\/a>\n\t\t\t<\/div><\/figure><figure class='gallery-item'>\n\t\t\t<div class='gallery-icon landscape'>\n\t\t\t\t<a href='https:\/\/www.vkpbratislava.sk\/?attachment_id=7631'><img loading=\"lazy\" decoding=\"async\" width=\"160\" height=\"160\" src=\"https:\/\/www.vkpbratislava.sk\/wp-content\/uploads\/2021\/11\/DF1A8616-160x160.jpg\" class=\"attachment-thumbnail size-thumbnail\" alt=\"\" srcset=\"https:\/\/www.vkpbratislava.sk\/wp-content\/uploads\/2021\/11\/DF1A8616-160x160.jpg 160w, https:\/\/www.vkpbratislava.sk\/wp-content\/uploads\/2021\/11\/DF1A8616-320x320.jpg 320w, https:\/\/www.vkpbratislava.sk\/wp-content\/uploads\/2021\/11\/DF1A8616-640x640.jpg 640w, https:\/\/www.vkpbratislava.sk\/wp-content\/uploads\/2021\/11\/DF1A8616-1280x1280.jpg 1280w, https:\/\/www.vkpbratislava.sk\/wp-content\/uploads\/2021\/11\/DF1A8616-600x600.jpg 600w, https:\/\/www.vkpbratislava.sk\/wp-content\/uploads\/2021\/11\/DF1A8616-100x100.jpg 100w\" sizes=\"auto, (max-width: 160px) 100vw, 160px\" \/><\/a>\n\t\t\t<\/div><\/figure><figure class='gallery-item'>\n\t\t\t<div class='gallery-icon landscape'>\n\t\t\t\t<a href='https:\/\/www.vkpbratislava.sk\/?attachment_id=7630'><img loading=\"lazy\" decoding=\"async\" width=\"160\" height=\"160\" src=\"https:\/\/www.vkpbratislava.sk\/wp-content\/uploads\/2021\/11\/DF1A8649-160x160.jpg\" class=\"attachment-thumbnail size-thumbnail\" alt=\"\" srcset=\"https:\/\/www.vkpbratislava.sk\/wp-content\/uploads\/2021\/11\/DF1A8649-160x160.jpg 160w, https:\/\/www.vkpbratislava.sk\/wp-content\/uploads\/2021\/11\/DF1A8649-320x320.jpg 320w, https:\/\/www.vkpbratislava.sk\/wp-content\/uploads\/2021\/11\/DF1A8649-640x640.jpg 640w, https:\/\/www.vkpbratislava.sk\/wp-content\/uploads\/2021\/11\/DF1A8649-1280x1280.jpg 1280w, https:\/\/www.vkpbratislava.sk\/wp-content\/uploads\/2021\/11\/DF1A8649-600x600.jpg 600w, https:\/\/www.vkpbratislava.sk\/wp-content\/uploads\/2021\/11\/DF1A8649-100x100.jpg 100w\" sizes=\"auto, (max-width: 160px) 100vw, 160px\" \/><\/a>\n\t\t\t<\/div><\/figure><figure class='gallery-item'>\n\t\t\t<div class='gallery-icon landscape'>\n\t\t\t\t<a href='https:\/\/www.vkpbratislava.sk\/?attachment_id=7629'><img loading=\"lazy\" decoding=\"async\" width=\"160\" height=\"160\" src=\"https:\/\/www.vkpbratislava.sk\/wp-content\/uploads\/2021\/11\/DF1A8660-160x160.jpg\" class=\"attachment-thumbnail size-thumbnail\" alt=\"\" srcset=\"https:\/\/www.vkpbratislava.sk\/wp-content\/uploads\/2021\/11\/DF1A8660-160x160.jpg 160w, https:\/\/www.vkpbratislava.sk\/wp-content\/uploads\/2021\/11\/DF1A8660-320x320.jpg 320w, https:\/\/www.vkpbratislava.sk\/wp-content\/uploads\/2021\/11\/DF1A8660-640x640.jpg 640w, https:\/\/www.vkpbratislava.sk\/wp-content\/uploads\/2021\/11\/DF1A8660-1280x1280.jpg 1280w, https:\/\/www.vkpbratislava.sk\/wp-content\/uploads\/2021\/11\/DF1A8660-600x600.jpg 600w, https:\/\/www.vkpbratislava.sk\/wp-content\/uploads\/2021\/11\/DF1A8660-100x100.jpg 100w\" sizes=\"auto, (max-width: 160px) 100vw, 160px\" \/><\/a>\n\t\t\t<\/div><\/figure>\n\t\t<\/div>\n\n<p>miba, foto: Michal \u0160p\u00e1nik<\/p>\n<p>&nbsp;<\/p>\n","protected":false},"excerpt":{"rendered":"<p>Na volejbalistky VKP Bratislava \u010dak\u00e1 odvetn\u00fd z\u00e1pas 1. kola Challenge Cupu proti at\u00e9nskemu t\u00edmu ASP Thetis Voula (utorok, 2. novembra o\u00a020.00 h).<\/p>\n","protected":false},"author":3,"featured_media":7651,"comment_status":"closed","ping_status":"open","sticky":false,"template":"","format":"standard","meta":{"_monsterinsights_skip_tracking":false,"_monsterinsights_sitenote_active":false,"_monsterinsights_sitenote_note":"","_monsterinsights_sitenote_category":0,"footnotes":""},"categories":[48],"tags":[],"class_list":["post-7628","post","type-post","status-publish","format-standard","has-post-thumbnail","hentry","category-zeny"],"yoast_head":"<!-- This site is optimized with the Yoast SEO plugin v25.6 - https:\/\/yoast.com\/wordpress\/plugins\/seo\/ -->\n<title>Diev\u010dat\u00e1 u\u017e s\u00fa v\u00a0At\u00e9nach, ubytovali sa pri mori - VK SLOVAN Bratislava<\/title>\n<meta name=\"description\" content=\"Na volejbalistky VKP Bratislava \u010dak\u00e1 odvetn\u00fd z\u00e1pas 1. kola Challenge Cupu proti at\u00e9nskemu t\u00edmu ASP Thetis Voula (utorok, 2. novembra o\u00a020.00 h).\" \/>\n<meta name=\"robots\" content=\"index, follow, max-snippet:-1, max-image-preview:large, max-video-preview:-1\" \/>\n<link rel=\"canonical\" href=\"https:\/\/www.vkpbratislava.sk\/?p=7628\" \/>\n<meta property=\"og:locale\" content=\"sk_SK\" \/>\n<meta property=\"og:type\" content=\"article\" \/>\n<meta property=\"og:title\" content=\"Diev\u010dat\u00e1 u\u017e s\u00fa v\u00a0At\u00e9nach, ubytovali sa pri mori - VK SLOVAN Bratislava\" \/>\n<meta property=\"og:description\" content=\"Na volejbalistky VKP Bratislava \u010dak\u00e1 odvetn\u00fd z\u00e1pas 1. kola Challenge Cupu proti at\u00e9nskemu t\u00edmu ASP Thetis Voula (utorok, 2. novembra o\u00a020.00 h).\" \/>\n<meta property=\"og:url\" content=\"https:\/\/www.vkpbratislava.sk\/?p=7628\" \/>\n<meta property=\"og:site_name\" content=\"VK SLOVAN Bratislava\" \/>\n<meta property=\"article:published_time\" content=\"2021-11-01T15:10:25+00:00\" \/>\n<meta property=\"og:image\" content=\"https:\/\/www.vkpbratislava.sk\/wp-content\/uploads\/2021\/11\/DF1A8650.jpg\" \/>\n\t<meta property=\"og:image:width\" content=\"2048\" \/>\n\t<meta property=\"og:image:height\" content=\"1365\" \/>\n\t<meta property=\"og:image:type\" content=\"image\/jpeg\" \/>\n<meta name=\"author\" content=\"jenca\" \/>\n<meta name=\"twitter:card\" content=\"summary_large_image\" \/>\n<meta name=\"twitter:label1\" content=\"Autor\" \/>\n\t<meta name=\"twitter:data1\" content=\"jenca\" \/>\n\t<meta name=\"twitter:label2\" content=\"Predpokladan\u00fd \u010das \u010d\u00edtania\" \/>\n\t<meta name=\"twitter:data2\" content=\"2 min\u00faty\" \/>\n<script type=\"application\/ld+json\" class=\"yoast-schema-graph\">{\"@context\":\"https:\/\/schema.org\",\"@graph\":[{\"@type\":\"Article\",\"@id\":\"https:\/\/www.vkpbratislava.sk\/?p=7628#article\",\"isPartOf\":{\"@id\":\"https:\/\/www.vkpbratislava.sk\/?p=7628\"},\"author\":{\"name\":\"jenca\",\"@id\":\"https:\/\/www.vkpbratislava.sk\/#\/schema\/person\/7037e769f9515aa58493d1b5852c4c50\"},\"headline\":\"Diev\u010dat\u00e1 u\u017e s\u00fa v\u00a0At\u00e9nach, ubytovali sa pri mori\",\"datePublished\":\"2021-11-01T15:10:25+00:00\",\"mainEntityOfPage\":{\"@id\":\"https:\/\/www.vkpbratislava.sk\/?p=7628\"},\"wordCount\":361,\"publisher\":{\"@id\":\"https:\/\/www.vkpbratislava.sk\/#organization\"},\"image\":{\"@id\":\"https:\/\/www.vkpbratislava.sk\/?p=7628#primaryimage\"},\"thumbnailUrl\":\"https:\/\/www.vkpbratislava.sk\/wp-content\/uploads\/2021\/11\/DF1A8650.jpg\",\"articleSection\":[\"\u017deny\"],\"inLanguage\":\"sk-SK\"},{\"@type\":\"WebPage\",\"@id\":\"https:\/\/www.vkpbratislava.sk\/?p=7628\",\"url\":\"https:\/\/www.vkpbratislava.sk\/?p=7628\",\"name\":\"Diev\u010dat\u00e1 u\u017e s\u00fa v\u00a0At\u00e9nach, ubytovali sa pri mori - VK SLOVAN Bratislava\",\"isPartOf\":{\"@id\":\"https:\/\/www.vkpbratislava.sk\/#website\"},\"primaryImageOfPage\":{\"@id\":\"https:\/\/www.vkpbratislava.sk\/?p=7628#primaryimage\"},\"image\":{\"@id\":\"https:\/\/www.vkpbratislava.sk\/?p=7628#primaryimage\"},\"thumbnailUrl\":\"https:\/\/www.vkpbratislava.sk\/wp-content\/uploads\/2021\/11\/DF1A8650.jpg\",\"datePublished\":\"2021-11-01T15:10:25+00:00\",\"description\":\"Na volejbalistky VKP Bratislava \u010dak\u00e1 odvetn\u00fd z\u00e1pas 1. kola Challenge Cupu proti at\u00e9nskemu t\u00edmu ASP Thetis Voula (utorok, 2. novembra o\u00a020.00 h).\",\"breadcrumb\":{\"@id\":\"https:\/\/www.vkpbratislava.sk\/?p=7628#breadcrumb\"},\"inLanguage\":\"sk-SK\",\"potentialAction\":[{\"@type\":\"ReadAction\",\"target\":[\"https:\/\/www.vkpbratislava.sk\/?p=7628\"]}]},{\"@type\":\"ImageObject\",\"inLanguage\":\"sk-SK\",\"@id\":\"https:\/\/www.vkpbratislava.sk\/?p=7628#primaryimage\",\"url\":\"https:\/\/www.vkpbratislava.sk\/wp-content\/uploads\/2021\/11\/DF1A8650.jpg\",\"contentUrl\":\"https:\/\/www.vkpbratislava.sk\/wp-content\/uploads\/2021\/11\/DF1A8650.jpg\",\"width\":2048,\"height\":1365},{\"@type\":\"BreadcrumbList\",\"@id\":\"https:\/\/www.vkpbratislava.sk\/?p=7628#breadcrumb\",\"itemListElement\":[{\"@type\":\"ListItem\",\"position\":1,\"name\":\"Domov\",\"item\":\"https:\/\/www.vkpbratislava.sk\/\"},{\"@type\":\"ListItem\",\"position\":2,\"name\":\"Diev\u010dat\u00e1 u\u017e s\u00fa v\u00a0At\u00e9nach, ubytovali sa pri mori\"}]},{\"@type\":\"WebSite\",\"@id\":\"https:\/\/www.vkpbratislava.sk\/#website\",\"url\":\"https:\/\/www.vkpbratislava.sk\/\",\"name\":\"VK SLOVAN Bratislava\",\"description\":\"Volejbalov\u00fd klub\",\"publisher\":{\"@id\":\"https:\/\/www.vkpbratislava.sk\/#organization\"},\"potentialAction\":[{\"@type\":\"SearchAction\",\"target\":{\"@type\":\"EntryPoint\",\"urlTemplate\":\"https:\/\/www.vkpbratislava.sk\/?s={search_term_string}\"},\"query-input\":{\"@type\":\"PropertyValueSpecification\",\"valueRequired\":true,\"valueName\":\"search_term_string\"}}],\"inLanguage\":\"sk-SK\"},{\"@type\":\"Organization\",\"@id\":\"https:\/\/www.vkpbratislava.sk\/#organization\",\"name\":\"VKP Bratislava\",\"url\":\"https:\/\/www.vkpbratislava.sk\/\",\"logo\":{\"@type\":\"ImageObject\",\"inLanguage\":\"sk-SK\",\"@id\":\"https:\/\/www.vkpbratislava.sk\/#\/schema\/logo\/image\/\",\"url\":\"https:\/\/www.vkpbratislava.sk\/wp-content\/uploads\/2020\/10\/vkpBA.png\",\"contentUrl\":\"https:\/\/www.vkpbratislava.sk\/wp-content\/uploads\/2020\/10\/vkpBA.png\",\"width\":600,\"height\":600,\"caption\":\"VKP Bratislava\"},\"image\":{\"@id\":\"https:\/\/www.vkpbratislava.sk\/#\/schema\/logo\/image\/\"}},{\"@type\":\"Person\",\"@id\":\"https:\/\/www.vkpbratislava.sk\/#\/schema\/person\/7037e769f9515aa58493d1b5852c4c50\",\"name\":\"jenca\",\"image\":{\"@type\":\"ImageObject\",\"inLanguage\":\"sk-SK\",\"@id\":\"https:\/\/www.vkpbratislava.sk\/#\/schema\/person\/image\/\",\"url\":\"https:\/\/secure.gravatar.com\/avatar\/67aa89e9aab2911bbd0c6fbf0a891ea8d80c207c9b6a6e2c96e13fc2f16e536d?s=96&d=mm&r=g\",\"contentUrl\":\"https:\/\/secure.gravatar.com\/avatar\/67aa89e9aab2911bbd0c6fbf0a891ea8d80c207c9b6a6e2c96e13fc2f16e536d?s=96&d=mm&r=g\",\"caption\":\"jenca\"},\"url\":\"https:\/\/www.vkpbratislava.sk\/?author=3\"}]}<\/script>\n<!-- \/ Yoast SEO plugin. -->","yoast_head_json":{"title":"Diev\u010dat\u00e1 u\u017e s\u00fa v\u00a0At\u00e9nach, ubytovali sa pri mori - VK SLOVAN Bratislava","description":"Na volejbalistky VKP Bratislava \u010dak\u00e1 odvetn\u00fd z\u00e1pas 1. kola Challenge Cupu proti at\u00e9nskemu t\u00edmu ASP Thetis Voula (utorok, 2. novembra o\u00a020.00 h).","robots":{"index":"index","follow":"follow","max-snippet":"max-snippet:-1","max-image-preview":"max-image-preview:large","max-video-preview":"max-video-preview:-1"},"canonical":"https:\/\/www.vkpbratislava.sk\/?p=7628","og_locale":"sk_SK","og_type":"article","og_title":"Diev\u010dat\u00e1 u\u017e s\u00fa v\u00a0At\u00e9nach, ubytovali sa pri mori - VK SLOVAN Bratislava","og_description":"Na volejbalistky VKP Bratislava \u010dak\u00e1 odvetn\u00fd z\u00e1pas 1. kola Challenge Cupu proti at\u00e9nskemu t\u00edmu ASP Thetis Voula (utorok, 2. novembra o\u00a020.00 h).","og_url":"https:\/\/www.vkpbratislava.sk\/?p=7628","og_site_name":"VK SLOVAN Bratislava","article_published_time":"2021-11-01T15:10:25+00:00","og_image":[{"width":2048,"height":1365,"url":"https:\/\/www.vkpbratislava.sk\/wp-content\/uploads\/2021\/11\/DF1A8650.jpg","type":"image\/jpeg"}],"author":"jenca","twitter_card":"summary_large_image","twitter_misc":{"Autor":"jenca","Predpokladan\u00fd \u010das \u010d\u00edtania":"2 min\u00faty"},"schema":{"@context":"https:\/\/schema.org","@graph":[{"@type":"Article","@id":"https:\/\/www.vkpbratislava.sk\/?p=7628#article","isPartOf":{"@id":"https:\/\/www.vkpbratislava.sk\/?p=7628"},"author":{"name":"jenca","@id":"https:\/\/www.vkpbratislava.sk\/#\/schema\/person\/7037e769f9515aa58493d1b5852c4c50"},"headline":"Diev\u010dat\u00e1 u\u017e s\u00fa v\u00a0At\u00e9nach, ubytovali sa pri mori","datePublished":"2021-11-01T15:10:25+00:00","mainEntityOfPage":{"@id":"https:\/\/www.vkpbratislava.sk\/?p=7628"},"wordCount":361,"publisher":{"@id":"https:\/\/www.vkpbratislava.sk\/#organization"},"image":{"@id":"https:\/\/www.vkpbratislava.sk\/?p=7628#primaryimage"},"thumbnailUrl":"https:\/\/www.vkpbratislava.sk\/wp-content\/uploads\/2021\/11\/DF1A8650.jpg","articleSection":["\u017deny"],"inLanguage":"sk-SK"},{"@type":"WebPage","@id":"https:\/\/www.vkpbratislava.sk\/?p=7628","url":"https:\/\/www.vkpbratislava.sk\/?p=7628","name":"Diev\u010dat\u00e1 u\u017e s\u00fa v\u00a0At\u00e9nach, ubytovali sa pri mori - VK SLOVAN Bratislava","isPartOf":{"@id":"https:\/\/www.vkpbratislava.sk\/#website"},"primaryImageOfPage":{"@id":"https:\/\/www.vkpbratislava.sk\/?p=7628#primaryimage"},"image":{"@id":"https:\/\/www.vkpbratislava.sk\/?p=7628#primaryimage"},"thumbnailUrl":"https:\/\/www.vkpbratislava.sk\/wp-content\/uploads\/2021\/11\/DF1A8650.jpg","datePublished":"2021-11-01T15:10:25+00:00","description":"Na volejbalistky VKP Bratislava \u010dak\u00e1 odvetn\u00fd z\u00e1pas 1. kola Challenge Cupu proti at\u00e9nskemu t\u00edmu ASP Thetis Voula (utorok, 2. novembra o\u00a020.00 h).","breadcrumb":{"@id":"https:\/\/www.vkpbratislava.sk\/?p=7628#breadcrumb"},"inLanguage":"sk-SK","potentialAction":[{"@type":"ReadAction","target":["https:\/\/www.vkpbratislava.sk\/?p=7628"]}]},{"@type":"ImageObject","inLanguage":"sk-SK","@id":"https:\/\/www.vkpbratislava.sk\/?p=7628#primaryimage","url":"https:\/\/www.vkpbratislava.sk\/wp-content\/uploads\/2021\/11\/DF1A8650.jpg","contentUrl":"https:\/\/www.vkpbratislava.sk\/wp-content\/uploads\/2021\/11\/DF1A8650.jpg","width":2048,"height":1365},{"@type":"BreadcrumbList","@id":"https:\/\/www.vkpbratislava.sk\/?p=7628#breadcrumb","itemListElement":[{"@type":"ListItem","position":1,"name":"Domov","item":"https:\/\/www.vkpbratislava.sk\/"},{"@type":"ListItem","position":2,"name":"Diev\u010dat\u00e1 u\u017e s\u00fa v\u00a0At\u00e9nach, ubytovali sa pri mori"}]},{"@type":"WebSite","@id":"https:\/\/www.vkpbratislava.sk\/#website","url":"https:\/\/www.vkpbratislava.sk\/","name":"VK SLOVAN Bratislava","description":"Volejbalov\u00fd klub","publisher":{"@id":"https:\/\/www.vkpbratislava.sk\/#organization"},"potentialAction":[{"@type":"SearchAction","target":{"@type":"EntryPoint","urlTemplate":"https:\/\/www.vkpbratislava.sk\/?s={search_term_string}"},"query-input":{"@type":"PropertyValueSpecification","valueRequired":true,"valueName":"search_term_string"}}],"inLanguage":"sk-SK"},{"@type":"Organization","@id":"https:\/\/www.vkpbratislava.sk\/#organization","name":"VKP Bratislava","url":"https:\/\/www.vkpbratislava.sk\/","logo":{"@type":"ImageObject","inLanguage":"sk-SK","@id":"https:\/\/www.vkpbratislava.sk\/#\/schema\/logo\/image\/","url":"https:\/\/www.vkpbratislava.sk\/wp-content\/uploads\/2020\/10\/vkpBA.png","contentUrl":"https:\/\/www.vkpbratislava.sk\/wp-content\/uploads\/2020\/10\/vkpBA.png","width":600,"height":600,"caption":"VKP Bratislava"},"image":{"@id":"https:\/\/www.vkpbratislava.sk\/#\/schema\/logo\/image\/"}},{"@type":"Person","@id":"https:\/\/www.vkpbratislava.sk\/#\/schema\/person\/7037e769f9515aa58493d1b5852c4c50","name":"jenca","image":{"@type":"ImageObject","inLanguage":"sk-SK","@id":"https:\/\/www.vkpbratislava.sk\/#\/schema\/person\/image\/","url":"https:\/\/secure.gravatar.com\/avatar\/67aa89e9aab2911bbd0c6fbf0a891ea8d80c207c9b6a6e2c96e13fc2f16e536d?s=96&d=mm&r=g","contentUrl":"https:\/\/secure.gravatar.com\/avatar\/67aa89e9aab2911bbd0c6fbf0a891ea8d80c207c9b6a6e2c96e13fc2f16e536d?s=96&d=mm&r=g","caption":"jenca"},"url":"https:\/\/www.vkpbratislava.sk\/?author=3"}]}},"_links":{"self":[{"href":"https:\/\/www.vkpbratislava.sk\/index.php?rest_route=\/wp\/v2\/posts\/7628","targetHints":{"allow":["GET"]}}],"collection":[{"href":"https:\/\/www.vkpbratislava.sk\/index.php?rest_route=\/wp\/v2\/posts"}],"about":[{"href":"https:\/\/www.vkpbratislava.sk\/index.php?rest_route=\/wp\/v2\/types\/post"}],"author":[{"embeddable":true,"href":"https:\/\/www.vkpbratislava.sk\/index.php?rest_route=\/wp\/v2\/users\/3"}],"replies":[{"embeddable":true,"href":"https:\/\/www.vkpbratislava.sk\/index.php?rest_route=%2Fwp%2Fv2%2Fcomments&post=7628"}],"version-history":[{"count":1,"href":"https:\/\/www.vkpbratislava.sk\/index.php?rest_route=\/wp\/v2\/posts\/7628\/revisions"}],"predecessor-version":[{"id":7653,"href":"https:\/\/www.vkpbratislava.sk\/index.php?rest_route=\/wp\/v2\/posts\/7628\/revisions\/7653"}],"wp:featuredmedia":[{"embeddable":true,"href":"https:\/\/www.vkpbratislava.sk\/index.php?rest_route=\/wp\/v2\/media\/7651"}],"wp:attachment":[{"href":"https:\/\/www.vkpbratislava.sk\/index.php?rest_route=%2Fwp%2Fv2%2Fmedia&parent=7628"}],"wp:term":[{"taxonomy":"category","embeddable":true,"href":"https:\/\/www.vkpbratislava.sk\/index.php?rest_route=%2Fwp%2Fv2%2Fcategories&post=7628"},{"taxonomy":"post_tag","embeddable":true,"href":"https:\/\/www.vkpbratislava.sk\/index.php?rest_route=%2Fwp%2Fv2%2Ftags&post=7628"}],"curies":[{"name":"wp","href":"https:\/\/api.w.org\/{rel}","templated":true}]}}