{"id":7839,"date":"2021-11-02T21:09:49","date_gmt":"2021-11-02T20:09:49","guid":{"rendered":"https:\/\/www.vkpbratislava.sk\/?p=7839"},"modified":"2021-11-02T21:21:29","modified_gmt":"2021-11-02T20:21:29","slug":"zlepseny-vykon-na-obrat-nestacil","status":"publish","type":"post","link":"https:\/\/www.vkpbratislava.sk\/?p=7839","title":{"rendered":"Zlep\u0161en\u00fd v\u00fdkon na obrat nesta\u010dil"},"content":{"rendered":"<p><strong>Volejbalistky VKP Bratislava bojovali ako im sily sta\u010dili, ale v\u00a0odvete 1. kola Challenge Cupu v\u00a0At\u00e9nach proti ASP Thetis Voula sa im nepodaril obrat a\u00a0zopakovali si prehru 3:0 z\u00a0prv\u00e9ho duelu v\u00a0Bratislave.<\/strong><\/p>\n<p>\u00davod z\u00e1pasu patril dom\u00e1cim hr\u00e1\u010dkam, ktor\u00e9 v prechodnej hale Olympiacosu za\u010dali dvoma esami a\u00a0vypracovali si p\u00e4\u0165bodov\u00fd n\u00e1skok. Na to zareagoval tr\u00e9ner Jaroslav Han\u010d\u00e1k oddychov\u00fdm \u010dasom a\u00a0pri podan\u00ed Boledovi\u010dovej zn\u00ed\u017eili na dva body a\u00a0po dvoch es\u00e1ch P\u00edse\u010dnej dokonca na bod. Thesis v\u0161ak neprip\u00fa\u0161\u0165al \u017eiadnu dr\u00e1mu, najm\u00e4 \u00faspe\u0161n\u00fdmi blokmi sa odp\u00fatal od VKP na 7 bodov a\u00a0pri\u0161iel druh\u00fd timeout n\u00e1\u0161ho tr\u00e9nera. Vysok\u00fd n\u00e1skok gr\u00e9ckeho t\u00edmu sa v\u0161ak zmaza\u0165 nepodarilo a\u00a0prv\u00fd set z\u00edskali dom\u00e1ce vo svoj prospech.<\/p>\n<p>Druh\u00fd set sme pri podan\u00ed Vikt\u00f3rie Kov\u00e1\u010dovej za\u010dali ako z\u00a0partesu, v\u00fdborn\u00fdm blokom i\u00a0esom, dokonca sme viedli aj o\u00a0tri body, ale s\u00faper vyrovnal sk\u00f3re a\u00a0dostal sa aj do vedenia 13:10. Pri podan\u00ed Boledovi\u010dovej, ktor\u00e1 pridala \u010fal\u0161ie eso, a\u00a0tie\u017e P\u00edse\u010dnej sa diev\u010dat\u00e1m z\u00a0VKP podarilo zn\u00ed\u017ei\u0165 na rozdiel jedn\u00e9ho bodu, no v\u00a0\u00fatoku za\u00faradovala vy\u0161e dvojmetrov\u00e1 Martha Evdokie Anthouli a\u00a0Gr\u00e9kyne \u0161li do \u0161es\u0165bodov\u00e9ho \u00faniku a\u00a0tak\u00fdm rozdielom aj druh\u00fd set ukon\u010dili.<\/p>\n<p>Tret\u00ed set sme op\u00e4\u0165 za\u010dali lep\u0161ie, dr\u017eali si tesn\u00fd n\u00e1skok, no Thesis oto\u010dil stav sk\u00f3re vo svoj prospech. N\u00e1sledne sa VKP do\u0165ahoval so s\u00faperkami bod po bode, plece pri pleci. Za stavu 17:17 sa dostali dom\u00e1ce do trojbodov\u00e9ho n\u00e1skoku, a\u00a0hoci \u201epolicajtky\u201c bojovali a\u017e do konca, tret\u00ed set i\u00a0cel\u00fd duel zvl\u00e1dlo lep\u0161ie gr\u00e9cke dru\u017estvo a\u00a0vybojovalo si postup \u010falej. Pre zverenkyne Jaroslava Han\u010d\u00e1ka sa p\u00fa\u0165 eur\u00f3pskou s\u00fa\u0165a\u017eou \u010d\u00edslo 3 kon\u010d\u00ed.<\/p>\n<p><strong>Challenge Cup, 1. Kolo, odveta (prv\u00fd z\u00e1pas 0:3)<\/strong><\/p>\n<p><strong>ASP THETIS VOULA &#8211; VKP BRATISLAVA 3:0 (16, 19, 22)<\/strong><\/p>\n<p><strong>Rozhodovali:<\/strong> Knaepkens (Belgicko) a\u00a0Marev (Bulharsko), <strong>180<\/strong> div\u00e1kov.<\/p>\n<p><strong>VKP:<\/strong> Kasprzak 7, Kov\u00e1\u010dov\u00e1 7, P\u00edse\u010dn\u00e1 6, Sahin 5, Boledovi\u010dov\u00e1 5, Koh\u00fatov\u00e1 1, libero Mattov\u00e1 (Snopkov\u00e1 2, Fartelov\u00e1 1, Smie\u0161kov\u00e1 1. Tr\u00e9ner: J. Han\u010d\u00e1k.<\/p>\n<p><strong>MVP za VKP:<\/strong> Vikt\u00f3ria Kov\u00e1\u010dov\u00e1<\/p>\n<p>Jaroslav Han\u010d\u00e1k, tr\u00e9ner VKP: &#8222;Ur\u010dite sme predviedli zlep\u0161en\u00fd v\u00fdkon oproti dom\u00e1cemu z\u00e1pasu. Hrali sme o dos\u0165 lep\u0161ie na \u00fatoku, hoci v \u0161tatistik\u00e1ch to a\u017e tak nevyzer\u00e1. Gr\u00e9cke dru\u017estvo m\u00e1 ve\u013emi slu\u0161n\u00fa obranu v poli, no dok\u00e1zali sme ich v \u00fatoku zatla\u010di\u0165. Hr\u00e1\u010dky Thesisu uk\u00e1zali tie\u017e kvalitu na \u00fatoku, boli agres\u00edvnej\u0161ie, presnej\u0161ie a dok\u00e1zali v porovnan\u00ed s nami viac bodova\u0165.&#8220;<\/p>\n<p>mb, foto: Michal \u0160p\u00e1nik<\/p>\n<div id='gallery-1' class='gallery galleryid-7839 gallery-columns-3 gallery-size-thumbnail'><figure class='gallery-item'>\n\t\t\t<div class='gallery-icon landscape'>\n\t\t\t\t<a href='https:\/\/www.vkpbratislava.sk\/?attachment_id=7836'><img loading=\"lazy\" decoding=\"async\" width=\"160\" height=\"160\" src=\"https:\/\/www.vkpbratislava.sk\/wp-content\/uploads\/2021\/11\/DF1A9361-160x160.jpg\" class=\"attachment-thumbnail size-thumbnail\" alt=\"\" srcset=\"https:\/\/www.vkpbratislava.sk\/wp-content\/uploads\/2021\/11\/DF1A9361-160x160.jpg 160w, https:\/\/www.vkpbratislava.sk\/wp-content\/uploads\/2021\/11\/DF1A9361-320x320.jpg 320w, https:\/\/www.vkpbratislava.sk\/wp-content\/uploads\/2021\/11\/DF1A9361-640x640.jpg 640w, https:\/\/www.vkpbratislava.sk\/wp-content\/uploads\/2021\/11\/DF1A9361-1280x1280.jpg 1280w, https:\/\/www.vkpbratislava.sk\/wp-content\/uploads\/2021\/11\/DF1A9361-600x600.jpg 600w, https:\/\/www.vkpbratislava.sk\/wp-content\/uploads\/2021\/11\/DF1A9361-100x100.jpg 100w\" sizes=\"auto, (max-width: 160px) 100vw, 160px\" \/><\/a>\n\t\t\t<\/div><\/figure><figure class='gallery-item'>\n\t\t\t<div class='gallery-icon landscape'>\n\t\t\t\t<a href='https:\/\/www.vkpbratislava.sk\/?attachment_id=7835'><img loading=\"lazy\" decoding=\"async\" width=\"160\" height=\"160\" src=\"https:\/\/www.vkpbratislava.sk\/wp-content\/uploads\/2021\/11\/DF1A9367-160x160.jpg\" class=\"attachment-thumbnail size-thumbnail\" alt=\"\" srcset=\"https:\/\/www.vkpbratislava.sk\/wp-content\/uploads\/2021\/11\/DF1A9367-160x160.jpg 160w, https:\/\/www.vkpbratislava.sk\/wp-content\/uploads\/2021\/11\/DF1A9367-320x320.jpg 320w, https:\/\/www.vkpbratislava.sk\/wp-content\/uploads\/2021\/11\/DF1A9367-640x640.jpg 640w, https:\/\/www.vkpbratislava.sk\/wp-content\/uploads\/2021\/11\/DF1A9367-1280x1280.jpg 1280w, https:\/\/www.vkpbratislava.sk\/wp-content\/uploads\/2021\/11\/DF1A9367-600x600.jpg 600w, https:\/\/www.vkpbratislava.sk\/wp-content\/uploads\/2021\/11\/DF1A9367-100x100.jpg 100w\" sizes=\"auto, (max-width: 160px) 100vw, 160px\" \/><\/a>\n\t\t\t<\/div><\/figure><figure class='gallery-item'>\n\t\t\t<div class='gallery-icon landscape'>\n\t\t\t\t<a href='https:\/\/www.vkpbratislava.sk\/?attachment_id=7834'><img loading=\"lazy\" decoding=\"async\" width=\"160\" height=\"160\" src=\"https:\/\/www.vkpbratislava.sk\/wp-content\/uploads\/2021\/11\/DF1A9372-160x160.jpg\" class=\"attachment-thumbnail size-thumbnail\" alt=\"\" srcset=\"https:\/\/www.vkpbratislava.sk\/wp-content\/uploads\/2021\/11\/DF1A9372-160x160.jpg 160w, https:\/\/www.vkpbratislava.sk\/wp-content\/uploads\/2021\/11\/DF1A9372-320x320.jpg 320w, https:\/\/www.vkpbratislava.sk\/wp-content\/uploads\/2021\/11\/DF1A9372-640x640.jpg 640w, https:\/\/www.vkpbratislava.sk\/wp-content\/uploads\/2021\/11\/DF1A9372-1280x1280.jpg 1280w, https:\/\/www.vkpbratislava.sk\/wp-content\/uploads\/2021\/11\/DF1A9372-600x600.jpg 600w, https:\/\/www.vkpbratislava.sk\/wp-content\/uploads\/2021\/11\/DF1A9372-100x100.jpg 100w\" sizes=\"auto, (max-width: 160px) 100vw, 160px\" \/><\/a>\n\t\t\t<\/div><\/figure><figure class='gallery-item'>\n\t\t\t<div class='gallery-icon landscape'>\n\t\t\t\t<a href='https:\/\/www.vkpbratislava.sk\/?attachment_id=7833'><img loading=\"lazy\" decoding=\"async\" width=\"160\" height=\"160\" src=\"https:\/\/www.vkpbratislava.sk\/wp-content\/uploads\/2021\/11\/DF1A9384-160x160.jpg\" class=\"attachment-thumbnail size-thumbnail\" alt=\"\" srcset=\"https:\/\/www.vkpbratislava.sk\/wp-content\/uploads\/2021\/11\/DF1A9384-160x160.jpg 160w, https:\/\/www.vkpbratislava.sk\/wp-content\/uploads\/2021\/11\/DF1A9384-320x320.jpg 320w, https:\/\/www.vkpbratislava.sk\/wp-content\/uploads\/2021\/11\/DF1A9384-640x640.jpg 640w, https:\/\/www.vkpbratislava.sk\/wp-content\/uploads\/2021\/11\/DF1A9384-1280x1280.jpg 1280w, https:\/\/www.vkpbratislava.sk\/wp-content\/uploads\/2021\/11\/DF1A9384-600x600.jpg 600w, https:\/\/www.vkpbratislava.sk\/wp-content\/uploads\/2021\/11\/DF1A9384-100x100.jpg 100w\" sizes=\"auto, (max-width: 160px) 100vw, 160px\" \/><\/a>\n\t\t\t<\/div><\/figure><figure class='gallery-item'>\n\t\t\t<div class='gallery-icon landscape'>\n\t\t\t\t<a href='https:\/\/www.vkpbratislava.sk\/?attachment_id=7832'><img loading=\"lazy\" decoding=\"async\" width=\"160\" height=\"160\" src=\"https:\/\/www.vkpbratislava.sk\/wp-content\/uploads\/2021\/11\/DF1A9390-160x160.jpg\" class=\"attachment-thumbnail size-thumbnail\" alt=\"\" srcset=\"https:\/\/www.vkpbratislava.sk\/wp-content\/uploads\/2021\/11\/DF1A9390-160x160.jpg 160w, https:\/\/www.vkpbratislava.sk\/wp-content\/uploads\/2021\/11\/DF1A9390-320x320.jpg 320w, https:\/\/www.vkpbratislava.sk\/wp-content\/uploads\/2021\/11\/DF1A9390-640x640.jpg 640w, https:\/\/www.vkpbratislava.sk\/wp-content\/uploads\/2021\/11\/DF1A9390-1280x1280.jpg 1280w, https:\/\/www.vkpbratislava.sk\/wp-content\/uploads\/2021\/11\/DF1A9390-600x600.jpg 600w, https:\/\/www.vkpbratislava.sk\/wp-content\/uploads\/2021\/11\/DF1A9390-100x100.jpg 100w\" sizes=\"auto, (max-width: 160px) 100vw, 160px\" \/><\/a>\n\t\t\t<\/div><\/figure><figure class='gallery-item'>\n\t\t\t<div class='gallery-icon landscape'>\n\t\t\t\t<a href='https:\/\/www.vkpbratislava.sk\/?attachment_id=7831'><img loading=\"lazy\" decoding=\"async\" width=\"160\" height=\"160\" src=\"https:\/\/www.vkpbratislava.sk\/wp-content\/uploads\/2021\/11\/DF1A9415-160x160.jpg\" class=\"attachment-thumbnail size-thumbnail\" alt=\"\" srcset=\"https:\/\/www.vkpbratislava.sk\/wp-content\/uploads\/2021\/11\/DF1A9415-160x160.jpg 160w, https:\/\/www.vkpbratislava.sk\/wp-content\/uploads\/2021\/11\/DF1A9415-320x320.jpg 320w, https:\/\/www.vkpbratislava.sk\/wp-content\/uploads\/2021\/11\/DF1A9415-640x640.jpg 640w, https:\/\/www.vkpbratislava.sk\/wp-content\/uploads\/2021\/11\/DF1A9415-1280x1280.jpg 1280w, https:\/\/www.vkpbratislava.sk\/wp-content\/uploads\/2021\/11\/DF1A9415-600x600.jpg 600w, https:\/\/www.vkpbratislava.sk\/wp-content\/uploads\/2021\/11\/DF1A9415-100x100.jpg 100w\" sizes=\"auto, (max-width: 160px) 100vw, 160px\" \/><\/a>\n\t\t\t<\/div><\/figure><figure class='gallery-item'>\n\t\t\t<div class='gallery-icon landscape'>\n\t\t\t\t<a href='https:\/\/www.vkpbratislava.sk\/?attachment_id=7830'><img loading=\"lazy\" decoding=\"async\" width=\"160\" height=\"160\" src=\"https:\/\/www.vkpbratislava.sk\/wp-content\/uploads\/2021\/11\/DF1A9426-160x160.jpg\" class=\"attachment-thumbnail size-thumbnail\" alt=\"\" srcset=\"https:\/\/www.vkpbratislava.sk\/wp-content\/uploads\/2021\/11\/DF1A9426-160x160.jpg 160w, https:\/\/www.vkpbratislava.sk\/wp-content\/uploads\/2021\/11\/DF1A9426-320x320.jpg 320w, https:\/\/www.vkpbratislava.sk\/wp-content\/uploads\/2021\/11\/DF1A9426-640x640.jpg 640w, https:\/\/www.vkpbratislava.sk\/wp-content\/uploads\/2021\/11\/DF1A9426-1280x1280.jpg 1280w, https:\/\/www.vkpbratislava.sk\/wp-content\/uploads\/2021\/11\/DF1A9426-600x600.jpg 600w, https:\/\/www.vkpbratislava.sk\/wp-content\/uploads\/2021\/11\/DF1A9426-100x100.jpg 100w\" sizes=\"auto, (max-width: 160px) 100vw, 160px\" \/><\/a>\n\t\t\t<\/div><\/figure><figure class='gallery-item'>\n\t\t\t<div class='gallery-icon landscape'>\n\t\t\t\t<a href='https:\/\/www.vkpbratislava.sk\/?attachment_id=7829'><img loading=\"lazy\" decoding=\"async\" width=\"160\" height=\"160\" src=\"https:\/\/www.vkpbratislava.sk\/wp-content\/uploads\/2021\/11\/DF1A9441-160x160.jpg\" class=\"attachment-thumbnail size-thumbnail\" alt=\"\" srcset=\"https:\/\/www.vkpbratislava.sk\/wp-content\/uploads\/2021\/11\/DF1A9441-160x160.jpg 160w, https:\/\/www.vkpbratislava.sk\/wp-content\/uploads\/2021\/11\/DF1A9441-320x320.jpg 320w, https:\/\/www.vkpbratislava.sk\/wp-content\/uploads\/2021\/11\/DF1A9441-640x640.jpg 640w, https:\/\/www.vkpbratislava.sk\/wp-content\/uploads\/2021\/11\/DF1A9441-1280x1280.jpg 1280w, https:\/\/www.vkpbratislava.sk\/wp-content\/uploads\/2021\/11\/DF1A9441-600x600.jpg 600w, https:\/\/www.vkpbratislava.sk\/wp-content\/uploads\/2021\/11\/DF1A9441-100x100.jpg 100w\" sizes=\"auto, (max-width: 160px) 100vw, 160px\" \/><\/a>\n\t\t\t<\/div><\/figure><figure class='gallery-item'>\n\t\t\t<div class='gallery-icon landscape'>\n\t\t\t\t<a href='https:\/\/www.vkpbratislava.sk\/?attachment_id=7837'><img loading=\"lazy\" decoding=\"async\" width=\"160\" height=\"160\" src=\"https:\/\/www.vkpbratislava.sk\/wp-content\/uploads\/2021\/11\/DF1A9339-160x160.jpg\" class=\"attachment-thumbnail size-thumbnail\" alt=\"\" srcset=\"https:\/\/www.vkpbratislava.sk\/wp-content\/uploads\/2021\/11\/DF1A9339-160x160.jpg 160w, https:\/\/www.vkpbratislava.sk\/wp-content\/uploads\/2021\/11\/DF1A9339-320x320.jpg 320w, https:\/\/www.vkpbratislava.sk\/wp-content\/uploads\/2021\/11\/DF1A9339-640x640.jpg 640w, https:\/\/www.vkpbratislava.sk\/wp-content\/uploads\/2021\/11\/DF1A9339-1280x1280.jpg 1280w, https:\/\/www.vkpbratislava.sk\/wp-content\/uploads\/2021\/11\/DF1A9339-600x600.jpg 600w, https:\/\/www.vkpbratislava.sk\/wp-content\/uploads\/2021\/11\/DF1A9339-100x100.jpg 100w\" sizes=\"auto, (max-width: 160px) 100vw, 160px\" \/><\/a>\n\t\t\t<\/div><\/figure><figure class='gallery-item'>\n\t\t\t<div class='gallery-icon landscape'>\n\t\t\t\t<a href='https:\/\/www.vkpbratislava.sk\/?attachment_id=7838'><img loading=\"lazy\" decoding=\"async\" width=\"160\" height=\"160\" src=\"https:\/\/www.vkpbratislava.sk\/wp-content\/uploads\/2021\/11\/DF1A9304-160x160.jpg\" class=\"attachment-thumbnail size-thumbnail\" alt=\"\" srcset=\"https:\/\/www.vkpbratislava.sk\/wp-content\/uploads\/2021\/11\/DF1A9304-160x160.jpg 160w, https:\/\/www.vkpbratislava.sk\/wp-content\/uploads\/2021\/11\/DF1A9304-320x320.jpg 320w, https:\/\/www.vkpbratislava.sk\/wp-content\/uploads\/2021\/11\/DF1A9304-640x640.jpg 640w, https:\/\/www.vkpbratislava.sk\/wp-content\/uploads\/2021\/11\/DF1A9304-1280x1280.jpg 1280w, https:\/\/www.vkpbratislava.sk\/wp-content\/uploads\/2021\/11\/DF1A9304-600x600.jpg 600w, https:\/\/www.vkpbratislava.sk\/wp-content\/uploads\/2021\/11\/DF1A9304-100x100.jpg 100w\" sizes=\"auto, (max-width: 160px) 100vw, 160px\" \/><\/a>\n\t\t\t<\/div><\/figure>\n\t\t<\/div>\n\n","protected":false},"excerpt":{"rendered":"<p>Volejbalistky VKP Bratislava bojovali ako im sily sta\u010dili, ale v\u00a0odvete 1. kola Challenge Cupu v\u00a0At\u00e9nach proti ASP Thetis Voula sa im nepodaril obrat a\u00a0zopakovali si prehru 3:0 z\u00a0prv\u00e9ho duelu v\u00a0Bratislave.<br \/>\nFoto: VKP\/Michal \u0160p\u00e1nik<\/p>\n","protected":false},"author":3,"featured_media":7838,"comment_status":"closed","ping_status":"open","sticky":false,"template":"","format":"standard","meta":{"_monsterinsights_skip_tracking":false,"_monsterinsights_sitenote_active":false,"_monsterinsights_sitenote_note":"","_monsterinsights_sitenote_category":0,"footnotes":""},"categories":[48],"tags":[],"class_list":["post-7839","post","type-post","status-publish","format-standard","has-post-thumbnail","hentry","category-zeny"],"yoast_head":"<!-- This site is optimized with the Yoast SEO plugin v25.6 - https:\/\/yoast.com\/wordpress\/plugins\/seo\/ -->\n<title>Zlep\u0161en\u00fd v\u00fdkon na obrat nesta\u010dil - VK SLOVAN Bratislava<\/title>\n<meta name=\"description\" content=\"Volejbalistky VKP Bratislava bojovali ako im sily sta\u010dili, ale v\u00a0odvete 1. kola Challenge Cupu v\u00a0At\u00e9nach proti ASP Thetis Voula sa im nepodaril obrat a\u00a0zopakovali si prehru 3:0 z\u00a0prv\u00e9ho duelu v\u00a0Bratislave.\" \/>\n<meta name=\"robots\" content=\"index, follow, max-snippet:-1, max-image-preview:large, max-video-preview:-1\" \/>\n<link rel=\"canonical\" href=\"https:\/\/www.vkpbratislava.sk\/?p=7839\" \/>\n<meta property=\"og:locale\" content=\"sk_SK\" \/>\n<meta property=\"og:type\" content=\"article\" \/>\n<meta property=\"og:title\" content=\"Zlep\u0161en\u00fd v\u00fdkon na obrat nesta\u010dil - VK SLOVAN Bratislava\" \/>\n<meta property=\"og:description\" content=\"Volejbalistky VKP Bratislava bojovali ako im sily sta\u010dili, ale v\u00a0odvete 1. kola Challenge Cupu v\u00a0At\u00e9nach proti ASP Thetis Voula sa im nepodaril obrat a\u00a0zopakovali si prehru 3:0 z\u00a0prv\u00e9ho duelu v\u00a0Bratislave.\" \/>\n<meta property=\"og:url\" content=\"https:\/\/www.vkpbratislava.sk\/?p=7839\" \/>\n<meta property=\"og:site_name\" content=\"VK SLOVAN Bratislava\" \/>\n<meta property=\"article:published_time\" content=\"2021-11-02T20:09:49+00:00\" \/>\n<meta property=\"article:modified_time\" content=\"2021-11-02T20:21:29+00:00\" \/>\n<meta property=\"og:image\" content=\"https:\/\/www.vkpbratislava.sk\/wp-content\/uploads\/2021\/11\/DF1A9304.jpg\" \/>\n\t<meta property=\"og:image:width\" content=\"2048\" \/>\n\t<meta property=\"og:image:height\" content=\"1365\" \/>\n\t<meta property=\"og:image:type\" content=\"image\/jpeg\" \/>\n<meta name=\"author\" content=\"jenca\" \/>\n<meta name=\"twitter:card\" content=\"summary_large_image\" \/>\n<meta name=\"twitter:label1\" content=\"Autor\" \/>\n\t<meta name=\"twitter:data1\" content=\"jenca\" \/>\n\t<meta name=\"twitter:label2\" content=\"Predpokladan\u00fd \u010das \u010d\u00edtania\" \/>\n\t<meta name=\"twitter:data2\" content=\"2 min\u00faty\" \/>\n<script type=\"application\/ld+json\" class=\"yoast-schema-graph\">{\"@context\":\"https:\/\/schema.org\",\"@graph\":[{\"@type\":\"Article\",\"@id\":\"https:\/\/www.vkpbratislava.sk\/?p=7839#article\",\"isPartOf\":{\"@id\":\"https:\/\/www.vkpbratislava.sk\/?p=7839\"},\"author\":{\"name\":\"jenca\",\"@id\":\"https:\/\/www.vkpbratislava.sk\/#\/schema\/person\/7037e769f9515aa58493d1b5852c4c50\"},\"headline\":\"Zlep\u0161en\u00fd v\u00fdkon na obrat nesta\u010dil\",\"datePublished\":\"2021-11-02T20:09:49+00:00\",\"dateModified\":\"2021-11-02T20:21:29+00:00\",\"mainEntityOfPage\":{\"@id\":\"https:\/\/www.vkpbratislava.sk\/?p=7839\"},\"wordCount\":474,\"publisher\":{\"@id\":\"https:\/\/www.vkpbratislava.sk\/#organization\"},\"image\":{\"@id\":\"https:\/\/www.vkpbratislava.sk\/?p=7839#primaryimage\"},\"thumbnailUrl\":\"https:\/\/www.vkpbratislava.sk\/wp-content\/uploads\/2021\/11\/DF1A9304.jpg\",\"articleSection\":[\"\u017deny\"],\"inLanguage\":\"sk-SK\"},{\"@type\":\"WebPage\",\"@id\":\"https:\/\/www.vkpbratislava.sk\/?p=7839\",\"url\":\"https:\/\/www.vkpbratislava.sk\/?p=7839\",\"name\":\"Zlep\u0161en\u00fd v\u00fdkon na obrat nesta\u010dil - VK SLOVAN Bratislava\",\"isPartOf\":{\"@id\":\"https:\/\/www.vkpbratislava.sk\/#website\"},\"primaryImageOfPage\":{\"@id\":\"https:\/\/www.vkpbratislava.sk\/?p=7839#primaryimage\"},\"image\":{\"@id\":\"https:\/\/www.vkpbratislava.sk\/?p=7839#primaryimage\"},\"thumbnailUrl\":\"https:\/\/www.vkpbratislava.sk\/wp-content\/uploads\/2021\/11\/DF1A9304.jpg\",\"datePublished\":\"2021-11-02T20:09:49+00:00\",\"dateModified\":\"2021-11-02T20:21:29+00:00\",\"description\":\"Volejbalistky VKP Bratislava bojovali ako im sily sta\u010dili, ale v\u00a0odvete 1. kola Challenge Cupu v\u00a0At\u00e9nach proti ASP Thetis Voula sa im nepodaril obrat a\u00a0zopakovali si prehru 3:0 z\u00a0prv\u00e9ho duelu v\u00a0Bratislave.\",\"breadcrumb\":{\"@id\":\"https:\/\/www.vkpbratislava.sk\/?p=7839#breadcrumb\"},\"inLanguage\":\"sk-SK\",\"potentialAction\":[{\"@type\":\"ReadAction\",\"target\":[\"https:\/\/www.vkpbratislava.sk\/?p=7839\"]}]},{\"@type\":\"ImageObject\",\"inLanguage\":\"sk-SK\",\"@id\":\"https:\/\/www.vkpbratislava.sk\/?p=7839#primaryimage\",\"url\":\"https:\/\/www.vkpbratislava.sk\/wp-content\/uploads\/2021\/11\/DF1A9304.jpg\",\"contentUrl\":\"https:\/\/www.vkpbratislava.sk\/wp-content\/uploads\/2021\/11\/DF1A9304.jpg\",\"width\":2048,\"height\":1365},{\"@type\":\"BreadcrumbList\",\"@id\":\"https:\/\/www.vkpbratislava.sk\/?p=7839#breadcrumb\",\"itemListElement\":[{\"@type\":\"ListItem\",\"position\":1,\"name\":\"Domov\",\"item\":\"https:\/\/www.vkpbratislava.sk\/\"},{\"@type\":\"ListItem\",\"position\":2,\"name\":\"Zlep\u0161en\u00fd v\u00fdkon na obrat nesta\u010dil\"}]},{\"@type\":\"WebSite\",\"@id\":\"https:\/\/www.vkpbratislava.sk\/#website\",\"url\":\"https:\/\/www.vkpbratislava.sk\/\",\"name\":\"VK SLOVAN Bratislava\",\"description\":\"Volejbalov\u00fd klub\",\"publisher\":{\"@id\":\"https:\/\/www.vkpbratislava.sk\/#organization\"},\"potentialAction\":[{\"@type\":\"SearchAction\",\"target\":{\"@type\":\"EntryPoint\",\"urlTemplate\":\"https:\/\/www.vkpbratislava.sk\/?s={search_term_string}\"},\"query-input\":{\"@type\":\"PropertyValueSpecification\",\"valueRequired\":true,\"valueName\":\"search_term_string\"}}],\"inLanguage\":\"sk-SK\"},{\"@type\":\"Organization\",\"@id\":\"https:\/\/www.vkpbratislava.sk\/#organization\",\"name\":\"VKP Bratislava\",\"url\":\"https:\/\/www.vkpbratislava.sk\/\",\"logo\":{\"@type\":\"ImageObject\",\"inLanguage\":\"sk-SK\",\"@id\":\"https:\/\/www.vkpbratislava.sk\/#\/schema\/logo\/image\/\",\"url\":\"https:\/\/www.vkpbratislava.sk\/wp-content\/uploads\/2020\/10\/vkpBA.png\",\"contentUrl\":\"https:\/\/www.vkpbratislava.sk\/wp-content\/uploads\/2020\/10\/vkpBA.png\",\"width\":600,\"height\":600,\"caption\":\"VKP Bratislava\"},\"image\":{\"@id\":\"https:\/\/www.vkpbratislava.sk\/#\/schema\/logo\/image\/\"}},{\"@type\":\"Person\",\"@id\":\"https:\/\/www.vkpbratislava.sk\/#\/schema\/person\/7037e769f9515aa58493d1b5852c4c50\",\"name\":\"jenca\",\"image\":{\"@type\":\"ImageObject\",\"inLanguage\":\"sk-SK\",\"@id\":\"https:\/\/www.vkpbratislava.sk\/#\/schema\/person\/image\/\",\"url\":\"https:\/\/secure.gravatar.com\/avatar\/67aa89e9aab2911bbd0c6fbf0a891ea8d80c207c9b6a6e2c96e13fc2f16e536d?s=96&d=mm&r=g\",\"contentUrl\":\"https:\/\/secure.gravatar.com\/avatar\/67aa89e9aab2911bbd0c6fbf0a891ea8d80c207c9b6a6e2c96e13fc2f16e536d?s=96&d=mm&r=g\",\"caption\":\"jenca\"},\"url\":\"https:\/\/www.vkpbratislava.sk\/?author=3\"}]}<\/script>\n<!-- \/ Yoast SEO plugin. -->","yoast_head_json":{"title":"Zlep\u0161en\u00fd v\u00fdkon na obrat nesta\u010dil - VK SLOVAN Bratislava","description":"Volejbalistky VKP Bratislava bojovali ako im sily sta\u010dili, ale v\u00a0odvete 1. kola Challenge Cupu v\u00a0At\u00e9nach proti ASP Thetis Voula sa im nepodaril obrat a\u00a0zopakovali si prehru 3:0 z\u00a0prv\u00e9ho duelu v\u00a0Bratislave.","robots":{"index":"index","follow":"follow","max-snippet":"max-snippet:-1","max-image-preview":"max-image-preview:large","max-video-preview":"max-video-preview:-1"},"canonical":"https:\/\/www.vkpbratislava.sk\/?p=7839","og_locale":"sk_SK","og_type":"article","og_title":"Zlep\u0161en\u00fd v\u00fdkon na obrat nesta\u010dil - VK SLOVAN Bratislava","og_description":"Volejbalistky VKP Bratislava bojovali ako im sily sta\u010dili, ale v\u00a0odvete 1. kola Challenge Cupu v\u00a0At\u00e9nach proti ASP Thetis Voula sa im nepodaril obrat a\u00a0zopakovali si prehru 3:0 z\u00a0prv\u00e9ho duelu v\u00a0Bratislave.","og_url":"https:\/\/www.vkpbratislava.sk\/?p=7839","og_site_name":"VK SLOVAN Bratislava","article_published_time":"2021-11-02T20:09:49+00:00","article_modified_time":"2021-11-02T20:21:29+00:00","og_image":[{"width":2048,"height":1365,"url":"https:\/\/www.vkpbratislava.sk\/wp-content\/uploads\/2021\/11\/DF1A9304.jpg","type":"image\/jpeg"}],"author":"jenca","twitter_card":"summary_large_image","twitter_misc":{"Autor":"jenca","Predpokladan\u00fd \u010das \u010d\u00edtania":"2 min\u00faty"},"schema":{"@context":"https:\/\/schema.org","@graph":[{"@type":"Article","@id":"https:\/\/www.vkpbratislava.sk\/?p=7839#article","isPartOf":{"@id":"https:\/\/www.vkpbratislava.sk\/?p=7839"},"author":{"name":"jenca","@id":"https:\/\/www.vkpbratislava.sk\/#\/schema\/person\/7037e769f9515aa58493d1b5852c4c50"},"headline":"Zlep\u0161en\u00fd v\u00fdkon na obrat nesta\u010dil","datePublished":"2021-11-02T20:09:49+00:00","dateModified":"2021-11-02T20:21:29+00:00","mainEntityOfPage":{"@id":"https:\/\/www.vkpbratislava.sk\/?p=7839"},"wordCount":474,"publisher":{"@id":"https:\/\/www.vkpbratislava.sk\/#organization"},"image":{"@id":"https:\/\/www.vkpbratislava.sk\/?p=7839#primaryimage"},"thumbnailUrl":"https:\/\/www.vkpbratislava.sk\/wp-content\/uploads\/2021\/11\/DF1A9304.jpg","articleSection":["\u017deny"],"inLanguage":"sk-SK"},{"@type":"WebPage","@id":"https:\/\/www.vkpbratislava.sk\/?p=7839","url":"https:\/\/www.vkpbratislava.sk\/?p=7839","name":"Zlep\u0161en\u00fd v\u00fdkon na obrat nesta\u010dil - VK SLOVAN Bratislava","isPartOf":{"@id":"https:\/\/www.vkpbratislava.sk\/#website"},"primaryImageOfPage":{"@id":"https:\/\/www.vkpbratislava.sk\/?p=7839#primaryimage"},"image":{"@id":"https:\/\/www.vkpbratislava.sk\/?p=7839#primaryimage"},"thumbnailUrl":"https:\/\/www.vkpbratislava.sk\/wp-content\/uploads\/2021\/11\/DF1A9304.jpg","datePublished":"2021-11-02T20:09:49+00:00","dateModified":"2021-11-02T20:21:29+00:00","description":"Volejbalistky VKP Bratislava bojovali ako im sily sta\u010dili, ale v\u00a0odvete 1. kola Challenge Cupu v\u00a0At\u00e9nach proti ASP Thetis Voula sa im nepodaril obrat a\u00a0zopakovali si prehru 3:0 z\u00a0prv\u00e9ho duelu v\u00a0Bratislave.","breadcrumb":{"@id":"https:\/\/www.vkpbratislava.sk\/?p=7839#breadcrumb"},"inLanguage":"sk-SK","potentialAction":[{"@type":"ReadAction","target":["https:\/\/www.vkpbratislava.sk\/?p=7839"]}]},{"@type":"ImageObject","inLanguage":"sk-SK","@id":"https:\/\/www.vkpbratislava.sk\/?p=7839#primaryimage","url":"https:\/\/www.vkpbratislava.sk\/wp-content\/uploads\/2021\/11\/DF1A9304.jpg","contentUrl":"https:\/\/www.vkpbratislava.sk\/wp-content\/uploads\/2021\/11\/DF1A9304.jpg","width":2048,"height":1365},{"@type":"BreadcrumbList","@id":"https:\/\/www.vkpbratislava.sk\/?p=7839#breadcrumb","itemListElement":[{"@type":"ListItem","position":1,"name":"Domov","item":"https:\/\/www.vkpbratislava.sk\/"},{"@type":"ListItem","position":2,"name":"Zlep\u0161en\u00fd v\u00fdkon na obrat nesta\u010dil"}]},{"@type":"WebSite","@id":"https:\/\/www.vkpbratislava.sk\/#website","url":"https:\/\/www.vkpbratislava.sk\/","name":"VK SLOVAN Bratislava","description":"Volejbalov\u00fd klub","publisher":{"@id":"https:\/\/www.vkpbratislava.sk\/#organization"},"potentialAction":[{"@type":"SearchAction","target":{"@type":"EntryPoint","urlTemplate":"https:\/\/www.vkpbratislava.sk\/?s={search_term_string}"},"query-input":{"@type":"PropertyValueSpecification","valueRequired":true,"valueName":"search_term_string"}}],"inLanguage":"sk-SK"},{"@type":"Organization","@id":"https:\/\/www.vkpbratislava.sk\/#organization","name":"VKP Bratislava","url":"https:\/\/www.vkpbratislava.sk\/","logo":{"@type":"ImageObject","inLanguage":"sk-SK","@id":"https:\/\/www.vkpbratislava.sk\/#\/schema\/logo\/image\/","url":"https:\/\/www.vkpbratislava.sk\/wp-content\/uploads\/2020\/10\/vkpBA.png","contentUrl":"https:\/\/www.vkpbratislava.sk\/wp-content\/uploads\/2020\/10\/vkpBA.png","width":600,"height":600,"caption":"VKP Bratislava"},"image":{"@id":"https:\/\/www.vkpbratislava.sk\/#\/schema\/logo\/image\/"}},{"@type":"Person","@id":"https:\/\/www.vkpbratislava.sk\/#\/schema\/person\/7037e769f9515aa58493d1b5852c4c50","name":"jenca","image":{"@type":"ImageObject","inLanguage":"sk-SK","@id":"https:\/\/www.vkpbratislava.sk\/#\/schema\/person\/image\/","url":"https:\/\/secure.gravatar.com\/avatar\/67aa89e9aab2911bbd0c6fbf0a891ea8d80c207c9b6a6e2c96e13fc2f16e536d?s=96&d=mm&r=g","contentUrl":"https:\/\/secure.gravatar.com\/avatar\/67aa89e9aab2911bbd0c6fbf0a891ea8d80c207c9b6a6e2c96e13fc2f16e536d?s=96&d=mm&r=g","caption":"jenca"},"url":"https:\/\/www.vkpbratislava.sk\/?author=3"}]}},"_links":{"self":[{"href":"https:\/\/www.vkpbratislava.sk\/index.php?rest_route=\/wp\/v2\/posts\/7839","targetHints":{"allow":["GET"]}}],"collection":[{"href":"https:\/\/www.vkpbratislava.sk\/index.php?rest_route=\/wp\/v2\/posts"}],"about":[{"href":"https:\/\/www.vkpbratislava.sk\/index.php?rest_route=\/wp\/v2\/types\/post"}],"author":[{"embeddable":true,"href":"https:\/\/www.vkpbratislava.sk\/index.php?rest_route=\/wp\/v2\/users\/3"}],"replies":[{"embeddable":true,"href":"https:\/\/www.vkpbratislava.sk\/index.php?rest_route=%2Fwp%2Fv2%2Fcomments&post=7839"}],"version-history":[{"count":4,"href":"https:\/\/www.vkpbratislava.sk\/index.php?rest_route=\/wp\/v2\/posts\/7839\/revisions"}],"predecessor-version":[{"id":7843,"href":"https:\/\/www.vkpbratislava.sk\/index.php?rest_route=\/wp\/v2\/posts\/7839\/revisions\/7843"}],"wp:featuredmedia":[{"embeddable":true,"href":"https:\/\/www.vkpbratislava.sk\/index.php?rest_route=\/wp\/v2\/media\/7838"}],"wp:attachment":[{"href":"https:\/\/www.vkpbratislava.sk\/index.php?rest_route=%2Fwp%2Fv2%2Fmedia&parent=7839"}],"wp:term":[{"taxonomy":"category","embeddable":true,"href":"https:\/\/www.vkpbratislava.sk\/index.php?rest_route=%2Fwp%2Fv2%2Fcategories&post=7839"},{"taxonomy":"post_tag","embeddable":true,"href":"https:\/\/www.vkpbratislava.sk\/index.php?rest_route=%2Fwp%2Fv2%2Ftags&post=7839"}],"curies":[{"name":"wp","href":"https:\/\/api.w.org\/{rel}","templated":true}]}}