{"id":7937,"date":"2021-11-04T10:18:25","date_gmt":"2021-11-04T09:18:25","guid":{"rendered":"https:\/\/www.vkpbratislava.sk\/?p=7937"},"modified":"2021-11-04T10:21:01","modified_gmt":"2021-11-04T09:21:01","slug":"slovensky-pohar-pred-odvetou-vsetko-otvorene","status":"publish","type":"post","link":"https:\/\/www.vkpbratislava.sk\/?p=7937","title":{"rendered":"Slovensk\u00fd poh\u00e1r: Pred odvetou v\u0161etko otvoren\u00e9"},"content":{"rendered":"<p><strong>V \u00favodnom z\u00e1pase 1. kola Slovensk\u00e9ho poh\u00e1ra prehrali volejbalisti VKP Bratislava na palubovke Kom\u00e1rna 1:3, hoci s\u00faboj proti aktu\u00e1lnemu majstrovi mali v\u00fdborne rozohrat\u00fd. Odveta je na programe 24. novembra v Bratislave.<\/strong><\/p>\n<p><b>RIEKER UJS KOM\u00c1RNO \u2013 VKP BRATISLAVA 3:1 (25, -18, 19, 21)<\/b><\/p>\n<p><b>Rozhodovali: <\/b>Kov\u00e1\u010d a Morav\u010d\u00edk.<b><\/b><\/p>\n<p><b>VKP: <\/b>Kostol\u00e1ni 26, Tarabus 12, Truba\u010d 15, Pre\u0161insk\u00fd 9,\u00a0Yacoubou 8, Za\u0165ko 2, libero Jakub\u00edk (Malina, Van\u010do, Jur\u00edk). Tr\u00e9ner: M. Kaln\u00fd.<\/p>\n<p><strong>Hr\u00e1\u010d z\u00e1pasu za VKP:<\/strong> J\u00e1n Tarabus<\/p>\n<p><b>Mat\u00fa\u0161 Kaln\u00fd, tr\u00e9ner VKP Bratislava: <\/b><i>&#8222;Prv\u00fd set sme mali jednozna\u010dne vyhra\u0165, ke\u010f\u017ee sme vyhr\u00e1vali 23:20, ale na\u0161imi hl\u00fapymi chybami sme o prv\u00fd set pri\u0161li. Ak by sme ho zvl\u00e1dli a vz\u00e1p\u00e4t\u00ed vyhrali aj druh\u00fd set, to by sme viedli u\u017e 2:0 a z\u00e1pas by sa vyv\u00edjal \u00faplne inak. Na to, aby sme vyhr\u00e1vali v ak\u00e9jko\u013evek s\u00fa\u0165a\u017ei, potrebujeme dobr\u00fd v\u00fdkon cel\u00e9ho dru\u017estva. U n\u00e1s to vych\u00e1dza tak, \u017ee v\u017edy si niekto vezme time-out. S troma \u010di \u0161tyrmi hr\u00e1\u010dmi sa jednoducho z\u00e1pas vyhra\u0165 ned\u00e1. Ak podaj\u00fa v\u0161etci hr\u00e1\u010di v\u00fdkony na \u00farovni svojich mo\u017enost\u00ed, tak budeme vyhr\u00e1va\u0165. Ak niekto z toho vypadne, budeme sa tr\u00e1pi\u0165. Na druhej strane Emo Koh\u00fat zahral excelentne, gratulujem s\u00faperovi a vid\u00edme sa v odvete.&#8220;<\/i><\/p>\n<p>&nbsp;<\/p>\n","protected":false},"excerpt":{"rendered":"<p>V \u00favodnom z\u00e1pase 1. kola Slovensk\u00e9ho poh\u00e1ra prehrali volejbalisti VKP Bratislava na palubovke Kom\u00e1rna 1:3, hoci s\u00faboj proti aktu\u00e1lnemu majstrovi mali v\u00fdborne rozohrat\u00ed.<\/p>\n","protected":false},"author":3,"featured_media":7200,"comment_status":"closed","ping_status":"open","sticky":false,"template":"","format":"standard","meta":{"_monsterinsights_skip_tracking":false,"_monsterinsights_sitenote_active":false,"_monsterinsights_sitenote_note":"","_monsterinsights_sitenote_category":0,"footnotes":""},"categories":[47],"tags":[],"class_list":["post-7937","post","type-post","status-publish","format-standard","has-post-thumbnail","hentry","category-muzi"],"yoast_head":"<!-- This site is optimized with the Yoast SEO plugin v25.6 - https:\/\/yoast.com\/wordpress\/plugins\/seo\/ -->\n<title>Slovensk\u00fd poh\u00e1r: Pred odvetou v\u0161etko otvoren\u00e9 - VK SLOVAN Bratislava<\/title>\n<meta name=\"description\" content=\"V \u00favodnom z\u00e1pase 1. kola Slovensk\u00e9ho poh\u00e1ra prehrali volejbalisti VKP Bratislava na palubovke Kom\u00e1rna 1:3, hoci s\u00faboj proti aktu\u00e1lnemu majstrovi mali v\u00fdborne rozohrat\u00ed.\" \/>\n<meta name=\"robots\" content=\"index, follow, max-snippet:-1, max-image-preview:large, max-video-preview:-1\" \/>\n<link rel=\"canonical\" href=\"https:\/\/www.vkpbratislava.sk\/?p=7937\" \/>\n<meta property=\"og:locale\" content=\"sk_SK\" \/>\n<meta property=\"og:type\" content=\"article\" \/>\n<meta property=\"og:title\" content=\"Slovensk\u00fd poh\u00e1r: Pred odvetou v\u0161etko otvoren\u00e9 - VK SLOVAN Bratislava\" \/>\n<meta property=\"og:description\" content=\"V \u00favodnom z\u00e1pase 1. kola Slovensk\u00e9ho poh\u00e1ra prehrali volejbalisti VKP Bratislava na palubovke Kom\u00e1rna 1:3, hoci s\u00faboj proti aktu\u00e1lnemu majstrovi mali v\u00fdborne rozohrat\u00ed.\" \/>\n<meta property=\"og:url\" content=\"https:\/\/www.vkpbratislava.sk\/?p=7937\" \/>\n<meta property=\"og:site_name\" content=\"VK SLOVAN Bratislava\" \/>\n<meta property=\"article:published_time\" content=\"2021-11-04T09:18:25+00:00\" \/>\n<meta property=\"article:modified_time\" content=\"2021-11-04T09:21:01+00:00\" \/>\n<meta property=\"og:image\" content=\"https:\/\/www.vkpbratislava.sk\/wp-content\/uploads\/2021\/10\/DF1A6494.jpg\" \/>\n\t<meta property=\"og:image:width\" content=\"2048\" \/>\n\t<meta property=\"og:image:height\" content=\"1365\" \/>\n\t<meta property=\"og:image:type\" content=\"image\/jpeg\" \/>\n<meta name=\"author\" content=\"jenca\" \/>\n<meta name=\"twitter:card\" content=\"summary_large_image\" \/>\n<meta name=\"twitter:label1\" content=\"Autor\" \/>\n\t<meta name=\"twitter:data1\" content=\"jenca\" \/>\n\t<meta name=\"twitter:label2\" content=\"Predpokladan\u00fd \u010das \u010d\u00edtania\" \/>\n\t<meta name=\"twitter:data2\" content=\"1 min\u00fata\" \/>\n<script type=\"application\/ld+json\" class=\"yoast-schema-graph\">{\"@context\":\"https:\/\/schema.org\",\"@graph\":[{\"@type\":\"Article\",\"@id\":\"https:\/\/www.vkpbratislava.sk\/?p=7937#article\",\"isPartOf\":{\"@id\":\"https:\/\/www.vkpbratislava.sk\/?p=7937\"},\"author\":{\"name\":\"jenca\",\"@id\":\"https:\/\/www.vkpbratislava.sk\/#\/schema\/person\/7037e769f9515aa58493d1b5852c4c50\"},\"headline\":\"Slovensk\u00fd poh\u00e1r: Pred odvetou v\u0161etko otvoren\u00e9\",\"datePublished\":\"2021-11-04T09:18:25+00:00\",\"dateModified\":\"2021-11-04T09:21:01+00:00\",\"mainEntityOfPage\":{\"@id\":\"https:\/\/www.vkpbratislava.sk\/?p=7937\"},\"wordCount\":234,\"publisher\":{\"@id\":\"https:\/\/www.vkpbratislava.sk\/#organization\"},\"image\":{\"@id\":\"https:\/\/www.vkpbratislava.sk\/?p=7937#primaryimage\"},\"thumbnailUrl\":\"https:\/\/www.vkpbratislava.sk\/wp-content\/uploads\/2021\/10\/DF1A6494.jpg\",\"articleSection\":[\"Mu\u017ei\"],\"inLanguage\":\"sk-SK\"},{\"@type\":\"WebPage\",\"@id\":\"https:\/\/www.vkpbratislava.sk\/?p=7937\",\"url\":\"https:\/\/www.vkpbratislava.sk\/?p=7937\",\"name\":\"Slovensk\u00fd poh\u00e1r: Pred odvetou v\u0161etko otvoren\u00e9 - VK SLOVAN Bratislava\",\"isPartOf\":{\"@id\":\"https:\/\/www.vkpbratislava.sk\/#website\"},\"primaryImageOfPage\":{\"@id\":\"https:\/\/www.vkpbratislava.sk\/?p=7937#primaryimage\"},\"image\":{\"@id\":\"https:\/\/www.vkpbratislava.sk\/?p=7937#primaryimage\"},\"thumbnailUrl\":\"https:\/\/www.vkpbratislava.sk\/wp-content\/uploads\/2021\/10\/DF1A6494.jpg\",\"datePublished\":\"2021-11-04T09:18:25+00:00\",\"dateModified\":\"2021-11-04T09:21:01+00:00\",\"description\":\"V \u00favodnom z\u00e1pase 1. kola Slovensk\u00e9ho poh\u00e1ra prehrali volejbalisti VKP Bratislava na palubovke Kom\u00e1rna 1:3, hoci s\u00faboj proti aktu\u00e1lnemu majstrovi mali v\u00fdborne rozohrat\u00ed.\",\"breadcrumb\":{\"@id\":\"https:\/\/www.vkpbratislava.sk\/?p=7937#breadcrumb\"},\"inLanguage\":\"sk-SK\",\"potentialAction\":[{\"@type\":\"ReadAction\",\"target\":[\"https:\/\/www.vkpbratislava.sk\/?p=7937\"]}]},{\"@type\":\"ImageObject\",\"inLanguage\":\"sk-SK\",\"@id\":\"https:\/\/www.vkpbratislava.sk\/?p=7937#primaryimage\",\"url\":\"https:\/\/www.vkpbratislava.sk\/wp-content\/uploads\/2021\/10\/DF1A6494.jpg\",\"contentUrl\":\"https:\/\/www.vkpbratislava.sk\/wp-content\/uploads\/2021\/10\/DF1A6494.jpg\",\"width\":2048,\"height\":1365},{\"@type\":\"BreadcrumbList\",\"@id\":\"https:\/\/www.vkpbratislava.sk\/?p=7937#breadcrumb\",\"itemListElement\":[{\"@type\":\"ListItem\",\"position\":1,\"name\":\"Domov\",\"item\":\"https:\/\/www.vkpbratislava.sk\/\"},{\"@type\":\"ListItem\",\"position\":2,\"name\":\"Slovensk\u00fd poh\u00e1r: Pred odvetou v\u0161etko otvoren\u00e9\"}]},{\"@type\":\"WebSite\",\"@id\":\"https:\/\/www.vkpbratislava.sk\/#website\",\"url\":\"https:\/\/www.vkpbratislava.sk\/\",\"name\":\"VK SLOVAN Bratislava\",\"description\":\"Volejbalov\u00fd klub\",\"publisher\":{\"@id\":\"https:\/\/www.vkpbratislava.sk\/#organization\"},\"potentialAction\":[{\"@type\":\"SearchAction\",\"target\":{\"@type\":\"EntryPoint\",\"urlTemplate\":\"https:\/\/www.vkpbratislava.sk\/?s={search_term_string}\"},\"query-input\":{\"@type\":\"PropertyValueSpecification\",\"valueRequired\":true,\"valueName\":\"search_term_string\"}}],\"inLanguage\":\"sk-SK\"},{\"@type\":\"Organization\",\"@id\":\"https:\/\/www.vkpbratislava.sk\/#organization\",\"name\":\"VKP Bratislava\",\"url\":\"https:\/\/www.vkpbratislava.sk\/\",\"logo\":{\"@type\":\"ImageObject\",\"inLanguage\":\"sk-SK\",\"@id\":\"https:\/\/www.vkpbratislava.sk\/#\/schema\/logo\/image\/\",\"url\":\"https:\/\/www.vkpbratislava.sk\/wp-content\/uploads\/2020\/10\/vkpBA.png\",\"contentUrl\":\"https:\/\/www.vkpbratislava.sk\/wp-content\/uploads\/2020\/10\/vkpBA.png\",\"width\":600,\"height\":600,\"caption\":\"VKP Bratislava\"},\"image\":{\"@id\":\"https:\/\/www.vkpbratislava.sk\/#\/schema\/logo\/image\/\"}},{\"@type\":\"Person\",\"@id\":\"https:\/\/www.vkpbratislava.sk\/#\/schema\/person\/7037e769f9515aa58493d1b5852c4c50\",\"name\":\"jenca\",\"image\":{\"@type\":\"ImageObject\",\"inLanguage\":\"sk-SK\",\"@id\":\"https:\/\/www.vkpbratislava.sk\/#\/schema\/person\/image\/\",\"url\":\"https:\/\/secure.gravatar.com\/avatar\/67aa89e9aab2911bbd0c6fbf0a891ea8d80c207c9b6a6e2c96e13fc2f16e536d?s=96&d=mm&r=g\",\"contentUrl\":\"https:\/\/secure.gravatar.com\/avatar\/67aa89e9aab2911bbd0c6fbf0a891ea8d80c207c9b6a6e2c96e13fc2f16e536d?s=96&d=mm&r=g\",\"caption\":\"jenca\"},\"url\":\"https:\/\/www.vkpbratislava.sk\/?author=3\"}]}<\/script>\n<!-- \/ Yoast SEO plugin. -->","yoast_head_json":{"title":"Slovensk\u00fd poh\u00e1r: Pred odvetou v\u0161etko otvoren\u00e9 - VK SLOVAN Bratislava","description":"V \u00favodnom z\u00e1pase 1. kola Slovensk\u00e9ho poh\u00e1ra prehrali volejbalisti VKP Bratislava na palubovke Kom\u00e1rna 1:3, hoci s\u00faboj proti aktu\u00e1lnemu majstrovi mali v\u00fdborne rozohrat\u00ed.","robots":{"index":"index","follow":"follow","max-snippet":"max-snippet:-1","max-image-preview":"max-image-preview:large","max-video-preview":"max-video-preview:-1"},"canonical":"https:\/\/www.vkpbratislava.sk\/?p=7937","og_locale":"sk_SK","og_type":"article","og_title":"Slovensk\u00fd poh\u00e1r: Pred odvetou v\u0161etko otvoren\u00e9 - VK SLOVAN Bratislava","og_description":"V \u00favodnom z\u00e1pase 1. kola Slovensk\u00e9ho poh\u00e1ra prehrali volejbalisti VKP Bratislava na palubovke Kom\u00e1rna 1:3, hoci s\u00faboj proti aktu\u00e1lnemu majstrovi mali v\u00fdborne rozohrat\u00ed.","og_url":"https:\/\/www.vkpbratislava.sk\/?p=7937","og_site_name":"VK SLOVAN Bratislava","article_published_time":"2021-11-04T09:18:25+00:00","article_modified_time":"2021-11-04T09:21:01+00:00","og_image":[{"width":2048,"height":1365,"url":"https:\/\/www.vkpbratislava.sk\/wp-content\/uploads\/2021\/10\/DF1A6494.jpg","type":"image\/jpeg"}],"author":"jenca","twitter_card":"summary_large_image","twitter_misc":{"Autor":"jenca","Predpokladan\u00fd \u010das \u010d\u00edtania":"1 min\u00fata"},"schema":{"@context":"https:\/\/schema.org","@graph":[{"@type":"Article","@id":"https:\/\/www.vkpbratislava.sk\/?p=7937#article","isPartOf":{"@id":"https:\/\/www.vkpbratislava.sk\/?p=7937"},"author":{"name":"jenca","@id":"https:\/\/www.vkpbratislava.sk\/#\/schema\/person\/7037e769f9515aa58493d1b5852c4c50"},"headline":"Slovensk\u00fd poh\u00e1r: Pred odvetou v\u0161etko otvoren\u00e9","datePublished":"2021-11-04T09:18:25+00:00","dateModified":"2021-11-04T09:21:01+00:00","mainEntityOfPage":{"@id":"https:\/\/www.vkpbratislava.sk\/?p=7937"},"wordCount":234,"publisher":{"@id":"https:\/\/www.vkpbratislava.sk\/#organization"},"image":{"@id":"https:\/\/www.vkpbratislava.sk\/?p=7937#primaryimage"},"thumbnailUrl":"https:\/\/www.vkpbratislava.sk\/wp-content\/uploads\/2021\/10\/DF1A6494.jpg","articleSection":["Mu\u017ei"],"inLanguage":"sk-SK"},{"@type":"WebPage","@id":"https:\/\/www.vkpbratislava.sk\/?p=7937","url":"https:\/\/www.vkpbratislava.sk\/?p=7937","name":"Slovensk\u00fd poh\u00e1r: Pred odvetou v\u0161etko otvoren\u00e9 - VK SLOVAN Bratislava","isPartOf":{"@id":"https:\/\/www.vkpbratislava.sk\/#website"},"primaryImageOfPage":{"@id":"https:\/\/www.vkpbratislava.sk\/?p=7937#primaryimage"},"image":{"@id":"https:\/\/www.vkpbratislava.sk\/?p=7937#primaryimage"},"thumbnailUrl":"https:\/\/www.vkpbratislava.sk\/wp-content\/uploads\/2021\/10\/DF1A6494.jpg","datePublished":"2021-11-04T09:18:25+00:00","dateModified":"2021-11-04T09:21:01+00:00","description":"V \u00favodnom z\u00e1pase 1. kola Slovensk\u00e9ho poh\u00e1ra prehrali volejbalisti VKP Bratislava na palubovke Kom\u00e1rna 1:3, hoci s\u00faboj proti aktu\u00e1lnemu majstrovi mali v\u00fdborne rozohrat\u00ed.","breadcrumb":{"@id":"https:\/\/www.vkpbratislava.sk\/?p=7937#breadcrumb"},"inLanguage":"sk-SK","potentialAction":[{"@type":"ReadAction","target":["https:\/\/www.vkpbratislava.sk\/?p=7937"]}]},{"@type":"ImageObject","inLanguage":"sk-SK","@id":"https:\/\/www.vkpbratislava.sk\/?p=7937#primaryimage","url":"https:\/\/www.vkpbratislava.sk\/wp-content\/uploads\/2021\/10\/DF1A6494.jpg","contentUrl":"https:\/\/www.vkpbratislava.sk\/wp-content\/uploads\/2021\/10\/DF1A6494.jpg","width":2048,"height":1365},{"@type":"BreadcrumbList","@id":"https:\/\/www.vkpbratislava.sk\/?p=7937#breadcrumb","itemListElement":[{"@type":"ListItem","position":1,"name":"Domov","item":"https:\/\/www.vkpbratislava.sk\/"},{"@type":"ListItem","position":2,"name":"Slovensk\u00fd poh\u00e1r: Pred odvetou v\u0161etko otvoren\u00e9"}]},{"@type":"WebSite","@id":"https:\/\/www.vkpbratislava.sk\/#website","url":"https:\/\/www.vkpbratislava.sk\/","name":"VK SLOVAN Bratislava","description":"Volejbalov\u00fd klub","publisher":{"@id":"https:\/\/www.vkpbratislava.sk\/#organization"},"potentialAction":[{"@type":"SearchAction","target":{"@type":"EntryPoint","urlTemplate":"https:\/\/www.vkpbratislava.sk\/?s={search_term_string}"},"query-input":{"@type":"PropertyValueSpecification","valueRequired":true,"valueName":"search_term_string"}}],"inLanguage":"sk-SK"},{"@type":"Organization","@id":"https:\/\/www.vkpbratislava.sk\/#organization","name":"VKP Bratislava","url":"https:\/\/www.vkpbratislava.sk\/","logo":{"@type":"ImageObject","inLanguage":"sk-SK","@id":"https:\/\/www.vkpbratislava.sk\/#\/schema\/logo\/image\/","url":"https:\/\/www.vkpbratislava.sk\/wp-content\/uploads\/2020\/10\/vkpBA.png","contentUrl":"https:\/\/www.vkpbratislava.sk\/wp-content\/uploads\/2020\/10\/vkpBA.png","width":600,"height":600,"caption":"VKP Bratislava"},"image":{"@id":"https:\/\/www.vkpbratislava.sk\/#\/schema\/logo\/image\/"}},{"@type":"Person","@id":"https:\/\/www.vkpbratislava.sk\/#\/schema\/person\/7037e769f9515aa58493d1b5852c4c50","name":"jenca","image":{"@type":"ImageObject","inLanguage":"sk-SK","@id":"https:\/\/www.vkpbratislava.sk\/#\/schema\/person\/image\/","url":"https:\/\/secure.gravatar.com\/avatar\/67aa89e9aab2911bbd0c6fbf0a891ea8d80c207c9b6a6e2c96e13fc2f16e536d?s=96&d=mm&r=g","contentUrl":"https:\/\/secure.gravatar.com\/avatar\/67aa89e9aab2911bbd0c6fbf0a891ea8d80c207c9b6a6e2c96e13fc2f16e536d?s=96&d=mm&r=g","caption":"jenca"},"url":"https:\/\/www.vkpbratislava.sk\/?author=3"}]}},"_links":{"self":[{"href":"https:\/\/www.vkpbratislava.sk\/index.php?rest_route=\/wp\/v2\/posts\/7937","targetHints":{"allow":["GET"]}}],"collection":[{"href":"https:\/\/www.vkpbratislava.sk\/index.php?rest_route=\/wp\/v2\/posts"}],"about":[{"href":"https:\/\/www.vkpbratislava.sk\/index.php?rest_route=\/wp\/v2\/types\/post"}],"author":[{"embeddable":true,"href":"https:\/\/www.vkpbratislava.sk\/index.php?rest_route=\/wp\/v2\/users\/3"}],"replies":[{"embeddable":true,"href":"https:\/\/www.vkpbratislava.sk\/index.php?rest_route=%2Fwp%2Fv2%2Fcomments&post=7937"}],"version-history":[{"count":4,"href":"https:\/\/www.vkpbratislava.sk\/index.php?rest_route=\/wp\/v2\/posts\/7937\/revisions"}],"predecessor-version":[{"id":7941,"href":"https:\/\/www.vkpbratislava.sk\/index.php?rest_route=\/wp\/v2\/posts\/7937\/revisions\/7941"}],"wp:featuredmedia":[{"embeddable":true,"href":"https:\/\/www.vkpbratislava.sk\/index.php?rest_route=\/wp\/v2\/media\/7200"}],"wp:attachment":[{"href":"https:\/\/www.vkpbratislava.sk\/index.php?rest_route=%2Fwp%2Fv2%2Fmedia&parent=7937"}],"wp:term":[{"taxonomy":"category","embeddable":true,"href":"https:\/\/www.vkpbratislava.sk\/index.php?rest_route=%2Fwp%2Fv2%2Fcategories&post=7937"},{"taxonomy":"post_tag","embeddable":true,"href":"https:\/\/www.vkpbratislava.sk\/index.php?rest_route=%2Fwp%2Fv2%2Ftags&post=7937"}],"curies":[{"name":"wp","href":"https:\/\/api.w.org\/{rel}","templated":true}]}}