{"id":8393,"date":"2021-11-07T09:06:53","date_gmt":"2021-11-07T08:06:53","guid":{"rendered":"https:\/\/www.vkpbratislava.sk\/?p=8393"},"modified":"2021-11-07T22:49:59","modified_gmt":"2021-11-07T21:49:59","slug":"mevza-v-grazi-bez-zisku-setu","status":"publish","type":"post","link":"https:\/\/www.vkpbratislava.sk\/?p=8393","title":{"rendered":"MEVZA: V Grazi bez zisku setu"},"content":{"rendered":"<p><strong>Volejbalisti VKP Bratislava po piatkovom v\u00ed\u0165azstve v extralige s Prievidzou 3:0 cestovali na druh\u00fd de\u0148 do Rak\u00faska, kde sa predstavili v Stredoeur\u00f3pskej lige MEVZA na palubovke UVC Holding Graz a bez niektor\u00fdch k\u013e\u00fa\u010dov\u00fdch hr\u00e1\u010dov prehrali 0:3.<\/strong><\/p>\n<p><strong>UVC HOLDING GRAZ &#8211; VKP BRATISLAVA 3:0 (21, 20, 19)<\/strong><\/p>\n<p><strong>Rozhodovali:<\/strong> Kramar-\u0160andl a Jurkovi\u010d.<\/p>\n<p><strong>VKP:<\/strong> Van\u010do 10, Tarabus 6, Truba\u010d 6, Billich 5, Yacoubou 3, Pavli\u010dko, liber\u00e1 Jakub\u00edk 1 a Kurej (Jur\u00edk 1, Kri\u0161\u00e1k). Tr\u00e9ner: M. Kaln\u00fd.<\/p>\n<p>Mat\u00fa\u0161 Kaln\u00fd, tr\u00e9ner VKP: \u201cV\u00a0porovnan\u00ed so s\u00faperom sme spravili viac nevyn\u00faten\u00fdch ch\u00fdb, mali sme probl\u00e9m sa presadi\u0165 zo z\u00f3ny 4 a nezvl\u00e1dli sme stavy od 18:18.\u201d<\/p>\n<div id='gallery-1' class='gallery galleryid-8393 gallery-columns-3 gallery-size-thumbnail'><figure class='gallery-item'>\n\t\t\t<div class='gallery-icon portrait'>\n\t\t\t\t<a href='https:\/\/www.vkpbratislava.sk\/?attachment_id=8401'><img loading=\"lazy\" decoding=\"async\" width=\"160\" height=\"160\" src=\"https:\/\/www.vkpbratislava.sk\/wp-content\/uploads\/2021\/11\/WhatsApp-Image-2021-11-06-at-22.20.20-160x160.jpeg\" class=\"attachment-thumbnail size-thumbnail\" alt=\"\" srcset=\"https:\/\/www.vkpbratislava.sk\/wp-content\/uploads\/2021\/11\/WhatsApp-Image-2021-11-06-at-22.20.20-160x160.jpeg 160w, https:\/\/www.vkpbratislava.sk\/wp-content\/uploads\/2021\/11\/WhatsApp-Image-2021-11-06-at-22.20.20-320x320.jpeg 320w, https:\/\/www.vkpbratislava.sk\/wp-content\/uploads\/2021\/11\/WhatsApp-Image-2021-11-06-at-22.20.20-640x640.jpeg 640w, https:\/\/www.vkpbratislava.sk\/wp-content\/uploads\/2021\/11\/WhatsApp-Image-2021-11-06-at-22.20.20-1280x1280.jpeg 1280w, https:\/\/www.vkpbratislava.sk\/wp-content\/uploads\/2021\/11\/WhatsApp-Image-2021-11-06-at-22.20.20-600x600.jpeg 600w, https:\/\/www.vkpbratislava.sk\/wp-content\/uploads\/2021\/11\/WhatsApp-Image-2021-11-06-at-22.20.20-100x100.jpeg 100w\" sizes=\"auto, (max-width: 160px) 100vw, 160px\" \/><\/a>\n\t\t\t<\/div><\/figure><figure class='gallery-item'>\n\t\t\t<div class='gallery-icon portrait'>\n\t\t\t\t<a href='https:\/\/www.vkpbratislava.sk\/?attachment_id=8400'><img loading=\"lazy\" decoding=\"async\" width=\"160\" height=\"160\" src=\"https:\/\/www.vkpbratislava.sk\/wp-content\/uploads\/2021\/11\/WhatsApp-Image-2021-11-06-at-22.20.22-160x160.jpeg\" class=\"attachment-thumbnail size-thumbnail\" alt=\"\" srcset=\"https:\/\/www.vkpbratislava.sk\/wp-content\/uploads\/2021\/11\/WhatsApp-Image-2021-11-06-at-22.20.22-160x160.jpeg 160w, https:\/\/www.vkpbratislava.sk\/wp-content\/uploads\/2021\/11\/WhatsApp-Image-2021-11-06-at-22.20.22-320x320.jpeg 320w, https:\/\/www.vkpbratislava.sk\/wp-content\/uploads\/2021\/11\/WhatsApp-Image-2021-11-06-at-22.20.22-640x640.jpeg 640w, https:\/\/www.vkpbratislava.sk\/wp-content\/uploads\/2021\/11\/WhatsApp-Image-2021-11-06-at-22.20.22-1280x1280.jpeg 1280w, https:\/\/www.vkpbratislava.sk\/wp-content\/uploads\/2021\/11\/WhatsApp-Image-2021-11-06-at-22.20.22-600x600.jpeg 600w, https:\/\/www.vkpbratislava.sk\/wp-content\/uploads\/2021\/11\/WhatsApp-Image-2021-11-06-at-22.20.22-100x100.jpeg 100w\" sizes=\"auto, (max-width: 160px) 100vw, 160px\" \/><\/a>\n\t\t\t<\/div><\/figure><figure class='gallery-item'>\n\t\t\t<div class='gallery-icon portrait'>\n\t\t\t\t<a href='https:\/\/www.vkpbratislava.sk\/?attachment_id=8399'><img loading=\"lazy\" decoding=\"async\" width=\"160\" height=\"160\" src=\"https:\/\/www.vkpbratislava.sk\/wp-content\/uploads\/2021\/11\/WhatsApp-Image-2021-11-06-at-22.20.23-160x160.jpeg\" class=\"attachment-thumbnail size-thumbnail\" alt=\"\" srcset=\"https:\/\/www.vkpbratislava.sk\/wp-content\/uploads\/2021\/11\/WhatsApp-Image-2021-11-06-at-22.20.23-160x160.jpeg 160w, https:\/\/www.vkpbratislava.sk\/wp-content\/uploads\/2021\/11\/WhatsApp-Image-2021-11-06-at-22.20.23-320x320.jpeg 320w, https:\/\/www.vkpbratislava.sk\/wp-content\/uploads\/2021\/11\/WhatsApp-Image-2021-11-06-at-22.20.23-640x640.jpeg 640w, https:\/\/www.vkpbratislava.sk\/wp-content\/uploads\/2021\/11\/WhatsApp-Image-2021-11-06-at-22.20.23-1280x1280.jpeg 1280w, https:\/\/www.vkpbratislava.sk\/wp-content\/uploads\/2021\/11\/WhatsApp-Image-2021-11-06-at-22.20.23-600x600.jpeg 600w, https:\/\/www.vkpbratislava.sk\/wp-content\/uploads\/2021\/11\/WhatsApp-Image-2021-11-06-at-22.20.23-100x100.jpeg 100w\" sizes=\"auto, (max-width: 160px) 100vw, 160px\" \/><\/a>\n\t\t\t<\/div><\/figure><figure class='gallery-item'>\n\t\t\t<div class='gallery-icon portrait'>\n\t\t\t\t<a href='https:\/\/www.vkpbratislava.sk\/?attachment_id=8398'><img loading=\"lazy\" decoding=\"async\" width=\"160\" height=\"160\" src=\"https:\/\/www.vkpbratislava.sk\/wp-content\/uploads\/2021\/11\/WhatsApp-Image-2021-11-06-at-22.20.24-160x160.jpeg\" class=\"attachment-thumbnail size-thumbnail\" alt=\"\" srcset=\"https:\/\/www.vkpbratislava.sk\/wp-content\/uploads\/2021\/11\/WhatsApp-Image-2021-11-06-at-22.20.24-160x160.jpeg 160w, https:\/\/www.vkpbratislava.sk\/wp-content\/uploads\/2021\/11\/WhatsApp-Image-2021-11-06-at-22.20.24-320x320.jpeg 320w, https:\/\/www.vkpbratislava.sk\/wp-content\/uploads\/2021\/11\/WhatsApp-Image-2021-11-06-at-22.20.24-640x640.jpeg 640w, https:\/\/www.vkpbratislava.sk\/wp-content\/uploads\/2021\/11\/WhatsApp-Image-2021-11-06-at-22.20.24-1280x1280.jpeg 1280w, https:\/\/www.vkpbratislava.sk\/wp-content\/uploads\/2021\/11\/WhatsApp-Image-2021-11-06-at-22.20.24-600x600.jpeg 600w, https:\/\/www.vkpbratislava.sk\/wp-content\/uploads\/2021\/11\/WhatsApp-Image-2021-11-06-at-22.20.24-100x100.jpeg 100w\" sizes=\"auto, (max-width: 160px) 100vw, 160px\" \/><\/a>\n\t\t\t<\/div><\/figure><figure class='gallery-item'>\n\t\t\t<div class='gallery-icon portrait'>\n\t\t\t\t<a href='https:\/\/www.vkpbratislava.sk\/?attachment_id=8396'><img loading=\"lazy\" decoding=\"async\" width=\"160\" height=\"160\" src=\"https:\/\/www.vkpbratislava.sk\/wp-content\/uploads\/2021\/11\/WhatsApp-Image-2021-11-06-at-22.20.29-160x160.jpeg\" class=\"attachment-thumbnail size-thumbnail\" alt=\"\" srcset=\"https:\/\/www.vkpbratislava.sk\/wp-content\/uploads\/2021\/11\/WhatsApp-Image-2021-11-06-at-22.20.29-160x160.jpeg 160w, https:\/\/www.vkpbratislava.sk\/wp-content\/uploads\/2021\/11\/WhatsApp-Image-2021-11-06-at-22.20.29-320x320.jpeg 320w, https:\/\/www.vkpbratislava.sk\/wp-content\/uploads\/2021\/11\/WhatsApp-Image-2021-11-06-at-22.20.29-640x640.jpeg 640w, https:\/\/www.vkpbratislava.sk\/wp-content\/uploads\/2021\/11\/WhatsApp-Image-2021-11-06-at-22.20.29-1280x1280.jpeg 1280w, https:\/\/www.vkpbratislava.sk\/wp-content\/uploads\/2021\/11\/WhatsApp-Image-2021-11-06-at-22.20.29-600x600.jpeg 600w, https:\/\/www.vkpbratislava.sk\/wp-content\/uploads\/2021\/11\/WhatsApp-Image-2021-11-06-at-22.20.29-100x100.jpeg 100w\" sizes=\"auto, (max-width: 160px) 100vw, 160px\" \/><\/a>\n\t\t\t<\/div><\/figure><figure class='gallery-item'>\n\t\t\t<div class='gallery-icon portrait'>\n\t\t\t\t<a href='https:\/\/www.vkpbratislava.sk\/?attachment_id=8395'><img loading=\"lazy\" decoding=\"async\" width=\"160\" height=\"160\" src=\"https:\/\/www.vkpbratislava.sk\/wp-content\/uploads\/2021\/11\/WhatsApp-Image-2021-11-06-at-22.20.11-160x160.jpeg\" class=\"attachment-thumbnail size-thumbnail\" alt=\"\" srcset=\"https:\/\/www.vkpbratislava.sk\/wp-content\/uploads\/2021\/11\/WhatsApp-Image-2021-11-06-at-22.20.11-160x160.jpeg 160w, https:\/\/www.vkpbratislava.sk\/wp-content\/uploads\/2021\/11\/WhatsApp-Image-2021-11-06-at-22.20.11-320x320.jpeg 320w, https:\/\/www.vkpbratislava.sk\/wp-content\/uploads\/2021\/11\/WhatsApp-Image-2021-11-06-at-22.20.11-640x640.jpeg 640w, https:\/\/www.vkpbratislava.sk\/wp-content\/uploads\/2021\/11\/WhatsApp-Image-2021-11-06-at-22.20.11-1280x1280.jpeg 1280w, https:\/\/www.vkpbratislava.sk\/wp-content\/uploads\/2021\/11\/WhatsApp-Image-2021-11-06-at-22.20.11-600x600.jpeg 600w, https:\/\/www.vkpbratislava.sk\/wp-content\/uploads\/2021\/11\/WhatsApp-Image-2021-11-06-at-22.20.11-100x100.jpeg 100w\" sizes=\"auto, (max-width: 160px) 100vw, 160px\" \/><\/a>\n\t\t\t<\/div><\/figure><figure class='gallery-item'>\n\t\t\t<div class='gallery-icon portrait'>\n\t\t\t\t<a href='https:\/\/www.vkpbratislava.sk\/?attachment_id=8394'><img loading=\"lazy\" decoding=\"async\" width=\"160\" height=\"160\" src=\"https:\/\/www.vkpbratislava.sk\/wp-content\/uploads\/2021\/11\/WhatsApp-Image-2021-11-06-at-22.20.29-1-160x160.jpeg\" class=\"attachment-thumbnail size-thumbnail\" alt=\"\" srcset=\"https:\/\/www.vkpbratislava.sk\/wp-content\/uploads\/2021\/11\/WhatsApp-Image-2021-11-06-at-22.20.29-1-160x160.jpeg 160w, https:\/\/www.vkpbratislava.sk\/wp-content\/uploads\/2021\/11\/WhatsApp-Image-2021-11-06-at-22.20.29-1-320x320.jpeg 320w, https:\/\/www.vkpbratislava.sk\/wp-content\/uploads\/2021\/11\/WhatsApp-Image-2021-11-06-at-22.20.29-1-640x640.jpeg 640w, https:\/\/www.vkpbratislava.sk\/wp-content\/uploads\/2021\/11\/WhatsApp-Image-2021-11-06-at-22.20.29-1-1280x1280.jpeg 1280w, https:\/\/www.vkpbratislava.sk\/wp-content\/uploads\/2021\/11\/WhatsApp-Image-2021-11-06-at-22.20.29-1-600x600.jpeg 600w, https:\/\/www.vkpbratislava.sk\/wp-content\/uploads\/2021\/11\/WhatsApp-Image-2021-11-06-at-22.20.29-1-100x100.jpeg 100w\" sizes=\"auto, (max-width: 160px) 100vw, 160px\" \/><\/a>\n\t\t\t<\/div><\/figure>\n\t\t<\/div>\n\n","protected":false},"excerpt":{"rendered":"<p>Volejbalisti VKP Bratislava po piatkovom v\u00ed\u0165azstve v extralige s Prievidzou 3:0 cestovali na druh\u00fd de\u0148 do Rak\u00faska, kde sa predstavili v Stredoeur\u00f3pskej lige MEVZA na palubovke UVC Holding Graz a bez niektor\u00fdch k\u013e\u00fa\u010dov\u00fdch hr\u00e1\u010dov prehrali 0:3.<\/p>\n","protected":false},"author":3,"featured_media":8397,"comment_status":"closed","ping_status":"open","sticky":false,"template":"","format":"standard","meta":{"_monsterinsights_skip_tracking":false,"_monsterinsights_sitenote_active":false,"_monsterinsights_sitenote_note":"","_monsterinsights_sitenote_category":0,"footnotes":""},"categories":[47],"tags":[],"class_list":["post-8393","post","type-post","status-publish","format-standard","has-post-thumbnail","hentry","category-muzi"],"yoast_head":"<!-- This site is optimized with the Yoast SEO plugin v25.6 - https:\/\/yoast.com\/wordpress\/plugins\/seo\/ -->\n<title>MEVZA: V Grazi bez zisku setu - VK SLOVAN Bratislava<\/title>\n<meta name=\"description\" content=\"Volejbalisti VKP Bratislava po piatkovom v\u00ed\u0165azstve v extralige s Prievidzou 3:0 cestovali na druh\u00fd de\u0148 do Rak\u00faska, kde sa predstavili v Stredoeur\u00f3pskej lige MEVZA na palubovke UVC Holding Graz a bez niektor\u00fdch k\u013e\u00fa\u010dov\u00fdch hr\u00e1\u010dov prehrali 0:3.\" \/>\n<meta name=\"robots\" content=\"index, follow, max-snippet:-1, max-image-preview:large, max-video-preview:-1\" \/>\n<link rel=\"canonical\" href=\"https:\/\/www.vkpbratislava.sk\/?p=8393\" \/>\n<meta property=\"og:locale\" content=\"sk_SK\" \/>\n<meta property=\"og:type\" content=\"article\" \/>\n<meta property=\"og:title\" content=\"MEVZA: V Grazi bez zisku setu - VK SLOVAN Bratislava\" \/>\n<meta property=\"og:description\" content=\"Volejbalisti VKP Bratislava po piatkovom v\u00ed\u0165azstve v extralige s Prievidzou 3:0 cestovali na druh\u00fd de\u0148 do Rak\u00faska, kde sa predstavili v Stredoeur\u00f3pskej lige MEVZA na palubovke UVC Holding Graz a bez niektor\u00fdch k\u013e\u00fa\u010dov\u00fdch hr\u00e1\u010dov prehrali 0:3.\" \/>\n<meta property=\"og:url\" content=\"https:\/\/www.vkpbratislava.sk\/?p=8393\" \/>\n<meta property=\"og:site_name\" content=\"VK SLOVAN Bratislava\" \/>\n<meta property=\"article:published_time\" content=\"2021-11-07T08:06:53+00:00\" \/>\n<meta property=\"article:modified_time\" content=\"2021-11-07T21:49:59+00:00\" \/>\n<meta property=\"og:image\" content=\"https:\/\/www.vkpbratislava.sk\/wp-content\/uploads\/2021\/11\/WhatsApp-Image-2021-11-06-at-22.20.26.jpeg\" \/>\n\t<meta property=\"og:image:width\" content=\"2048\" \/>\n\t<meta property=\"og:image:height\" content=\"1536\" \/>\n\t<meta property=\"og:image:type\" content=\"image\/jpeg\" \/>\n<meta name=\"author\" content=\"jenca\" \/>\n<meta name=\"twitter:card\" content=\"summary_large_image\" \/>\n<meta name=\"twitter:label1\" content=\"Autor\" \/>\n\t<meta name=\"twitter:data1\" content=\"jenca\" \/>\n\t<meta name=\"twitter:label2\" content=\"Predpokladan\u00fd \u010das \u010d\u00edtania\" \/>\n\t<meta name=\"twitter:data2\" content=\"1 min\u00fata\" \/>\n<script type=\"application\/ld+json\" class=\"yoast-schema-graph\">{\"@context\":\"https:\/\/schema.org\",\"@graph\":[{\"@type\":\"Article\",\"@id\":\"https:\/\/www.vkpbratislava.sk\/?p=8393#article\",\"isPartOf\":{\"@id\":\"https:\/\/www.vkpbratislava.sk\/?p=8393\"},\"author\":{\"name\":\"jenca\",\"@id\":\"https:\/\/www.vkpbratislava.sk\/#\/schema\/person\/7037e769f9515aa58493d1b5852c4c50\"},\"headline\":\"MEVZA: V Grazi bez zisku setu\",\"datePublished\":\"2021-11-07T08:06:53+00:00\",\"dateModified\":\"2021-11-07T21:49:59+00:00\",\"mainEntityOfPage\":{\"@id\":\"https:\/\/www.vkpbratislava.sk\/?p=8393\"},\"wordCount\":115,\"publisher\":{\"@id\":\"https:\/\/www.vkpbratislava.sk\/#organization\"},\"image\":{\"@id\":\"https:\/\/www.vkpbratislava.sk\/?p=8393#primaryimage\"},\"thumbnailUrl\":\"https:\/\/www.vkpbratislava.sk\/wp-content\/uploads\/2021\/11\/WhatsApp-Image-2021-11-06-at-22.20.26.jpeg\",\"articleSection\":[\"Mu\u017ei\"],\"inLanguage\":\"sk-SK\"},{\"@type\":\"WebPage\",\"@id\":\"https:\/\/www.vkpbratislava.sk\/?p=8393\",\"url\":\"https:\/\/www.vkpbratislava.sk\/?p=8393\",\"name\":\"MEVZA: V Grazi bez zisku setu - VK SLOVAN Bratislava\",\"isPartOf\":{\"@id\":\"https:\/\/www.vkpbratislava.sk\/#website\"},\"primaryImageOfPage\":{\"@id\":\"https:\/\/www.vkpbratislava.sk\/?p=8393#primaryimage\"},\"image\":{\"@id\":\"https:\/\/www.vkpbratislava.sk\/?p=8393#primaryimage\"},\"thumbnailUrl\":\"https:\/\/www.vkpbratislava.sk\/wp-content\/uploads\/2021\/11\/WhatsApp-Image-2021-11-06-at-22.20.26.jpeg\",\"datePublished\":\"2021-11-07T08:06:53+00:00\",\"dateModified\":\"2021-11-07T21:49:59+00:00\",\"description\":\"Volejbalisti VKP Bratislava po piatkovom v\u00ed\u0165azstve v extralige s Prievidzou 3:0 cestovali na druh\u00fd de\u0148 do Rak\u00faska, kde sa predstavili v Stredoeur\u00f3pskej lige MEVZA na palubovke UVC Holding Graz a bez niektor\u00fdch k\u013e\u00fa\u010dov\u00fdch hr\u00e1\u010dov prehrali 0:3.\",\"breadcrumb\":{\"@id\":\"https:\/\/www.vkpbratislava.sk\/?p=8393#breadcrumb\"},\"inLanguage\":\"sk-SK\",\"potentialAction\":[{\"@type\":\"ReadAction\",\"target\":[\"https:\/\/www.vkpbratislava.sk\/?p=8393\"]}]},{\"@type\":\"ImageObject\",\"inLanguage\":\"sk-SK\",\"@id\":\"https:\/\/www.vkpbratislava.sk\/?p=8393#primaryimage\",\"url\":\"https:\/\/www.vkpbratislava.sk\/wp-content\/uploads\/2021\/11\/WhatsApp-Image-2021-11-06-at-22.20.26.jpeg\",\"contentUrl\":\"https:\/\/www.vkpbratislava.sk\/wp-content\/uploads\/2021\/11\/WhatsApp-Image-2021-11-06-at-22.20.26.jpeg\",\"width\":2048,\"height\":1536},{\"@type\":\"BreadcrumbList\",\"@id\":\"https:\/\/www.vkpbratislava.sk\/?p=8393#breadcrumb\",\"itemListElement\":[{\"@type\":\"ListItem\",\"position\":1,\"name\":\"Domov\",\"item\":\"https:\/\/www.vkpbratislava.sk\/\"},{\"@type\":\"ListItem\",\"position\":2,\"name\":\"MEVZA: V Grazi bez zisku setu\"}]},{\"@type\":\"WebSite\",\"@id\":\"https:\/\/www.vkpbratislava.sk\/#website\",\"url\":\"https:\/\/www.vkpbratislava.sk\/\",\"name\":\"VK SLOVAN Bratislava\",\"description\":\"Volejbalov\u00fd klub\",\"publisher\":{\"@id\":\"https:\/\/www.vkpbratislava.sk\/#organization\"},\"potentialAction\":[{\"@type\":\"SearchAction\",\"target\":{\"@type\":\"EntryPoint\",\"urlTemplate\":\"https:\/\/www.vkpbratislava.sk\/?s={search_term_string}\"},\"query-input\":{\"@type\":\"PropertyValueSpecification\",\"valueRequired\":true,\"valueName\":\"search_term_string\"}}],\"inLanguage\":\"sk-SK\"},{\"@type\":\"Organization\",\"@id\":\"https:\/\/www.vkpbratislava.sk\/#organization\",\"name\":\"VKP Bratislava\",\"url\":\"https:\/\/www.vkpbratislava.sk\/\",\"logo\":{\"@type\":\"ImageObject\",\"inLanguage\":\"sk-SK\",\"@id\":\"https:\/\/www.vkpbratislava.sk\/#\/schema\/logo\/image\/\",\"url\":\"https:\/\/www.vkpbratislava.sk\/wp-content\/uploads\/2020\/10\/vkpBA.png\",\"contentUrl\":\"https:\/\/www.vkpbratislava.sk\/wp-content\/uploads\/2020\/10\/vkpBA.png\",\"width\":600,\"height\":600,\"caption\":\"VKP Bratislava\"},\"image\":{\"@id\":\"https:\/\/www.vkpbratislava.sk\/#\/schema\/logo\/image\/\"}},{\"@type\":\"Person\",\"@id\":\"https:\/\/www.vkpbratislava.sk\/#\/schema\/person\/7037e769f9515aa58493d1b5852c4c50\",\"name\":\"jenca\",\"image\":{\"@type\":\"ImageObject\",\"inLanguage\":\"sk-SK\",\"@id\":\"https:\/\/www.vkpbratislava.sk\/#\/schema\/person\/image\/\",\"url\":\"https:\/\/secure.gravatar.com\/avatar\/67aa89e9aab2911bbd0c6fbf0a891ea8d80c207c9b6a6e2c96e13fc2f16e536d?s=96&d=mm&r=g\",\"contentUrl\":\"https:\/\/secure.gravatar.com\/avatar\/67aa89e9aab2911bbd0c6fbf0a891ea8d80c207c9b6a6e2c96e13fc2f16e536d?s=96&d=mm&r=g\",\"caption\":\"jenca\"},\"url\":\"https:\/\/www.vkpbratislava.sk\/?author=3\"}]}<\/script>\n<!-- \/ Yoast SEO plugin. -->","yoast_head_json":{"title":"MEVZA: V Grazi bez zisku setu - VK SLOVAN Bratislava","description":"Volejbalisti VKP Bratislava po piatkovom v\u00ed\u0165azstve v extralige s Prievidzou 3:0 cestovali na druh\u00fd de\u0148 do Rak\u00faska, kde sa predstavili v Stredoeur\u00f3pskej lige MEVZA na palubovke UVC Holding Graz a bez niektor\u00fdch k\u013e\u00fa\u010dov\u00fdch hr\u00e1\u010dov prehrali 0:3.","robots":{"index":"index","follow":"follow","max-snippet":"max-snippet:-1","max-image-preview":"max-image-preview:large","max-video-preview":"max-video-preview:-1"},"canonical":"https:\/\/www.vkpbratislava.sk\/?p=8393","og_locale":"sk_SK","og_type":"article","og_title":"MEVZA: V Grazi bez zisku setu - VK SLOVAN Bratislava","og_description":"Volejbalisti VKP Bratislava po piatkovom v\u00ed\u0165azstve v extralige s Prievidzou 3:0 cestovali na druh\u00fd de\u0148 do Rak\u00faska, kde sa predstavili v Stredoeur\u00f3pskej lige MEVZA na palubovke UVC Holding Graz a bez niektor\u00fdch k\u013e\u00fa\u010dov\u00fdch hr\u00e1\u010dov prehrali 0:3.","og_url":"https:\/\/www.vkpbratislava.sk\/?p=8393","og_site_name":"VK SLOVAN Bratislava","article_published_time":"2021-11-07T08:06:53+00:00","article_modified_time":"2021-11-07T21:49:59+00:00","og_image":[{"width":2048,"height":1536,"url":"https:\/\/www.vkpbratislava.sk\/wp-content\/uploads\/2021\/11\/WhatsApp-Image-2021-11-06-at-22.20.26.jpeg","type":"image\/jpeg"}],"author":"jenca","twitter_card":"summary_large_image","twitter_misc":{"Autor":"jenca","Predpokladan\u00fd \u010das \u010d\u00edtania":"1 min\u00fata"},"schema":{"@context":"https:\/\/schema.org","@graph":[{"@type":"Article","@id":"https:\/\/www.vkpbratislava.sk\/?p=8393#article","isPartOf":{"@id":"https:\/\/www.vkpbratislava.sk\/?p=8393"},"author":{"name":"jenca","@id":"https:\/\/www.vkpbratislava.sk\/#\/schema\/person\/7037e769f9515aa58493d1b5852c4c50"},"headline":"MEVZA: V Grazi bez zisku setu","datePublished":"2021-11-07T08:06:53+00:00","dateModified":"2021-11-07T21:49:59+00:00","mainEntityOfPage":{"@id":"https:\/\/www.vkpbratislava.sk\/?p=8393"},"wordCount":115,"publisher":{"@id":"https:\/\/www.vkpbratislava.sk\/#organization"},"image":{"@id":"https:\/\/www.vkpbratislava.sk\/?p=8393#primaryimage"},"thumbnailUrl":"https:\/\/www.vkpbratislava.sk\/wp-content\/uploads\/2021\/11\/WhatsApp-Image-2021-11-06-at-22.20.26.jpeg","articleSection":["Mu\u017ei"],"inLanguage":"sk-SK"},{"@type":"WebPage","@id":"https:\/\/www.vkpbratislava.sk\/?p=8393","url":"https:\/\/www.vkpbratislava.sk\/?p=8393","name":"MEVZA: V Grazi bez zisku setu - VK SLOVAN Bratislava","isPartOf":{"@id":"https:\/\/www.vkpbratislava.sk\/#website"},"primaryImageOfPage":{"@id":"https:\/\/www.vkpbratislava.sk\/?p=8393#primaryimage"},"image":{"@id":"https:\/\/www.vkpbratislava.sk\/?p=8393#primaryimage"},"thumbnailUrl":"https:\/\/www.vkpbratislava.sk\/wp-content\/uploads\/2021\/11\/WhatsApp-Image-2021-11-06-at-22.20.26.jpeg","datePublished":"2021-11-07T08:06:53+00:00","dateModified":"2021-11-07T21:49:59+00:00","description":"Volejbalisti VKP Bratislava po piatkovom v\u00ed\u0165azstve v extralige s Prievidzou 3:0 cestovali na druh\u00fd de\u0148 do Rak\u00faska, kde sa predstavili v Stredoeur\u00f3pskej lige MEVZA na palubovke UVC Holding Graz a bez niektor\u00fdch k\u013e\u00fa\u010dov\u00fdch hr\u00e1\u010dov prehrali 0:3.","breadcrumb":{"@id":"https:\/\/www.vkpbratislava.sk\/?p=8393#breadcrumb"},"inLanguage":"sk-SK","potentialAction":[{"@type":"ReadAction","target":["https:\/\/www.vkpbratislava.sk\/?p=8393"]}]},{"@type":"ImageObject","inLanguage":"sk-SK","@id":"https:\/\/www.vkpbratislava.sk\/?p=8393#primaryimage","url":"https:\/\/www.vkpbratislava.sk\/wp-content\/uploads\/2021\/11\/WhatsApp-Image-2021-11-06-at-22.20.26.jpeg","contentUrl":"https:\/\/www.vkpbratislava.sk\/wp-content\/uploads\/2021\/11\/WhatsApp-Image-2021-11-06-at-22.20.26.jpeg","width":2048,"height":1536},{"@type":"BreadcrumbList","@id":"https:\/\/www.vkpbratislava.sk\/?p=8393#breadcrumb","itemListElement":[{"@type":"ListItem","position":1,"name":"Domov","item":"https:\/\/www.vkpbratislava.sk\/"},{"@type":"ListItem","position":2,"name":"MEVZA: V Grazi bez zisku setu"}]},{"@type":"WebSite","@id":"https:\/\/www.vkpbratislava.sk\/#website","url":"https:\/\/www.vkpbratislava.sk\/","name":"VK SLOVAN Bratislava","description":"Volejbalov\u00fd klub","publisher":{"@id":"https:\/\/www.vkpbratislava.sk\/#organization"},"potentialAction":[{"@type":"SearchAction","target":{"@type":"EntryPoint","urlTemplate":"https:\/\/www.vkpbratislava.sk\/?s={search_term_string}"},"query-input":{"@type":"PropertyValueSpecification","valueRequired":true,"valueName":"search_term_string"}}],"inLanguage":"sk-SK"},{"@type":"Organization","@id":"https:\/\/www.vkpbratislava.sk\/#organization","name":"VKP Bratislava","url":"https:\/\/www.vkpbratislava.sk\/","logo":{"@type":"ImageObject","inLanguage":"sk-SK","@id":"https:\/\/www.vkpbratislava.sk\/#\/schema\/logo\/image\/","url":"https:\/\/www.vkpbratislava.sk\/wp-content\/uploads\/2020\/10\/vkpBA.png","contentUrl":"https:\/\/www.vkpbratislava.sk\/wp-content\/uploads\/2020\/10\/vkpBA.png","width":600,"height":600,"caption":"VKP Bratislava"},"image":{"@id":"https:\/\/www.vkpbratislava.sk\/#\/schema\/logo\/image\/"}},{"@type":"Person","@id":"https:\/\/www.vkpbratislava.sk\/#\/schema\/person\/7037e769f9515aa58493d1b5852c4c50","name":"jenca","image":{"@type":"ImageObject","inLanguage":"sk-SK","@id":"https:\/\/www.vkpbratislava.sk\/#\/schema\/person\/image\/","url":"https:\/\/secure.gravatar.com\/avatar\/67aa89e9aab2911bbd0c6fbf0a891ea8d80c207c9b6a6e2c96e13fc2f16e536d?s=96&d=mm&r=g","contentUrl":"https:\/\/secure.gravatar.com\/avatar\/67aa89e9aab2911bbd0c6fbf0a891ea8d80c207c9b6a6e2c96e13fc2f16e536d?s=96&d=mm&r=g","caption":"jenca"},"url":"https:\/\/www.vkpbratislava.sk\/?author=3"}]}},"_links":{"self":[{"href":"https:\/\/www.vkpbratislava.sk\/index.php?rest_route=\/wp\/v2\/posts\/8393","targetHints":{"allow":["GET"]}}],"collection":[{"href":"https:\/\/www.vkpbratislava.sk\/index.php?rest_route=\/wp\/v2\/posts"}],"about":[{"href":"https:\/\/www.vkpbratislava.sk\/index.php?rest_route=\/wp\/v2\/types\/post"}],"author":[{"embeddable":true,"href":"https:\/\/www.vkpbratislava.sk\/index.php?rest_route=\/wp\/v2\/users\/3"}],"replies":[{"embeddable":true,"href":"https:\/\/www.vkpbratislava.sk\/index.php?rest_route=%2Fwp%2Fv2%2Fcomments&post=8393"}],"version-history":[{"count":3,"href":"https:\/\/www.vkpbratislava.sk\/index.php?rest_route=\/wp\/v2\/posts\/8393\/revisions"}],"predecessor-version":[{"id":8515,"href":"https:\/\/www.vkpbratislava.sk\/index.php?rest_route=\/wp\/v2\/posts\/8393\/revisions\/8515"}],"wp:featuredmedia":[{"embeddable":true,"href":"https:\/\/www.vkpbratislava.sk\/index.php?rest_route=\/wp\/v2\/media\/8397"}],"wp:attachment":[{"href":"https:\/\/www.vkpbratislava.sk\/index.php?rest_route=%2Fwp%2Fv2%2Fmedia&parent=8393"}],"wp:term":[{"taxonomy":"category","embeddable":true,"href":"https:\/\/www.vkpbratislava.sk\/index.php?rest_route=%2Fwp%2Fv2%2Fcategories&post=8393"},{"taxonomy":"post_tag","embeddable":true,"href":"https:\/\/www.vkpbratislava.sk\/index.php?rest_route=%2Fwp%2Fv2%2Ftags&post=8393"}],"curies":[{"name":"wp","href":"https:\/\/api.w.org\/{rel}","templated":true}]}}