{"id":8403,"date":"2021-11-07T09:19:18","date_gmt":"2021-11-07T08:19:18","guid":{"rendered":"https:\/\/www.vkpbratislava.sk\/?p=8403"},"modified":"2021-11-07T09:19:18","modified_gmt":"2021-11-07T08:19:18","slug":"dramu-rozluskol-az-tajbrejk-z-brusna-s-bodom","status":"publish","type":"post","link":"https:\/\/www.vkpbratislava.sk\/?p=8403","title":{"rendered":"Dr\u00e1mu rozl\u00faskol a\u017e tajbrejk, z Brusna s bodom"},"content":{"rendered":"<p><strong>Po eur\u00f3pskej ceste v Challenge Cupe vycestovali \u017eeny VKP Bratislava do Slovenskej \u013dup\u010de, kde sa v 8. kole predstavili proti VK Pirane Brusno a prehrali a\u017e v tajbrejku, \u010d\u00edm si zo stredn\u00e9ho Slovenska odviezli bod.<\/strong><\/p>\n<p><strong>VK PIRANE BRUSNO \u2013 VKP BRATISLAVA 3:2 (23, -23, -14, 20, 12)<\/strong><br \/>\nRozhodovali: Hol\u010d\u00edk a\u00a0Porvazn\u00edk.<br \/>\n<strong>VKP: P\u00edse\u010dn\u00e1 13, Smie\u0161kov\u00e1 11,\u00a0Spev\u00e1r 8,\u00a0<\/strong>Snopkov\u00e1 6, Kasprzak 6, Kov\u00e1\u010dov\u00e1 5, liberka Mattov\u00e1 (Fartelov\u00e1 7,\u00a0Koh\u00fatov\u00e1 3, Sahin 2, Frolov\u00e1). Tr\u00e9ner:J. Han\u010d\u00e1k.<\/p>\n<p><strong>MVP za VKP: <\/strong>Lucia Spev\u00e1r<\/p>\n<p><b>Jaroslav Han\u010d\u00e1k, tr\u00e9ner VKP:\u00a0<\/b><i>\u201eGratulujem s\u00faperovi k\u00a0v\u00ed\u0165azstvu. K\u00fdm sme hrali disciplinovane a dr\u017eali si kvalitn\u00fd servis a dobre prihr\u00e1vali, tak sme v setoch a z\u00e1pase viedli. Akon\u00e1hle s\u00faper pritla\u010dil na servise, mali sme \u0165a\u017ekosti na prihr\u00e1vke a hlavne v\u00a0\u00fatoku. S\u00faper sa dotiahol a odsko\u010dil. \u0160koda prv\u00e9ho setu. Prehrali sme si ho sami. \u0160tvrt\u00fd set sme za\u00a0stavu\u00a02:1 pre n\u00e1s pod\u013ea m\u0148a maxim\u00e1lne odfl\u00e1kali v ka\u017edej hernej \u010dinnosti. Vyzeralo to ako uspokojenie pre v\u00e4\u010d\u0161inu\u00a0hr\u00e1\u010dok, ch\u00fdbalo\u00a0mi tam nasadenie. V tajbrejku bol s\u00faper\u00a0odv\u00e1\u017enej\u0161\u00ed a zasl\u00fa\u017eene\u00a0vyhral. My sme hrali opatrne a takto sa nevyhr\u00e1va.\u201c<\/i><\/p>\n","protected":false},"excerpt":{"rendered":"<p>Po eur\u00f3pskej ceste v Challenge Cupe vycestovali \u017eeny VKP Bratislava do Slovenskej \u013dup\u010de, kde sa v 8. kole predstavili proti VK Pirane Brusno a prehrali a\u017e v tajbrejku, \u010d\u00edm si zo stredn\u00e9ho Slovenska odviezli bod.<\/p>\n","protected":false},"author":3,"featured_media":8317,"comment_status":"closed","ping_status":"open","sticky":false,"template":"","format":"standard","meta":{"_monsterinsights_skip_tracking":false,"_monsterinsights_sitenote_active":false,"_monsterinsights_sitenote_note":"","_monsterinsights_sitenote_category":0,"footnotes":""},"categories":[48],"tags":[],"class_list":["post-8403","post","type-post","status-publish","format-standard","has-post-thumbnail","hentry","category-zeny"],"yoast_head":"<!-- This site is optimized with the Yoast SEO plugin v25.6 - https:\/\/yoast.com\/wordpress\/plugins\/seo\/ -->\n<title>Dr\u00e1mu rozl\u00faskol a\u017e tajbrejk, z Brusna s bodom - VK SLOVAN Bratislava<\/title>\n<meta name=\"description\" content=\"Po eur\u00f3pskej ceste v Challenge Cupe vycestovali \u017eeny VKP Bratislava do Slovenskej \u013dup\u010de, kde sa v 8. kole predstavili proti VK Pirane Brusno a prehrali a\u017e v tajbrejku, \u010d\u00edm si zo stredn\u00e9ho Slovenska odviezli bod.\" \/>\n<meta name=\"robots\" content=\"index, follow, max-snippet:-1, max-image-preview:large, max-video-preview:-1\" \/>\n<link rel=\"canonical\" href=\"https:\/\/www.vkpbratislava.sk\/?p=8403\" \/>\n<meta property=\"og:locale\" content=\"sk_SK\" \/>\n<meta property=\"og:type\" content=\"article\" \/>\n<meta property=\"og:title\" content=\"Dr\u00e1mu rozl\u00faskol a\u017e tajbrejk, z Brusna s bodom - VK SLOVAN Bratislava\" \/>\n<meta property=\"og:description\" content=\"Po eur\u00f3pskej ceste v Challenge Cupe vycestovali \u017eeny VKP Bratislava do Slovenskej \u013dup\u010de, kde sa v 8. kole predstavili proti VK Pirane Brusno a prehrali a\u017e v tajbrejku, \u010d\u00edm si zo stredn\u00e9ho Slovenska odviezli bod.\" \/>\n<meta property=\"og:url\" content=\"https:\/\/www.vkpbratislava.sk\/?p=8403\" \/>\n<meta property=\"og:site_name\" content=\"VK SLOVAN Bratislava\" \/>\n<meta property=\"article:published_time\" content=\"2021-11-07T08:19:18+00:00\" \/>\n<meta property=\"og:image\" content=\"https:\/\/www.vkpbratislava.sk\/wp-content\/uploads\/2021\/11\/20211102_IgorUrban_VKP-Atheny-Set-2-a-3_DSC01107-1280x854.jpg\" \/>\n\t<meta property=\"og:image:width\" content=\"1280\" \/>\n\t<meta property=\"og:image:height\" content=\"854\" \/>\n\t<meta property=\"og:image:type\" content=\"image\/jpeg\" \/>\n<meta name=\"author\" content=\"jenca\" \/>\n<meta name=\"twitter:card\" content=\"summary_large_image\" \/>\n<meta name=\"twitter:label1\" content=\"Autor\" \/>\n\t<meta name=\"twitter:data1\" content=\"jenca\" \/>\n\t<meta name=\"twitter:label2\" content=\"Predpokladan\u00fd \u010das \u010d\u00edtania\" \/>\n\t<meta name=\"twitter:data2\" content=\"1 min\u00fata\" \/>\n<script type=\"application\/ld+json\" class=\"yoast-schema-graph\">{\"@context\":\"https:\/\/schema.org\",\"@graph\":[{\"@type\":\"Article\",\"@id\":\"https:\/\/www.vkpbratislava.sk\/?p=8403#article\",\"isPartOf\":{\"@id\":\"https:\/\/www.vkpbratislava.sk\/?p=8403\"},\"author\":{\"name\":\"jenca\",\"@id\":\"https:\/\/www.vkpbratislava.sk\/#\/schema\/person\/7037e769f9515aa58493d1b5852c4c50\"},\"headline\":\"Dr\u00e1mu rozl\u00faskol a\u017e tajbrejk, z Brusna s bodom\",\"datePublished\":\"2021-11-07T08:19:18+00:00\",\"mainEntityOfPage\":{\"@id\":\"https:\/\/www.vkpbratislava.sk\/?p=8403\"},\"wordCount\":215,\"publisher\":{\"@id\":\"https:\/\/www.vkpbratislava.sk\/#organization\"},\"image\":{\"@id\":\"https:\/\/www.vkpbratislava.sk\/?p=8403#primaryimage\"},\"thumbnailUrl\":\"https:\/\/www.vkpbratislava.sk\/wp-content\/uploads\/2021\/11\/20211102_IgorUrban_VKP-Atheny-Set-2-a-3_DSC01107.jpg\",\"articleSection\":[\"\u017deny\"],\"inLanguage\":\"sk-SK\"},{\"@type\":\"WebPage\",\"@id\":\"https:\/\/www.vkpbratislava.sk\/?p=8403\",\"url\":\"https:\/\/www.vkpbratislava.sk\/?p=8403\",\"name\":\"Dr\u00e1mu rozl\u00faskol a\u017e tajbrejk, z Brusna s bodom - VK SLOVAN Bratislava\",\"isPartOf\":{\"@id\":\"https:\/\/www.vkpbratislava.sk\/#website\"},\"primaryImageOfPage\":{\"@id\":\"https:\/\/www.vkpbratislava.sk\/?p=8403#primaryimage\"},\"image\":{\"@id\":\"https:\/\/www.vkpbratislava.sk\/?p=8403#primaryimage\"},\"thumbnailUrl\":\"https:\/\/www.vkpbratislava.sk\/wp-content\/uploads\/2021\/11\/20211102_IgorUrban_VKP-Atheny-Set-2-a-3_DSC01107.jpg\",\"datePublished\":\"2021-11-07T08:19:18+00:00\",\"description\":\"Po eur\u00f3pskej ceste v Challenge Cupe vycestovali \u017eeny VKP Bratislava do Slovenskej \u013dup\u010de, kde sa v 8. kole predstavili proti VK Pirane Brusno a prehrali a\u017e v tajbrejku, \u010d\u00edm si zo stredn\u00e9ho Slovenska odviezli bod.\",\"breadcrumb\":{\"@id\":\"https:\/\/www.vkpbratislava.sk\/?p=8403#breadcrumb\"},\"inLanguage\":\"sk-SK\",\"potentialAction\":[{\"@type\":\"ReadAction\",\"target\":[\"https:\/\/www.vkpbratislava.sk\/?p=8403\"]}]},{\"@type\":\"ImageObject\",\"inLanguage\":\"sk-SK\",\"@id\":\"https:\/\/www.vkpbratislava.sk\/?p=8403#primaryimage\",\"url\":\"https:\/\/www.vkpbratislava.sk\/wp-content\/uploads\/2021\/11\/20211102_IgorUrban_VKP-Atheny-Set-2-a-3_DSC01107.jpg\",\"contentUrl\":\"https:\/\/www.vkpbratislava.sk\/wp-content\/uploads\/2021\/11\/20211102_IgorUrban_VKP-Atheny-Set-2-a-3_DSC01107.jpg\",\"width\":2500,\"height\":1667,\"caption\":\"Photos during VKP Atheny Set 2 a 3 at Athen, Greece onNovember-02-2021. Photo: iurban@iurban.sk\"},{\"@type\":\"BreadcrumbList\",\"@id\":\"https:\/\/www.vkpbratislava.sk\/?p=8403#breadcrumb\",\"itemListElement\":[{\"@type\":\"ListItem\",\"position\":1,\"name\":\"Domov\",\"item\":\"https:\/\/www.vkpbratislava.sk\/\"},{\"@type\":\"ListItem\",\"position\":2,\"name\":\"Dr\u00e1mu rozl\u00faskol a\u017e tajbrejk, z Brusna s bodom\"}]},{\"@type\":\"WebSite\",\"@id\":\"https:\/\/www.vkpbratislava.sk\/#website\",\"url\":\"https:\/\/www.vkpbratislava.sk\/\",\"name\":\"VK SLOVAN Bratislava\",\"description\":\"Volejbalov\u00fd klub\",\"publisher\":{\"@id\":\"https:\/\/www.vkpbratislava.sk\/#organization\"},\"potentialAction\":[{\"@type\":\"SearchAction\",\"target\":{\"@type\":\"EntryPoint\",\"urlTemplate\":\"https:\/\/www.vkpbratislava.sk\/?s={search_term_string}\"},\"query-input\":{\"@type\":\"PropertyValueSpecification\",\"valueRequired\":true,\"valueName\":\"search_term_string\"}}],\"inLanguage\":\"sk-SK\"},{\"@type\":\"Organization\",\"@id\":\"https:\/\/www.vkpbratislava.sk\/#organization\",\"name\":\"VKP Bratislava\",\"url\":\"https:\/\/www.vkpbratislava.sk\/\",\"logo\":{\"@type\":\"ImageObject\",\"inLanguage\":\"sk-SK\",\"@id\":\"https:\/\/www.vkpbratislava.sk\/#\/schema\/logo\/image\/\",\"url\":\"https:\/\/www.vkpbratislava.sk\/wp-content\/uploads\/2020\/10\/vkpBA.png\",\"contentUrl\":\"https:\/\/www.vkpbratislava.sk\/wp-content\/uploads\/2020\/10\/vkpBA.png\",\"width\":600,\"height\":600,\"caption\":\"VKP Bratislava\"},\"image\":{\"@id\":\"https:\/\/www.vkpbratislava.sk\/#\/schema\/logo\/image\/\"}},{\"@type\":\"Person\",\"@id\":\"https:\/\/www.vkpbratislava.sk\/#\/schema\/person\/7037e769f9515aa58493d1b5852c4c50\",\"name\":\"jenca\",\"image\":{\"@type\":\"ImageObject\",\"inLanguage\":\"sk-SK\",\"@id\":\"https:\/\/www.vkpbratislava.sk\/#\/schema\/person\/image\/\",\"url\":\"https:\/\/secure.gravatar.com\/avatar\/67aa89e9aab2911bbd0c6fbf0a891ea8d80c207c9b6a6e2c96e13fc2f16e536d?s=96&d=mm&r=g\",\"contentUrl\":\"https:\/\/secure.gravatar.com\/avatar\/67aa89e9aab2911bbd0c6fbf0a891ea8d80c207c9b6a6e2c96e13fc2f16e536d?s=96&d=mm&r=g\",\"caption\":\"jenca\"},\"url\":\"https:\/\/www.vkpbratislava.sk\/?author=3\"}]}<\/script>\n<!-- \/ Yoast SEO plugin. -->","yoast_head_json":{"title":"Dr\u00e1mu rozl\u00faskol a\u017e tajbrejk, z Brusna s bodom - VK SLOVAN Bratislava","description":"Po eur\u00f3pskej ceste v Challenge Cupe vycestovali \u017eeny VKP Bratislava do Slovenskej \u013dup\u010de, kde sa v 8. kole predstavili proti VK Pirane Brusno a prehrali a\u017e v tajbrejku, \u010d\u00edm si zo stredn\u00e9ho Slovenska odviezli bod.","robots":{"index":"index","follow":"follow","max-snippet":"max-snippet:-1","max-image-preview":"max-image-preview:large","max-video-preview":"max-video-preview:-1"},"canonical":"https:\/\/www.vkpbratislava.sk\/?p=8403","og_locale":"sk_SK","og_type":"article","og_title":"Dr\u00e1mu rozl\u00faskol a\u017e tajbrejk, z Brusna s bodom - VK SLOVAN Bratislava","og_description":"Po eur\u00f3pskej ceste v Challenge Cupe vycestovali \u017eeny VKP Bratislava do Slovenskej \u013dup\u010de, kde sa v 8. kole predstavili proti VK Pirane Brusno a prehrali a\u017e v tajbrejku, \u010d\u00edm si zo stredn\u00e9ho Slovenska odviezli bod.","og_url":"https:\/\/www.vkpbratislava.sk\/?p=8403","og_site_name":"VK SLOVAN Bratislava","article_published_time":"2021-11-07T08:19:18+00:00","og_image":[{"width":1280,"height":854,"url":"https:\/\/www.vkpbratislava.sk\/wp-content\/uploads\/2021\/11\/20211102_IgorUrban_VKP-Atheny-Set-2-a-3_DSC01107-1280x854.jpg","type":"image\/jpeg"}],"author":"jenca","twitter_card":"summary_large_image","twitter_misc":{"Autor":"jenca","Predpokladan\u00fd \u010das \u010d\u00edtania":"1 min\u00fata"},"schema":{"@context":"https:\/\/schema.org","@graph":[{"@type":"Article","@id":"https:\/\/www.vkpbratislava.sk\/?p=8403#article","isPartOf":{"@id":"https:\/\/www.vkpbratislava.sk\/?p=8403"},"author":{"name":"jenca","@id":"https:\/\/www.vkpbratislava.sk\/#\/schema\/person\/7037e769f9515aa58493d1b5852c4c50"},"headline":"Dr\u00e1mu rozl\u00faskol a\u017e tajbrejk, z Brusna s bodom","datePublished":"2021-11-07T08:19:18+00:00","mainEntityOfPage":{"@id":"https:\/\/www.vkpbratislava.sk\/?p=8403"},"wordCount":215,"publisher":{"@id":"https:\/\/www.vkpbratislava.sk\/#organization"},"image":{"@id":"https:\/\/www.vkpbratislava.sk\/?p=8403#primaryimage"},"thumbnailUrl":"https:\/\/www.vkpbratislava.sk\/wp-content\/uploads\/2021\/11\/20211102_IgorUrban_VKP-Atheny-Set-2-a-3_DSC01107.jpg","articleSection":["\u017deny"],"inLanguage":"sk-SK"},{"@type":"WebPage","@id":"https:\/\/www.vkpbratislava.sk\/?p=8403","url":"https:\/\/www.vkpbratislava.sk\/?p=8403","name":"Dr\u00e1mu rozl\u00faskol a\u017e tajbrejk, z Brusna s bodom - VK SLOVAN Bratislava","isPartOf":{"@id":"https:\/\/www.vkpbratislava.sk\/#website"},"primaryImageOfPage":{"@id":"https:\/\/www.vkpbratislava.sk\/?p=8403#primaryimage"},"image":{"@id":"https:\/\/www.vkpbratislava.sk\/?p=8403#primaryimage"},"thumbnailUrl":"https:\/\/www.vkpbratislava.sk\/wp-content\/uploads\/2021\/11\/20211102_IgorUrban_VKP-Atheny-Set-2-a-3_DSC01107.jpg","datePublished":"2021-11-07T08:19:18+00:00","description":"Po eur\u00f3pskej ceste v Challenge Cupe vycestovali \u017eeny VKP Bratislava do Slovenskej \u013dup\u010de, kde sa v 8. kole predstavili proti VK Pirane Brusno a prehrali a\u017e v tajbrejku, \u010d\u00edm si zo stredn\u00e9ho Slovenska odviezli bod.","breadcrumb":{"@id":"https:\/\/www.vkpbratislava.sk\/?p=8403#breadcrumb"},"inLanguage":"sk-SK","potentialAction":[{"@type":"ReadAction","target":["https:\/\/www.vkpbratislava.sk\/?p=8403"]}]},{"@type":"ImageObject","inLanguage":"sk-SK","@id":"https:\/\/www.vkpbratislava.sk\/?p=8403#primaryimage","url":"https:\/\/www.vkpbratislava.sk\/wp-content\/uploads\/2021\/11\/20211102_IgorUrban_VKP-Atheny-Set-2-a-3_DSC01107.jpg","contentUrl":"https:\/\/www.vkpbratislava.sk\/wp-content\/uploads\/2021\/11\/20211102_IgorUrban_VKP-Atheny-Set-2-a-3_DSC01107.jpg","width":2500,"height":1667,"caption":"Photos during VKP Atheny Set 2 a 3 at Athen, Greece onNovember-02-2021. Photo: iurban@iurban.sk"},{"@type":"BreadcrumbList","@id":"https:\/\/www.vkpbratislava.sk\/?p=8403#breadcrumb","itemListElement":[{"@type":"ListItem","position":1,"name":"Domov","item":"https:\/\/www.vkpbratislava.sk\/"},{"@type":"ListItem","position":2,"name":"Dr\u00e1mu rozl\u00faskol a\u017e tajbrejk, z Brusna s bodom"}]},{"@type":"WebSite","@id":"https:\/\/www.vkpbratislava.sk\/#website","url":"https:\/\/www.vkpbratislava.sk\/","name":"VK SLOVAN Bratislava","description":"Volejbalov\u00fd klub","publisher":{"@id":"https:\/\/www.vkpbratislava.sk\/#organization"},"potentialAction":[{"@type":"SearchAction","target":{"@type":"EntryPoint","urlTemplate":"https:\/\/www.vkpbratislava.sk\/?s={search_term_string}"},"query-input":{"@type":"PropertyValueSpecification","valueRequired":true,"valueName":"search_term_string"}}],"inLanguage":"sk-SK"},{"@type":"Organization","@id":"https:\/\/www.vkpbratislava.sk\/#organization","name":"VKP Bratislava","url":"https:\/\/www.vkpbratislava.sk\/","logo":{"@type":"ImageObject","inLanguage":"sk-SK","@id":"https:\/\/www.vkpbratislava.sk\/#\/schema\/logo\/image\/","url":"https:\/\/www.vkpbratislava.sk\/wp-content\/uploads\/2020\/10\/vkpBA.png","contentUrl":"https:\/\/www.vkpbratislava.sk\/wp-content\/uploads\/2020\/10\/vkpBA.png","width":600,"height":600,"caption":"VKP Bratislava"},"image":{"@id":"https:\/\/www.vkpbratislava.sk\/#\/schema\/logo\/image\/"}},{"@type":"Person","@id":"https:\/\/www.vkpbratislava.sk\/#\/schema\/person\/7037e769f9515aa58493d1b5852c4c50","name":"jenca","image":{"@type":"ImageObject","inLanguage":"sk-SK","@id":"https:\/\/www.vkpbratislava.sk\/#\/schema\/person\/image\/","url":"https:\/\/secure.gravatar.com\/avatar\/67aa89e9aab2911bbd0c6fbf0a891ea8d80c207c9b6a6e2c96e13fc2f16e536d?s=96&d=mm&r=g","contentUrl":"https:\/\/secure.gravatar.com\/avatar\/67aa89e9aab2911bbd0c6fbf0a891ea8d80c207c9b6a6e2c96e13fc2f16e536d?s=96&d=mm&r=g","caption":"jenca"},"url":"https:\/\/www.vkpbratislava.sk\/?author=3"}]}},"_links":{"self":[{"href":"https:\/\/www.vkpbratislava.sk\/index.php?rest_route=\/wp\/v2\/posts\/8403","targetHints":{"allow":["GET"]}}],"collection":[{"href":"https:\/\/www.vkpbratislava.sk\/index.php?rest_route=\/wp\/v2\/posts"}],"about":[{"href":"https:\/\/www.vkpbratislava.sk\/index.php?rest_route=\/wp\/v2\/types\/post"}],"author":[{"embeddable":true,"href":"https:\/\/www.vkpbratislava.sk\/index.php?rest_route=\/wp\/v2\/users\/3"}],"replies":[{"embeddable":true,"href":"https:\/\/www.vkpbratislava.sk\/index.php?rest_route=%2Fwp%2Fv2%2Fcomments&post=8403"}],"version-history":[{"count":1,"href":"https:\/\/www.vkpbratislava.sk\/index.php?rest_route=\/wp\/v2\/posts\/8403\/revisions"}],"predecessor-version":[{"id":8404,"href":"https:\/\/www.vkpbratislava.sk\/index.php?rest_route=\/wp\/v2\/posts\/8403\/revisions\/8404"}],"wp:featuredmedia":[{"embeddable":true,"href":"https:\/\/www.vkpbratislava.sk\/index.php?rest_route=\/wp\/v2\/media\/8317"}],"wp:attachment":[{"href":"https:\/\/www.vkpbratislava.sk\/index.php?rest_route=%2Fwp%2Fv2%2Fmedia&parent=8403"}],"wp:term":[{"taxonomy":"category","embeddable":true,"href":"https:\/\/www.vkpbratislava.sk\/index.php?rest_route=%2Fwp%2Fv2%2Fcategories&post=8403"},{"taxonomy":"post_tag","embeddable":true,"href":"https:\/\/www.vkpbratislava.sk\/index.php?rest_route=%2Fwp%2Fv2%2Ftags&post=8403"}],"curies":[{"name":"wp","href":"https:\/\/api.w.org\/{rel}","templated":true}]}}