{"id":9494,"date":"2021-12-04T22:16:07","date_gmt":"2021-12-04T21:16:07","guid":{"rendered":"https:\/\/www.vkpbratislava.sk\/?p=9494"},"modified":"2021-12-04T22:16:07","modified_gmt":"2021-12-04T21:16:07","slug":"zeny-naplno-muzi-len-s-bodom","status":"publish","type":"post","link":"https:\/\/www.vkpbratislava.sk\/?p=9494","title":{"rendered":"\u017deny naplno, mu\u017ei len s bodom"},"content":{"rendered":"<p><strong>K\u00fdm \u017eeny VKP Bratislava bodovali v Pezinku naplno a zv\u00ed\u0165azili 3:1, mu\u017ei z\u00edskali v dom\u00e1com stretnut\u00ed so Svidn\u00edkom len 1 bod, ke\u010f prehrali v tajbrejku.<\/strong><\/p>\n<p><span style=\"text-decoration: underline;\">Zauj\u00edmavosti:<\/span><\/p>\n<ul>\n<li>S\u00faboj \u017eien v Pezinku bol z\u00e1rove\u0148 prv\u00fdm z\u00e1pasom 1. kola Slovensk\u00e9ho poh\u00e1ra. Odveta sa bude hra\u0165 v Bratislave<\/li>\n<li>V drese mu\u017eov sa s \u010d\u00edslom 5 na drese prv\u00fdkr\u00e1t v sez\u00f3ne objavil nahr\u00e1va\u010d Tom\u00e1\u0161 &#8222;To\u0161o&#8220; Holl\u00fd, ktor\u00fd obliekal dres &#8222;policajtov&#8220; aj v minulej sez\u00f3ne<\/li>\n<li>Premi\u00e9ru v drese VKP si odkr\u00fatil aj Boris Gera, ktor\u00fd nazbieral 3 body<\/li>\n<\/ul>\n<p><strong>\u0160VK Pezinok \u2013 VKP Bratislava 1:3 (-17, -23, 19, -10)<\/strong><br \/>\n<strong>Rozhodovali:<\/strong> Schimpl a Kr\u00e1lovi\u010d, bez div\u00e1kov.<\/p>\n<p><strong>VKP: <\/strong>P\u00edse\u010dn\u00e1 14, A. Vajdov\u00e1 13, Spev\u00e1r 9, Kov\u00e1\u010dov\u00e1 9, Smie\u0161kov\u00e1 5, Koh\u00fatov\u00e1 2, liberky Mattov\u00e1 a\u00a0Fartelov\u00e1 (Sahin 9, N\u00e1vratov\u00e1 4, Ma\u0165a\u0161ov\u00e1). Tr\u00e9ner: J. Han\u010d\u00e1k.<\/p>\n<p><strong>Jaroslav Han\u010d\u00e1k, tr\u00e9ner VKP:<\/strong> <i>\u201e<\/i>Gratulujem diev\u010dat\u00e1m k v\u00ed\u0165azstvu. Mrz\u00ed ma ten prehrat\u00fd set, za ktor\u00fd sme si mohli aj my. Boli sme jednozna\u010dne lep\u0161\u00ed na \u00fatoku, z \u010dasti na prihr\u00e1vke i servise. V t\u00fdchto dvoch \u010dinnsotiach sme urobili dos\u0165 ve\u013ea ch\u00fdb, \u010do ma mrz\u00ed. V\u00f4bec som nebol v tomto z\u00e1pase spokojn\u00fd s na\u0161ou obranou, hlavne v s\u00fahre. \u010casto sme sa zr\u00e1\u017eali, neboli sme na svojom mieste a v tomto sa mus\u00edme posun\u00fa\u0165, ke\u010f chceme by\u0165 \u00faspe\u0161n\u00ed aj proti silnej\u0161\u00edm dru\u017estv\u00e1m.&#8220;<\/p>\n<p><strong>Hr\u00e1\u010dka z\u00e1pasu za VKP:<\/strong> <i>\u201e<\/i>Lucia Spev\u00e1r&#8220;<\/p>\n<p><strong>VKP Bratislava \u2013 TJ Sl\u00e1via Svidn\u00edk 2:3 (-25, -19, 18, 23, -6)<\/strong><br \/>\n<strong>Rozhodovali:<\/strong> Sarka a Jur\u00e1\u010dek, bez div\u00e1kov.<\/p>\n<p><strong>VKP: <\/strong>Truba\u010d 26,\u00a0Yacobou 17, Kostol\u00e1ni 6, Tarabus 5, Pre\u0161insk\u00fd 2, Banda, libero Kurej (Malina 6, Billich 5, Gera 3, Holl\u00fd). Tr\u00e9ner: M. Kaln\u00fd.<\/p>\n<p><strong>Hr\u00e1\u010d z\u00e1pasu za VKP:<\/strong> Tom\u00e1\u0161 Holl\u00fd<\/p>\n<p><strong>Mat\u00fa\u0161 Kaln\u00fd, tr\u00e9ner VKP:<\/strong> <i>\u201e\u0160koda prv\u00e9ho a\u00a0piateho setu. Prv\u00fd set sme prehrali v\u00a0koncovke. Potom sme stav z\u00e1pasu vyrovnali na 2:2, ale vlastn\u00fdmi chybami sme si prehrali tajbrejk. Spravili sme technick\u00e9 chyby a\u00a0s\u00faper n\u00e1m odsko\u010dil na 2:7 a\u00a0za tak\u00e9ho stavu sa to \u0165a\u017eko dobieha. Potrebujeme v\u00ed\u0165azstvo proti \u0165a\u017ek\u00e9mu s\u00faperovi a\u00a0potom sa to u\u017e rozbehne. Prv\u00e9 tak\u00e9 v\u00ed\u0165azstvo b\u00fdva \u0165a\u017ek\u00e9.&#8220;<\/i><\/p>\n","protected":false},"excerpt":{"rendered":"<p>K\u00fdm \u017eeny VKP Bratislava bodovali v Pezinku naplno a zv\u00ed\u0165azili 3:1, mu\u017ei z\u00edskali v dom\u00e1com stretnut\u00ed so Svidn\u00edkom len 1 bod, ke\u010f prehrali v tajbrejku.<\/p>\n","protected":false},"author":3,"featured_media":9534,"comment_status":"closed","ping_status":"closed","sticky":false,"template":"","format":"standard","meta":{"_monsterinsights_skip_tracking":false,"_monsterinsights_sitenote_active":false,"_monsterinsights_sitenote_note":"","_monsterinsights_sitenote_category":0,"footnotes":""},"categories":[47,48],"tags":[],"class_list":["post-9494","post","type-post","status-publish","format-standard","has-post-thumbnail","hentry","category-muzi","category-zeny"],"yoast_head":"<!-- This site is optimized with the Yoast SEO plugin v25.6 - https:\/\/yoast.com\/wordpress\/plugins\/seo\/ -->\n<title>\u017deny naplno, mu\u017ei len s bodom - VK SLOVAN Bratislava<\/title>\n<meta name=\"description\" content=\"K\u00fdm \u017eeny VKP Bratislava bodovali v Pezinku naplno a zv\u00ed\u0165azili 3:1, mu\u017ei z\u00edskali v dom\u00e1com stretnut\u00ed so Svidn\u00edkom len 1 bod, ke\u010f prehrali v tajbrejku.\" \/>\n<meta name=\"robots\" content=\"index, follow, max-snippet:-1, max-image-preview:large, max-video-preview:-1\" \/>\n<link rel=\"canonical\" href=\"https:\/\/www.vkpbratislava.sk\/?p=9494\" \/>\n<meta property=\"og:locale\" content=\"sk_SK\" \/>\n<meta property=\"og:type\" content=\"article\" \/>\n<meta property=\"og:title\" content=\"\u017deny naplno, mu\u017ei len s bodom - VK SLOVAN Bratislava\" \/>\n<meta property=\"og:description\" content=\"K\u00fdm \u017eeny VKP Bratislava bodovali v Pezinku naplno a zv\u00ed\u0165azili 3:1, mu\u017ei z\u00edskali v dom\u00e1com stretnut\u00ed so Svidn\u00edkom len 1 bod, ke\u010f prehrali v tajbrejku.\" \/>\n<meta property=\"og:url\" content=\"https:\/\/www.vkpbratislava.sk\/?p=9494\" \/>\n<meta property=\"og:site_name\" content=\"VK SLOVAN Bratislava\" \/>\n<meta property=\"article:published_time\" content=\"2021-12-04T21:16:07+00:00\" \/>\n<meta property=\"og:image\" content=\"https:\/\/www.vkpbratislava.sk\/wp-content\/uploads\/2021\/12\/DF1A2585.jpg\" \/>\n\t<meta property=\"og:image:width\" content=\"2048\" \/>\n\t<meta property=\"og:image:height\" content=\"1365\" \/>\n\t<meta property=\"og:image:type\" content=\"image\/jpeg\" \/>\n<meta name=\"author\" content=\"jenca\" \/>\n<meta name=\"twitter:card\" content=\"summary_large_image\" \/>\n<meta name=\"twitter:label1\" content=\"Autor\" \/>\n\t<meta name=\"twitter:data1\" content=\"jenca\" \/>\n\t<meta name=\"twitter:label2\" content=\"Predpokladan\u00fd \u010das \u010d\u00edtania\" \/>\n\t<meta name=\"twitter:data2\" content=\"2 min\u00faty\" \/>\n<script type=\"application\/ld+json\" class=\"yoast-schema-graph\">{\"@context\":\"https:\/\/schema.org\",\"@graph\":[{\"@type\":\"Article\",\"@id\":\"https:\/\/www.vkpbratislava.sk\/?p=9494#article\",\"isPartOf\":{\"@id\":\"https:\/\/www.vkpbratislava.sk\/?p=9494\"},\"author\":{\"name\":\"jenca\",\"@id\":\"https:\/\/www.vkpbratislava.sk\/#\/schema\/person\/7037e769f9515aa58493d1b5852c4c50\"},\"headline\":\"\u017deny naplno, mu\u017ei len s bodom\",\"datePublished\":\"2021-12-04T21:16:07+00:00\",\"mainEntityOfPage\":{\"@id\":\"https:\/\/www.vkpbratislava.sk\/?p=9494\"},\"wordCount\":380,\"publisher\":{\"@id\":\"https:\/\/www.vkpbratislava.sk\/#organization\"},\"image\":{\"@id\":\"https:\/\/www.vkpbratislava.sk\/?p=9494#primaryimage\"},\"thumbnailUrl\":\"https:\/\/www.vkpbratislava.sk\/wp-content\/uploads\/2021\/12\/DF1A2585.jpg\",\"articleSection\":[\"Mu\u017ei\",\"\u017deny\"],\"inLanguage\":\"sk-SK\"},{\"@type\":\"WebPage\",\"@id\":\"https:\/\/www.vkpbratislava.sk\/?p=9494\",\"url\":\"https:\/\/www.vkpbratislava.sk\/?p=9494\",\"name\":\"\u017deny naplno, mu\u017ei len s bodom - VK SLOVAN Bratislava\",\"isPartOf\":{\"@id\":\"https:\/\/www.vkpbratislava.sk\/#website\"},\"primaryImageOfPage\":{\"@id\":\"https:\/\/www.vkpbratislava.sk\/?p=9494#primaryimage\"},\"image\":{\"@id\":\"https:\/\/www.vkpbratislava.sk\/?p=9494#primaryimage\"},\"thumbnailUrl\":\"https:\/\/www.vkpbratislava.sk\/wp-content\/uploads\/2021\/12\/DF1A2585.jpg\",\"datePublished\":\"2021-12-04T21:16:07+00:00\",\"description\":\"K\u00fdm \u017eeny VKP Bratislava bodovali v Pezinku naplno a zv\u00ed\u0165azili 3:1, mu\u017ei z\u00edskali v dom\u00e1com stretnut\u00ed so Svidn\u00edkom len 1 bod, ke\u010f prehrali v tajbrejku.\",\"breadcrumb\":{\"@id\":\"https:\/\/www.vkpbratislava.sk\/?p=9494#breadcrumb\"},\"inLanguage\":\"sk-SK\",\"potentialAction\":[{\"@type\":\"ReadAction\",\"target\":[\"https:\/\/www.vkpbratislava.sk\/?p=9494\"]}]},{\"@type\":\"ImageObject\",\"inLanguage\":\"sk-SK\",\"@id\":\"https:\/\/www.vkpbratislava.sk\/?p=9494#primaryimage\",\"url\":\"https:\/\/www.vkpbratislava.sk\/wp-content\/uploads\/2021\/12\/DF1A2585.jpg\",\"contentUrl\":\"https:\/\/www.vkpbratislava.sk\/wp-content\/uploads\/2021\/12\/DF1A2585.jpg\",\"width\":2048,\"height\":1365},{\"@type\":\"BreadcrumbList\",\"@id\":\"https:\/\/www.vkpbratislava.sk\/?p=9494#breadcrumb\",\"itemListElement\":[{\"@type\":\"ListItem\",\"position\":1,\"name\":\"Domov\",\"item\":\"https:\/\/www.vkpbratislava.sk\/\"},{\"@type\":\"ListItem\",\"position\":2,\"name\":\"\u017deny naplno, mu\u017ei len s bodom\"}]},{\"@type\":\"WebSite\",\"@id\":\"https:\/\/www.vkpbratislava.sk\/#website\",\"url\":\"https:\/\/www.vkpbratislava.sk\/\",\"name\":\"VK SLOVAN Bratislava\",\"description\":\"Volejbalov\u00fd klub\",\"publisher\":{\"@id\":\"https:\/\/www.vkpbratislava.sk\/#organization\"},\"potentialAction\":[{\"@type\":\"SearchAction\",\"target\":{\"@type\":\"EntryPoint\",\"urlTemplate\":\"https:\/\/www.vkpbratislava.sk\/?s={search_term_string}\"},\"query-input\":{\"@type\":\"PropertyValueSpecification\",\"valueRequired\":true,\"valueName\":\"search_term_string\"}}],\"inLanguage\":\"sk-SK\"},{\"@type\":\"Organization\",\"@id\":\"https:\/\/www.vkpbratislava.sk\/#organization\",\"name\":\"VKP Bratislava\",\"url\":\"https:\/\/www.vkpbratislava.sk\/\",\"logo\":{\"@type\":\"ImageObject\",\"inLanguage\":\"sk-SK\",\"@id\":\"https:\/\/www.vkpbratislava.sk\/#\/schema\/logo\/image\/\",\"url\":\"https:\/\/www.vkpbratislava.sk\/wp-content\/uploads\/2020\/10\/vkpBA.png\",\"contentUrl\":\"https:\/\/www.vkpbratislava.sk\/wp-content\/uploads\/2020\/10\/vkpBA.png\",\"width\":600,\"height\":600,\"caption\":\"VKP Bratislava\"},\"image\":{\"@id\":\"https:\/\/www.vkpbratislava.sk\/#\/schema\/logo\/image\/\"}},{\"@type\":\"Person\",\"@id\":\"https:\/\/www.vkpbratislava.sk\/#\/schema\/person\/7037e769f9515aa58493d1b5852c4c50\",\"name\":\"jenca\",\"image\":{\"@type\":\"ImageObject\",\"inLanguage\":\"sk-SK\",\"@id\":\"https:\/\/www.vkpbratislava.sk\/#\/schema\/person\/image\/\",\"url\":\"https:\/\/secure.gravatar.com\/avatar\/67aa89e9aab2911bbd0c6fbf0a891ea8d80c207c9b6a6e2c96e13fc2f16e536d?s=96&d=mm&r=g\",\"contentUrl\":\"https:\/\/secure.gravatar.com\/avatar\/67aa89e9aab2911bbd0c6fbf0a891ea8d80c207c9b6a6e2c96e13fc2f16e536d?s=96&d=mm&r=g\",\"caption\":\"jenca\"},\"url\":\"https:\/\/www.vkpbratislava.sk\/?author=3\"}]}<\/script>\n<!-- \/ Yoast SEO plugin. -->","yoast_head_json":{"title":"\u017deny naplno, mu\u017ei len s bodom - VK SLOVAN Bratislava","description":"K\u00fdm \u017eeny VKP Bratislava bodovali v Pezinku naplno a zv\u00ed\u0165azili 3:1, mu\u017ei z\u00edskali v dom\u00e1com stretnut\u00ed so Svidn\u00edkom len 1 bod, ke\u010f prehrali v tajbrejku.","robots":{"index":"index","follow":"follow","max-snippet":"max-snippet:-1","max-image-preview":"max-image-preview:large","max-video-preview":"max-video-preview:-1"},"canonical":"https:\/\/www.vkpbratislava.sk\/?p=9494","og_locale":"sk_SK","og_type":"article","og_title":"\u017deny naplno, mu\u017ei len s bodom - VK SLOVAN Bratislava","og_description":"K\u00fdm \u017eeny VKP Bratislava bodovali v Pezinku naplno a zv\u00ed\u0165azili 3:1, mu\u017ei z\u00edskali v dom\u00e1com stretnut\u00ed so Svidn\u00edkom len 1 bod, ke\u010f prehrali v tajbrejku.","og_url":"https:\/\/www.vkpbratislava.sk\/?p=9494","og_site_name":"VK SLOVAN Bratislava","article_published_time":"2021-12-04T21:16:07+00:00","og_image":[{"width":2048,"height":1365,"url":"https:\/\/www.vkpbratislava.sk\/wp-content\/uploads\/2021\/12\/DF1A2585.jpg","type":"image\/jpeg"}],"author":"jenca","twitter_card":"summary_large_image","twitter_misc":{"Autor":"jenca","Predpokladan\u00fd \u010das \u010d\u00edtania":"2 min\u00faty"},"schema":{"@context":"https:\/\/schema.org","@graph":[{"@type":"Article","@id":"https:\/\/www.vkpbratislava.sk\/?p=9494#article","isPartOf":{"@id":"https:\/\/www.vkpbratislava.sk\/?p=9494"},"author":{"name":"jenca","@id":"https:\/\/www.vkpbratislava.sk\/#\/schema\/person\/7037e769f9515aa58493d1b5852c4c50"},"headline":"\u017deny naplno, mu\u017ei len s bodom","datePublished":"2021-12-04T21:16:07+00:00","mainEntityOfPage":{"@id":"https:\/\/www.vkpbratislava.sk\/?p=9494"},"wordCount":380,"publisher":{"@id":"https:\/\/www.vkpbratislava.sk\/#organization"},"image":{"@id":"https:\/\/www.vkpbratislava.sk\/?p=9494#primaryimage"},"thumbnailUrl":"https:\/\/www.vkpbratislava.sk\/wp-content\/uploads\/2021\/12\/DF1A2585.jpg","articleSection":["Mu\u017ei","\u017deny"],"inLanguage":"sk-SK"},{"@type":"WebPage","@id":"https:\/\/www.vkpbratislava.sk\/?p=9494","url":"https:\/\/www.vkpbratislava.sk\/?p=9494","name":"\u017deny naplno, mu\u017ei len s bodom - VK SLOVAN Bratislava","isPartOf":{"@id":"https:\/\/www.vkpbratislava.sk\/#website"},"primaryImageOfPage":{"@id":"https:\/\/www.vkpbratislava.sk\/?p=9494#primaryimage"},"image":{"@id":"https:\/\/www.vkpbratislava.sk\/?p=9494#primaryimage"},"thumbnailUrl":"https:\/\/www.vkpbratislava.sk\/wp-content\/uploads\/2021\/12\/DF1A2585.jpg","datePublished":"2021-12-04T21:16:07+00:00","description":"K\u00fdm \u017eeny VKP Bratislava bodovali v Pezinku naplno a zv\u00ed\u0165azili 3:1, mu\u017ei z\u00edskali v dom\u00e1com stretnut\u00ed so Svidn\u00edkom len 1 bod, ke\u010f prehrali v tajbrejku.","breadcrumb":{"@id":"https:\/\/www.vkpbratislava.sk\/?p=9494#breadcrumb"},"inLanguage":"sk-SK","potentialAction":[{"@type":"ReadAction","target":["https:\/\/www.vkpbratislava.sk\/?p=9494"]}]},{"@type":"ImageObject","inLanguage":"sk-SK","@id":"https:\/\/www.vkpbratislava.sk\/?p=9494#primaryimage","url":"https:\/\/www.vkpbratislava.sk\/wp-content\/uploads\/2021\/12\/DF1A2585.jpg","contentUrl":"https:\/\/www.vkpbratislava.sk\/wp-content\/uploads\/2021\/12\/DF1A2585.jpg","width":2048,"height":1365},{"@type":"BreadcrumbList","@id":"https:\/\/www.vkpbratislava.sk\/?p=9494#breadcrumb","itemListElement":[{"@type":"ListItem","position":1,"name":"Domov","item":"https:\/\/www.vkpbratislava.sk\/"},{"@type":"ListItem","position":2,"name":"\u017deny naplno, mu\u017ei len s bodom"}]},{"@type":"WebSite","@id":"https:\/\/www.vkpbratislava.sk\/#website","url":"https:\/\/www.vkpbratislava.sk\/","name":"VK SLOVAN Bratislava","description":"Volejbalov\u00fd klub","publisher":{"@id":"https:\/\/www.vkpbratislava.sk\/#organization"},"potentialAction":[{"@type":"SearchAction","target":{"@type":"EntryPoint","urlTemplate":"https:\/\/www.vkpbratislava.sk\/?s={search_term_string}"},"query-input":{"@type":"PropertyValueSpecification","valueRequired":true,"valueName":"search_term_string"}}],"inLanguage":"sk-SK"},{"@type":"Organization","@id":"https:\/\/www.vkpbratislava.sk\/#organization","name":"VKP Bratislava","url":"https:\/\/www.vkpbratislava.sk\/","logo":{"@type":"ImageObject","inLanguage":"sk-SK","@id":"https:\/\/www.vkpbratislava.sk\/#\/schema\/logo\/image\/","url":"https:\/\/www.vkpbratislava.sk\/wp-content\/uploads\/2020\/10\/vkpBA.png","contentUrl":"https:\/\/www.vkpbratislava.sk\/wp-content\/uploads\/2020\/10\/vkpBA.png","width":600,"height":600,"caption":"VKP Bratislava"},"image":{"@id":"https:\/\/www.vkpbratislava.sk\/#\/schema\/logo\/image\/"}},{"@type":"Person","@id":"https:\/\/www.vkpbratislava.sk\/#\/schema\/person\/7037e769f9515aa58493d1b5852c4c50","name":"jenca","image":{"@type":"ImageObject","inLanguage":"sk-SK","@id":"https:\/\/www.vkpbratislava.sk\/#\/schema\/person\/image\/","url":"https:\/\/secure.gravatar.com\/avatar\/67aa89e9aab2911bbd0c6fbf0a891ea8d80c207c9b6a6e2c96e13fc2f16e536d?s=96&d=mm&r=g","contentUrl":"https:\/\/secure.gravatar.com\/avatar\/67aa89e9aab2911bbd0c6fbf0a891ea8d80c207c9b6a6e2c96e13fc2f16e536d?s=96&d=mm&r=g","caption":"jenca"},"url":"https:\/\/www.vkpbratislava.sk\/?author=3"}]}},"_links":{"self":[{"href":"https:\/\/www.vkpbratislava.sk\/index.php?rest_route=\/wp\/v2\/posts\/9494","targetHints":{"allow":["GET"]}}],"collection":[{"href":"https:\/\/www.vkpbratislava.sk\/index.php?rest_route=\/wp\/v2\/posts"}],"about":[{"href":"https:\/\/www.vkpbratislava.sk\/index.php?rest_route=\/wp\/v2\/types\/post"}],"author":[{"embeddable":true,"href":"https:\/\/www.vkpbratislava.sk\/index.php?rest_route=\/wp\/v2\/users\/3"}],"replies":[{"embeddable":true,"href":"https:\/\/www.vkpbratislava.sk\/index.php?rest_route=%2Fwp%2Fv2%2Fcomments&post=9494"}],"version-history":[{"count":1,"href":"https:\/\/www.vkpbratislava.sk\/index.php?rest_route=\/wp\/v2\/posts\/9494\/revisions"}],"predecessor-version":[{"id":9535,"href":"https:\/\/www.vkpbratislava.sk\/index.php?rest_route=\/wp\/v2\/posts\/9494\/revisions\/9535"}],"wp:featuredmedia":[{"embeddable":true,"href":"https:\/\/www.vkpbratislava.sk\/index.php?rest_route=\/wp\/v2\/media\/9534"}],"wp:attachment":[{"href":"https:\/\/www.vkpbratislava.sk\/index.php?rest_route=%2Fwp%2Fv2%2Fmedia&parent=9494"}],"wp:term":[{"taxonomy":"category","embeddable":true,"href":"https:\/\/www.vkpbratislava.sk\/index.php?rest_route=%2Fwp%2Fv2%2Fcategories&post=9494"},{"taxonomy":"post_tag","embeddable":true,"href":"https:\/\/www.vkpbratislava.sk\/index.php?rest_route=%2Fwp%2Fv2%2Ftags&post=9494"}],"curies":[{"name":"wp","href":"https:\/\/api.w.org\/{rel}","templated":true}]}}